{"id":30321,"date":"2020-12-10T10:03:28","date_gmt":"2020-12-10T14:03:28","guid":{"rendered":"http:\/\/blogdalucianaoliveira.com.br\/blog\/?p=30321"},"modified":"2020-12-10T10:03:34","modified_gmt":"2020-12-10T14:03:34","slug":"humanidade-celebra-neste-10-de-dezembro-o-dia-internacional-dos-direitos-humanos","status":"publish","type":"post","link":"http:\/\/blogdalucianaoliveira.com.br\/blog\/2020\/12\/10\/humanidade-celebra-neste-10-de-dezembro-o-dia-internacional-dos-direitos-humanos\/","title":{"rendered":"Humanidade celebra neste 10 de Dezembro o Dia Internacional dos Direitos Humanos"},"content":{"rendered":"\n<figure class=\"wp-block-image\"><img data-recalc-dims=\"1\" decoding=\"async\" src=\"https:\/\/i0.wp.com\/publisher-publish.s3.eu-central-1.amazonaws.com\/pb-brasil247\/swp\/jtjeq9\/media\/2020121006128_0c4caa540194dd2549bf5fdda4117e361d3aa8c758358f3eb8e41e1fa391a66b.jpeg?w=600&#038;ssl=1\" alt=\"\"\/><\/figure>\n\n\n\n<p><strong>247 &#8211;\u00a0<\/strong>A humanidade celebra neste 10 de Dezembro, em meio \u00e0 pandemia o 72\u00ba anivers\u00e1rio da Declara\u00e7\u00e3o Universal dos Direitos Humanos. <\/p>\n\n\n\n<!--more-->\n\n\n\n<p>O documento, que \u00e9 um dos fundamentais do sistema das Na\u00e7\u00f5es Unidas, foi adotado em 10 de dezembro de 1948, fruto da coopera\u00e7\u00e3o de representantes pol\u00edticos, jur\u00eddicos e culturais de diferentes na\u00e7\u00f5es, na Assembleia Geral da Organiza\u00e7\u00e3o das Na\u00e7\u00f5es Unidas (ONU).&nbsp;<\/p>\n\n\n\n<p>Pela primeira vez, foram institu\u00eddas normas comuns e universais para a defesa e prote\u00e7\u00e3o dos direitos humanos, independentemente de nacionalidade, cor, sexo e orienta\u00e7\u00e3o sexual, pol\u00edtica e religiosa, direitos que s\u00e3o cada vez mais violados por ditaduras, guerras e pol\u00edticas de desigualdade social e discriminat\u00f3rias de direitos. &nbsp;&nbsp;<br><\/p>\n","protected":false},"excerpt":{"rendered":"<p>247 &#8211;\u00a0A humanidade celebra neste 10 de Dezembro, em meio \u00e0 pandemia o 72\u00ba anivers\u00e1rio da Declara\u00e7\u00e3o Universal dos Direitos Humanos.<\/p>\n","protected":false},"author":1,"featured_media":0,"comment_status":"closed","ping_status":"open","sticky":false,"template":"","format":"standard","meta":{"_exactmetrics_skip_tracking":false,"_exactmetrics_sitenote_active":false,"_exactmetrics_sitenote_note":"","_exactmetrics_sitenote_category":0,"jetpack_post_was_ever_published":false,"_jetpack_newsletter_access":"","_jetpack_dont_email_post_to_subs":false,"_jetpack_newsletter_tier_id":0,"_jetpack_memberships_contains_paywalled_content":false,"_jetpack_memberships_contains_paid_content":false,"footnotes":"","jetpack_publicize_message":"","jetpack_publicize_feature_enabled":true,"jetpack_social_post_already_shared":true,"jetpack_social_options":{"image_generator_settings":{"template":"highway","enabled":false},"version":2}},"categories":[1],"tags":[],"class_list":["post-30321","post","type-post","status-publish","format-standard","hentry","category-notas"],"jetpack_publicize_connections":[],"jetpack_sharing_enabled":true,"jetpack_featured_media_url":"","jetpack_shortlink":"https:\/\/wp.me\/p7wKYW-7T3","jetpack-related-posts":[],"_links":{"self":[{"href":"http:\/\/blogdalucianaoliveira.com.br\/blog\/wp-json\/wp\/v2\/posts\/30321","targetHints":{"allow":["GET"]}}],"collection":[{"href":"http:\/\/blogdalucianaoliveira.com.br\/blog\/wp-json\/wp\/v2\/posts"}],"about":[{"href":"http:\/\/blogdalucianaoliveira.com.br\/blog\/wp-json\/wp\/v2\/types\/post"}],"author":[{"embeddable":true,"href":"http:\/\/blogdalucianaoliveira.com.br\/blog\/wp-json\/wp\/v2\/users\/1"}],"replies":[{"embeddable":true,"href":"http:\/\/blogdalucianaoliveira.com.br\/blog\/wp-json\/wp\/v2\/comments?post=30321"}],"version-history":[{"count":1,"href":"http:\/\/blogdalucianaoliveira.com.br\/blog\/wp-json\/wp\/v2\/posts\/30321\/revisions"}],"predecessor-version":[{"id":30322,"href":"http:\/\/blogdalucianaoliveira.com.br\/blog\/wp-json\/wp\/v2\/posts\/30321\/revisions\/30322"}],"wp:attachment":[{"href":"http:\/\/blogdalucianaoliveira.com.br\/blog\/wp-json\/wp\/v2\/media?parent=30321"}],"wp:term":[{"taxonomy":"category","embeddable":true,"href":"http:\/\/blogdalucianaoliveira.com.br\/blog\/wp-json\/wp\/v2\/categories?post=30321"},{"taxonomy":"post_tag","embeddable":true,"href":"http:\/\/blogdalucianaoliveira.com.br\/blog\/wp-json\/wp\/v2\/tags?post=30321"}],"curies":[{"name":"wp","href":"https:\/\/api.w.org\/{rel}","templated":true}]}}