{"id":30327,"date":"2020-12-10T10:30:56","date_gmt":"2020-12-10T14:30:56","guid":{"rendered":"http:\/\/blogdalucianaoliveira.com.br\/blog\/?p=30327"},"modified":"2020-12-10T10:31:02","modified_gmt":"2020-12-10T14:31:02","slug":"na-amazonia-quatro-cubas-queimadas-em-vinte-anos","status":"publish","type":"post","link":"http:\/\/blogdalucianaoliveira.com.br\/blog\/2020\/12\/10\/na-amazonia-quatro-cubas-queimadas-em-vinte-anos\/","title":{"rendered":"Na Amaz\u00f4nia, quatro Cubas queimadas em vinte anos"},"content":{"rendered":"\n<figure class=\"wp-block-image\"><img data-recalc-dims=\"1\" decoding=\"async\" src=\"https:\/\/i0.wp.com\/piaui.folha.uol.com.br\/wp-content\/uploads\/2020\/12\/arte-4.jpg?w=600&#038;ssl=1\" alt=\"\"\/><\/figure>\n\n\n\n<p>Revista Piau\u00ed, por <strong>CAMILLE LICHOTTI E RENATA BUONO<\/strong><\/p>\n\n\n\n<!--more-->\n\n\n\n<p>Mais de 400 mil quil\u00f4metros quadrados foram queimados de 2000 at\u00e9 2019 na Amaz\u00f4nia. Esse n\u00famero representa quase 30% de toda a \u00e1rea queimada no pa\u00eds nesse per\u00edodo. Para os pesquisadores, a ocorr\u00eancia de queimadas na regi\u00e3o est\u00e1 normalmente associada \u00e0 a\u00e7\u00e3o humana, seja para desmatar ou para manejo agr\u00edcola. \u201cAs condi\u00e7\u00f5es clim\u00e1ticas na Amaz\u00f4nia fazem com que o fogo n\u00e3o seja um fen\u00f4meno natural na regi\u00e3o\u201d, explica Tasso Azevedo, coordenador do MapBiomas. Mesmo assim, somente neste bioma, o fogo consumiu uma \u00e1rea equivalente a quatro Cubas nos \u00faltimos vinte anos \u2013 e mais da metade dela correspondia \u00e0 vegeta\u00e7\u00e3o natural da Amaz\u00f4nia.<br><\/p>\n\n\n\n<p>Ao longo dessas duas d\u00e9cadas, mais da metade da \u00e1rea queimada na Amaz\u00f4nia pegou fogo mais de uma vez. A recorr\u00eancia dos inc\u00eandios refor\u00e7a ainda mais o papel do homem no processo de degrada\u00e7\u00e3o ambiental. \u201cPodemos afirmar com certeza que a maioria das queimadas registradas ali s\u00e3o fruto da atividade humana\u201d, completa Azevedo.&nbsp;Sem a interven\u00e7\u00e3o do homem, o fogo neste bioma ocorreria a cada intervalo de 500 a mil anos.<\/p>\n\n\n\n<p>Ao que tudo indica, esse quadro est\u00e1 longe de ser revertido: em 2019, a \u00e1rea queimada cresceu 65% em rela\u00e7\u00e3o ao ano anterior. E os n\u00fameros continuam desanimadores. Nas \u00faltimas duas d\u00e9cadas, a Amaz\u00f4nia queimou, em m\u00e9dia, 48 mil quil\u00f4metros quadrados por ano. Mas at\u00e9 novembro deste ano, o fogo j\u00e1 atingiu uma \u00e1rea de 76 mil quil\u00f4metros quadrados \u2013 58% a mais que a m\u00e9dia. O bioma tamb\u00e9m bateu outro recorde este ano: teve a maior \u00e1rea queimada desde 2017. Segundo dados do Instituto Nacional de Pesquisas Espaciais, a Amaz\u00f4nia tamb\u00e9m \u00e9 o bioma que mais concentra focos de inc\u00eandio em 2020.&nbsp;<br><\/p>\n\n\n\n<p><br> <\/p>\n","protected":false},"excerpt":{"rendered":"<p>Revista Piau\u00ed, por CAMILLE LICHOTTI E RENATA BUONO<\/p>\n","protected":false},"author":1,"featured_media":0,"comment_status":"closed","ping_status":"open","sticky":false,"template":"","format":"standard","meta":{"_exactmetrics_skip_tracking":false,"_exactmetrics_sitenote_active":false,"_exactmetrics_sitenote_note":"","_exactmetrics_sitenote_category":0,"jetpack_post_was_ever_published":false,"_jetpack_newsletter_access":"","_jetpack_dont_email_post_to_subs":false,"_jetpack_newsletter_tier_id":0,"_jetpack_memberships_contains_paywalled_content":false,"_jetpack_memberships_contains_paid_content":false,"footnotes":"","jetpack_publicize_message":"","jetpack_publicize_feature_enabled":true,"jetpack_social_post_already_shared":true,"jetpack_social_options":{"image_generator_settings":{"template":"highway","enabled":false},"version":2}},"categories":[1],"tags":[],"class_list":["post-30327","post","type-post","status-publish","format-standard","hentry","category-notas"],"jetpack_publicize_connections":[],"jetpack_sharing_enabled":true,"jetpack_featured_media_url":"","jetpack_shortlink":"https:\/\/wp.me\/p7wKYW-7T9","jetpack-related-posts":[],"_links":{"self":[{"href":"http:\/\/blogdalucianaoliveira.com.br\/blog\/wp-json\/wp\/v2\/posts\/30327","targetHints":{"allow":["GET"]}}],"collection":[{"href":"http:\/\/blogdalucianaoliveira.com.br\/blog\/wp-json\/wp\/v2\/posts"}],"about":[{"href":"http:\/\/blogdalucianaoliveira.com.br\/blog\/wp-json\/wp\/v2\/types\/post"}],"author":[{"embeddable":true,"href":"http:\/\/blogdalucianaoliveira.com.br\/blog\/wp-json\/wp\/v2\/users\/1"}],"replies":[{"embeddable":true,"href":"http:\/\/blogdalucianaoliveira.com.br\/blog\/wp-json\/wp\/v2\/comments?post=30327"}],"version-history":[{"count":1,"href":"http:\/\/blogdalucianaoliveira.com.br\/blog\/wp-json\/wp\/v2\/posts\/30327\/revisions"}],"predecessor-version":[{"id":30328,"href":"http:\/\/blogdalucianaoliveira.com.br\/blog\/wp-json\/wp\/v2\/posts\/30327\/revisions\/30328"}],"wp:attachment":[{"href":"http:\/\/blogdalucianaoliveira.com.br\/blog\/wp-json\/wp\/v2\/media?parent=30327"}],"wp:term":[{"taxonomy":"category","embeddable":true,"href":"http:\/\/blogdalucianaoliveira.com.br\/blog\/wp-json\/wp\/v2\/categories?post=30327"},{"taxonomy":"post_tag","embeddable":true,"href":"http:\/\/blogdalucianaoliveira.com.br\/blog\/wp-json\/wp\/v2\/tags?post=30327"}],"curies":[{"name":"wp","href":"https:\/\/api.w.org\/{rel}","templated":true}]}}