{"id":30337,"date":"2020-12-11T17:25:13","date_gmt":"2020-12-11T21:25:13","guid":{"rendered":"http:\/\/blogdalucianaoliveira.com.br\/blog\/?p=30337"},"modified":"2020-12-11T17:25:20","modified_gmt":"2020-12-11T21:25:20","slug":"escandalo-abin-fez-trabalho-privado-para-orientar-defesa-de-flavio-bolsonaro","status":"publish","type":"post","link":"http:\/\/blogdalucianaoliveira.com.br\/blog\/2020\/12\/11\/escandalo-abin-fez-trabalho-privado-para-orientar-defesa-de-flavio-bolsonaro\/","title":{"rendered":"Esc\u00e2ndalo: Abin fez trabalho privado para orientar defesa de Fl\u00e1vio Bolsonaro"},"content":{"rendered":"\n<figure class=\"wp-block-image size-large\"><img data-recalc-dims=\"1\" loading=\"lazy\" decoding=\"async\" width=\"600\" height=\"374\" data-attachment-id=\"30338\" data-permalink=\"http:\/\/blogdalucianaoliveira.com.br\/blog\/2020\/12\/11\/escandalo-abin-fez-trabalho-privado-para-orientar-defesa-de-flavio-bolsonaro\/image-7-18\/\" data-orig-file=\"https:\/\/i0.wp.com\/blogdalucianaoliveira.com.br\/blog\/wp-content\/uploads\/2020\/12\/image-7.jpeg?fit=610%2C380\" data-orig-size=\"610,380\" data-comments-opened=\"0\" data-image-meta=\"{&quot;aperture&quot;:&quot;0&quot;,&quot;credit&quot;:&quot;&quot;,&quot;camera&quot;:&quot;&quot;,&quot;caption&quot;:&quot;&quot;,&quot;created_timestamp&quot;:&quot;0&quot;,&quot;copyright&quot;:&quot;&quot;,&quot;focal_length&quot;:&quot;0&quot;,&quot;iso&quot;:&quot;0&quot;,&quot;shutter_speed&quot;:&quot;0&quot;,&quot;title&quot;:&quot;&quot;,&quot;orientation&quot;:&quot;0&quot;}\" data-image-title=\"image-7\" data-image-description=\"\" data-image-caption=\"\" data-medium-file=\"https:\/\/i0.wp.com\/blogdalucianaoliveira.com.br\/blog\/wp-content\/uploads\/2020\/12\/image-7.jpeg?fit=300%2C187\" data-large-file=\"https:\/\/i0.wp.com\/blogdalucianaoliveira.com.br\/blog\/wp-content\/uploads\/2020\/12\/image-7.jpeg?fit=600%2C374\" src=\"https:\/\/i0.wp.com\/blogdalucianaoliveira.com.br\/blog\/wp-content\/uploads\/2020\/12\/image-7.jpeg?resize=600%2C374\" alt=\"\" class=\"wp-image-30338\" srcset=\"https:\/\/i0.wp.com\/blogdalucianaoliveira.com.br\/blog\/wp-content\/uploads\/2020\/12\/image-7.jpeg?w=610 610w, https:\/\/i0.wp.com\/blogdalucianaoliveira.com.br\/blog\/wp-content\/uploads\/2020\/12\/image-7.jpeg?resize=300%2C187 300w, https:\/\/i0.wp.com\/blogdalucianaoliveira.com.br\/blog\/wp-content\/uploads\/2020\/12\/image-7.jpeg?resize=482%2C300 482w\" sizes=\"auto, (max-width: 600px) 100vw, 600px\" \/><\/figure>\n\n\n\n<p><strong>247<\/strong>&nbsp;&#8211; A Ag\u00eancia Brasileira de Intelig\u00eancia (Abin) produziu pelo menos dois relat\u00f3rios de orienta\u00e7\u00e3o para o senador Fl\u00e1vio Bolsonaro (Republicanos-RJ) e a defesa do parlamentar sobre o que deveria ser feito para obter os documentos com o objetivo de embasar um pedido de anula\u00e7\u00e3o do caso Fabr\u00edcio Queiroz. Os documentos foram enviados em setembro para o filho de Jair Bolsonaro. A Abin \u00e9 um \u00f3rg\u00e3o do Estado brasileiro &nbsp;e sua apropria\u00e7\u00e3o pela fam\u00edlia Bolsonaro, para cobertura de crimes, \u00e9 um esc\u00e2ndalo sem precedentes.<\/p>\n\n\n\n<!--more-->\n\n\n\n<p>De acordo com informa\u00e7\u00f5es publicadas pela\u00a0<a href=\"https:\/\/epoca.globo.com\/guilherme-amado\/abin-fez-relatorios-para-orientar-defesa-de-flavio-bolsonaro-na-anulacao-de-caso-queiroz-24791912\">coluna de Guilherme Amado<\/a>, a Abin detalhou o funcionamento da suposta organiza\u00e7\u00e3o criminosa em atua\u00e7\u00e3o na Receita Federal (RFB), que, segundo suspeita dos advogados de Fl\u00e1vio, teria analisado de forma ilegal os dados fiscais dele para fornecer o relat\u00f3rio que gerou o inqu\u00e9rito das rachadinhas.<\/p>\n\n\n\n<p>Um dos documentos \u00e9 autoexplicativo ao definir a raz\u00e3o daquele trabalho.<\/p>\n\n\n\n<p>\u00a0Em um campo intitulado \u201cFinalidade\u201d, cita: \u201cDefender FB no caso Alerj demonstrando a nulidade processual resultante de acessos imotivados aos dados fiscais de FB\u201d. Os dois documentos foram enviados por WhatsApp para Fl\u00e1vio e por ele repassados para sua advogada Luciana Pires.<\/p>\n\n\n\n<p>Os documentos contrastam com uma vers\u00e3o do ministro-chefe do Gabinete de Seguran\u00e7a Institucional, general Augusto Heleno. De acordo com o general, n\u00e3o teria ocorrido atua\u00e7\u00e3o da Intelig\u00eancia do governo ap\u00f3s a defesa do senador levar a den\u00fancia a Bolsonaro, a ele e a Alexandre Ramagem, diretor da Abin, em 25 de agosto.<\/p>\n\n\n\n<p><\/p>\n","protected":false},"excerpt":{"rendered":"<p>247&nbsp;&#8211; A Ag\u00eancia Brasileira de Intelig\u00eancia (Abin) produziu pelo menos dois relat\u00f3rios de orienta\u00e7\u00e3o para o senador Fl\u00e1vio Bolsonaro (Republicanos-RJ) e a defesa do parlamentar sobre o que deveria ser feito para obter os documentos com o objetivo de embasar um pedido de anula\u00e7\u00e3o do caso Fabr\u00edcio Queiroz. Os documentos foram enviados em setembro para&#8230;<a class=\"more-link\" href=\"http:\/\/blogdalucianaoliveira.com.br\/blog\/2020\/12\/11\/escandalo-abin-fez-trabalho-privado-para-orientar-defesa-de-flavio-bolsonaro\/\">Continue a leitura <span class=\"meta-nav\">&raquo;<\/span><\/a><\/p>\n","protected":false},"author":1,"featured_media":0,"comment_status":"closed","ping_status":"open","sticky":false,"template":"","format":"standard","meta":{"_exactmetrics_skip_tracking":false,"_exactmetrics_sitenote_active":false,"_exactmetrics_sitenote_note":"","_exactmetrics_sitenote_category":0,"jetpack_post_was_ever_published":false,"_jetpack_newsletter_access":"","_jetpack_dont_email_post_to_subs":false,"_jetpack_newsletter_tier_id":0,"_jetpack_memberships_contains_paywalled_content":false,"_jetpack_memberships_contains_paid_content":false,"footnotes":"","jetpack_publicize_message":"","jetpack_publicize_feature_enabled":true,"jetpack_social_post_already_shared":true,"jetpack_social_options":{"image_generator_settings":{"template":"highway","enabled":false},"version":2}},"categories":[1],"tags":[],"class_list":["post-30337","post","type-post","status-publish","format-standard","hentry","category-notas"],"jetpack_publicize_connections":[],"jetpack_sharing_enabled":true,"jetpack_featured_media_url":"","jetpack_shortlink":"https:\/\/wp.me\/p7wKYW-7Tj","jetpack-related-posts":[],"_links":{"self":[{"href":"http:\/\/blogdalucianaoliveira.com.br\/blog\/wp-json\/wp\/v2\/posts\/30337","targetHints":{"allow":["GET"]}}],"collection":[{"href":"http:\/\/blogdalucianaoliveira.com.br\/blog\/wp-json\/wp\/v2\/posts"}],"about":[{"href":"http:\/\/blogdalucianaoliveira.com.br\/blog\/wp-json\/wp\/v2\/types\/post"}],"author":[{"embeddable":true,"href":"http:\/\/blogdalucianaoliveira.com.br\/blog\/wp-json\/wp\/v2\/users\/1"}],"replies":[{"embeddable":true,"href":"http:\/\/blogdalucianaoliveira.com.br\/blog\/wp-json\/wp\/v2\/comments?post=30337"}],"version-history":[{"count":1,"href":"http:\/\/blogdalucianaoliveira.com.br\/blog\/wp-json\/wp\/v2\/posts\/30337\/revisions"}],"predecessor-version":[{"id":30339,"href":"http:\/\/blogdalucianaoliveira.com.br\/blog\/wp-json\/wp\/v2\/posts\/30337\/revisions\/30339"}],"wp:attachment":[{"href":"http:\/\/blogdalucianaoliveira.com.br\/blog\/wp-json\/wp\/v2\/media?parent=30337"}],"wp:term":[{"taxonomy":"category","embeddable":true,"href":"http:\/\/blogdalucianaoliveira.com.br\/blog\/wp-json\/wp\/v2\/categories?post=30337"},{"taxonomy":"post_tag","embeddable":true,"href":"http:\/\/blogdalucianaoliveira.com.br\/blog\/wp-json\/wp\/v2\/tags?post=30337"}],"curies":[{"name":"wp","href":"https:\/\/api.w.org\/{rel}","templated":true}]}}