{"id":30340,"date":"2020-12-11T18:18:15","date_gmt":"2020-12-11T22:18:15","guid":{"rendered":"http:\/\/blogdalucianaoliveira.com.br\/blog\/?p=30340"},"modified":"2020-12-11T18:18:18","modified_gmt":"2020-12-11T22:18:18","slug":"fundador-do-zoom-e-eleito-o-empresario-do-ano-pela-revista-time","status":"publish","type":"post","link":"http:\/\/blogdalucianaoliveira.com.br\/blog\/2020\/12\/11\/fundador-do-zoom-e-eleito-o-empresario-do-ano-pela-revista-time\/","title":{"rendered":"Fundador do Zoom \u00e9 eleito o empres\u00e1rio do ano pela revista Time"},"content":{"rendered":"\n<figure class=\"wp-block-image size-large\"><img data-recalc-dims=\"1\" loading=\"lazy\" decoding=\"async\" width=\"600\" height=\"337\" data-attachment-id=\"30341\" data-permalink=\"http:\/\/blogdalucianaoliveira.com.br\/blog\/2020\/12\/11\/fundador-do-zoom-e-eleito-o-empresario-do-ano-pela-revista-time\/30e964c3-8605-40e5-988e-cd5377c05223\/\" data-orig-file=\"https:\/\/i0.wp.com\/blogdalucianaoliveira.com.br\/blog\/wp-content\/uploads\/2020\/12\/30E964C3-8605-40E5-988E-CD5377C05223.jpeg?fit=660%2C371\" data-orig-size=\"660,371\" data-comments-opened=\"0\" data-image-meta=\"{&quot;aperture&quot;:&quot;0&quot;,&quot;credit&quot;:&quot;&quot;,&quot;camera&quot;:&quot;&quot;,&quot;caption&quot;:&quot;&quot;,&quot;created_timestamp&quot;:&quot;0&quot;,&quot;copyright&quot;:&quot;&quot;,&quot;focal_length&quot;:&quot;0&quot;,&quot;iso&quot;:&quot;0&quot;,&quot;shutter_speed&quot;:&quot;0&quot;,&quot;title&quot;:&quot;&quot;,&quot;orientation&quot;:&quot;0&quot;}\" data-image-title=\"30E964C3-8605-40E5-988E-CD5377C05223\" data-image-description=\"\" data-image-caption=\"\" data-medium-file=\"https:\/\/i0.wp.com\/blogdalucianaoliveira.com.br\/blog\/wp-content\/uploads\/2020\/12\/30E964C3-8605-40E5-988E-CD5377C05223.jpeg?fit=300%2C169\" data-large-file=\"https:\/\/i0.wp.com\/blogdalucianaoliveira.com.br\/blog\/wp-content\/uploads\/2020\/12\/30E964C3-8605-40E5-988E-CD5377C05223.jpeg?fit=600%2C337\" src=\"https:\/\/i0.wp.com\/blogdalucianaoliveira.com.br\/blog\/wp-content\/uploads\/2020\/12\/30E964C3-8605-40E5-988E-CD5377C05223.jpeg?resize=600%2C337\" alt=\"\" class=\"wp-image-30341\" srcset=\"https:\/\/i0.wp.com\/blogdalucianaoliveira.com.br\/blog\/wp-content\/uploads\/2020\/12\/30E964C3-8605-40E5-988E-CD5377C05223.jpeg?w=660 660w, https:\/\/i0.wp.com\/blogdalucianaoliveira.com.br\/blog\/wp-content\/uploads\/2020\/12\/30E964C3-8605-40E5-988E-CD5377C05223.jpeg?resize=300%2C169 300w, https:\/\/i0.wp.com\/blogdalucianaoliveira.com.br\/blog\/wp-content\/uploads\/2020\/12\/30E964C3-8605-40E5-988E-CD5377C05223.jpeg?resize=534%2C300 534w\" sizes=\"auto, (max-width: 600px) 100vw, 600px\" \/><\/figure>\n\n\n\n<p>CNN &#8211; O empres\u00e1rio do ano, segundo a revista Time, \u00e9 o homem respons\u00e1vel pela plataforma de v\u00eddeo capaz de aproximar pessoas distantes fisicamente umas das outras. N\u00e3o \u00e0 toa. Durante a pandemia do novo coronav\u00edrus, o Zoom se tornou uma ferramenta imprescind\u00edvel nos neg\u00f3cios, nas rela\u00e7\u00f5es familiares e nas institui\u00e7\u00f5es de ensino. &#8220;N\u00f3s n\u00e3o pensamos nos consumidores nem nos estudantes quando come\u00e7amos o planejamento de 2020&#8221;, diz o fundador do Zoom, Eric Yuan, em entrevista \u00e0 Time.<\/p>\n\n\n\n<!--more Leia mais-->\n\n\n\n<p>Apesar de competir com ferramentas semelhantes do Google, da Apple e da Microsoft, o Zoom se destacou ao saltar de 10 milh\u00f5es de usu\u00e1rios por dia para 300 milh\u00f5es em abril. Com isso, Yuan foi catapultado ao ranking de bilion\u00e1rios da Forbes.<\/p>\n\n\n\n<p>Mas a trajet\u00f3ria da companhia, em um ano t\u00e3o at\u00edpico, n\u00e3o se deu sem sobressaltos. Falhas de seguran\u00e7a deixaram usu\u00e1rios vulner\u00e1veis a ass\u00e9dios e \u00e0 perda de privacidade, e o seu uso (em excesso) foi atrelado a in\u00fameros casos de burnout, que pode ser traduzido como esgotamento mental. Sem falar que a ferramenta ajudou a elevar a desigualdade social com uma massa de exclu\u00eddos digitalmente.<\/p>\n\n\n\n<p>No caso de problemas de seguran\u00e7a, o Zoom respondeu com transpar\u00eancia, o que fez com que a ferramenta se tornasse o aplicativo mais baixado na Apple em 2020.<\/p>\n\n\n\n<p>O Zoom foi pensado para aproximar Yuan da namorada que estudava em uma cidade que ficava a 10 horas de carro. Na \u00e9poca, ele tamb\u00e9m era estudante de matem\u00e1tica e de ci\u00eancias da computa\u00e7\u00e3o na Universidade de Shandong, na China, segundo a Time.<\/p>\n\n\n\n<p>Ele era fissurado pela explos\u00e3o ponto.com, mas n\u00e3o conseguia imigrar para os Estados Unidos, pois foi rejeitado oito vezes ao tentar conseguir o visto. Finalmente em 1997, aos 27 anos, ele foi aprovado \u2014 uma d\u00e9cada depois obteve cidadania americana. Come\u00e7ou sua carreira como desenvolvedor na WebEx e saiu de l\u00e1 em 2011 para montar a sua pr\u00f3pria plataforma.&nbsp;<\/p>\n\n\n\n<p>O software do Zoom foi lan\u00e7ado em 2013 e fez sua oferta p\u00fablica inicial (IPO, na sigla em ingl\u00eas) em 2019. Diferentemente de outras empresas de tecnologia que operam no vermelho, como o Uber e o Slack, o Zoom n\u00e3o tem d\u00edvidas e \u00e9 lucrativo \u2014 mesmo sendo de gra\u00e7a, ao menos, nos 40 minutos iniciais.<\/p>\n","protected":false},"excerpt":{"rendered":"<p>CNN &#8211; O empres\u00e1rio do ano, segundo a revista Time, \u00e9 o homem respons\u00e1vel pela plataforma de v\u00eddeo capaz de aproximar pessoas distantes fisicamente umas das outras. N\u00e3o \u00e0 toa. Durante a pandemia do novo coronav\u00edrus, o Zoom se tornou uma ferramenta imprescind\u00edvel nos neg\u00f3cios, nas rela\u00e7\u00f5es familiares e nas institui\u00e7\u00f5es de ensino. &#8220;N\u00f3s n\u00e3o&#8230;<a class=\"more-link\" href=\"http:\/\/blogdalucianaoliveira.com.br\/blog\/2020\/12\/11\/fundador-do-zoom-e-eleito-o-empresario-do-ano-pela-revista-time\/\">Continue a leitura <span class=\"meta-nav\">&raquo;<\/span><\/a><\/p>\n","protected":false},"author":1,"featured_media":0,"comment_status":"closed","ping_status":"open","sticky":false,"template":"","format":"standard","meta":{"_exactmetrics_skip_tracking":false,"_exactmetrics_sitenote_active":false,"_exactmetrics_sitenote_note":"","_exactmetrics_sitenote_category":0,"jetpack_post_was_ever_published":false,"_jetpack_newsletter_access":"","_jetpack_dont_email_post_to_subs":false,"_jetpack_newsletter_tier_id":0,"_jetpack_memberships_contains_paywalled_content":false,"_jetpack_memberships_contains_paid_content":false,"footnotes":"","jetpack_publicize_message":"","jetpack_publicize_feature_enabled":true,"jetpack_social_post_already_shared":true,"jetpack_social_options":{"image_generator_settings":{"template":"highway","enabled":false},"version":2}},"categories":[1],"tags":[],"class_list":["post-30340","post","type-post","status-publish","format-standard","hentry","category-notas"],"jetpack_publicize_connections":[],"jetpack_sharing_enabled":true,"jetpack_featured_media_url":"","jetpack_shortlink":"https:\/\/wp.me\/p7wKYW-7Tm","jetpack-related-posts":[],"_links":{"self":[{"href":"http:\/\/blogdalucianaoliveira.com.br\/blog\/wp-json\/wp\/v2\/posts\/30340","targetHints":{"allow":["GET"]}}],"collection":[{"href":"http:\/\/blogdalucianaoliveira.com.br\/blog\/wp-json\/wp\/v2\/posts"}],"about":[{"href":"http:\/\/blogdalucianaoliveira.com.br\/blog\/wp-json\/wp\/v2\/types\/post"}],"author":[{"embeddable":true,"href":"http:\/\/blogdalucianaoliveira.com.br\/blog\/wp-json\/wp\/v2\/users\/1"}],"replies":[{"embeddable":true,"href":"http:\/\/blogdalucianaoliveira.com.br\/blog\/wp-json\/wp\/v2\/comments?post=30340"}],"version-history":[{"count":1,"href":"http:\/\/blogdalucianaoliveira.com.br\/blog\/wp-json\/wp\/v2\/posts\/30340\/revisions"}],"predecessor-version":[{"id":30342,"href":"http:\/\/blogdalucianaoliveira.com.br\/blog\/wp-json\/wp\/v2\/posts\/30340\/revisions\/30342"}],"wp:attachment":[{"href":"http:\/\/blogdalucianaoliveira.com.br\/blog\/wp-json\/wp\/v2\/media?parent=30340"}],"wp:term":[{"taxonomy":"category","embeddable":true,"href":"http:\/\/blogdalucianaoliveira.com.br\/blog\/wp-json\/wp\/v2\/categories?post=30340"},{"taxonomy":"post_tag","embeddable":true,"href":"http:\/\/blogdalucianaoliveira.com.br\/blog\/wp-json\/wp\/v2\/tags?post=30340"}],"curies":[{"name":"wp","href":"https:\/\/api.w.org\/{rel}","templated":true}]}}