{"id":30357,"date":"2020-12-14T11:16:37","date_gmt":"2020-12-14T15:16:37","guid":{"rendered":"http:\/\/blogdalucianaoliveira.com.br\/blog\/?p=30357"},"modified":"2020-12-14T12:10:26","modified_gmt":"2020-12-14T16:10:26","slug":"proposta-indecente-e-tapa-dancarina-afirma-ter-sido-agredida-pelo-deputado-geraldo-da-rondonia-em-festa","status":"publish","type":"post","link":"http:\/\/blogdalucianaoliveira.com.br\/blog\/2020\/12\/14\/proposta-indecente-e-tapa-dancarina-afirma-ter-sido-agredida-pelo-deputado-geraldo-da-rondonia-em-festa\/","title":{"rendered":"Proposta indecente e tapa; Dan\u00e7arina afirma ter sido agredida pelo deputado Geraldo da Rond\u00f4nia em festa"},"content":{"rendered":"\n<figure class=\"wp-block-image size-large\"><img loading=\"lazy\" decoding=\"async\" width=\"1080\" height=\"892\" data-attachment-id=\"30360\" data-permalink=\"http:\/\/blogdalucianaoliveira.com.br\/blog\/2020\/12\/14\/proposta-indecente-e-tapa-dancarina-afirma-ter-sido-agredida-pelo-deputado-geraldo-da-rondonia-em-festa\/gera\/\" data-orig-file=\"https:\/\/i0.wp.com\/blogdalucianaoliveira.com.br\/blog\/wp-content\/uploads\/2020\/12\/gera.jpg?fit=1080%2C892\" data-orig-size=\"1080,892\" data-comments-opened=\"0\" data-image-meta=\"{&quot;aperture&quot;:&quot;0&quot;,&quot;credit&quot;:&quot;&quot;,&quot;camera&quot;:&quot;&quot;,&quot;caption&quot;:&quot;&quot;,&quot;created_timestamp&quot;:&quot;0&quot;,&quot;copyright&quot;:&quot;&quot;,&quot;focal_length&quot;:&quot;0&quot;,&quot;iso&quot;:&quot;0&quot;,&quot;shutter_speed&quot;:&quot;0&quot;,&quot;title&quot;:&quot;&quot;,&quot;orientation&quot;:&quot;0&quot;}\" data-image-title=\"gera\" data-image-description=\"\" data-image-caption=\"\" data-medium-file=\"https:\/\/i0.wp.com\/blogdalucianaoliveira.com.br\/blog\/wp-content\/uploads\/2020\/12\/gera.jpg?fit=300%2C248\" data-large-file=\"https:\/\/i0.wp.com\/blogdalucianaoliveira.com.br\/blog\/wp-content\/uploads\/2020\/12\/gera.jpg?fit=600%2C496\" src=\"https:\/\/i1.wp.com\/blogdalucianaoliveira.com.br\/blog\/wp-content\/uploads\/2020\/12\/gera.jpg?fit=600%2C496\" alt=\"\" class=\"wp-image-30360\" srcset=\"https:\/\/i0.wp.com\/blogdalucianaoliveira.com.br\/blog\/wp-content\/uploads\/2020\/12\/gera.jpg?w=1080 1080w, https:\/\/i0.wp.com\/blogdalucianaoliveira.com.br\/blog\/wp-content\/uploads\/2020\/12\/gera.jpg?resize=300%2C248 300w, https:\/\/i0.wp.com\/blogdalucianaoliveira.com.br\/blog\/wp-content\/uploads\/2020\/12\/gera.jpg?resize=1024%2C846 1024w, https:\/\/i0.wp.com\/blogdalucianaoliveira.com.br\/blog\/wp-content\/uploads\/2020\/12\/gera.jpg?resize=768%2C634 768w, https:\/\/i0.wp.com\/blogdalucianaoliveira.com.br\/blog\/wp-content\/uploads\/2020\/12\/gera.jpg?resize=363%2C300 363w\" sizes=\"auto, (max-width: 600px) 100vw, 600px\" \/><\/figure>\n\n\n\n<p>Foi nas redes sociais que B\u00e1rbara Carolina Silva Knightz denunciou a agress\u00e3o que afirma ter sofrido num evento em Ariquemes no s\u00e1bado, 12.<\/p>\n\n\n\n<!--more-->\n\n\n\n<p>Ao sair da casa de eventos para descansar da apresenta\u00e7\u00e3o com\nGabriel Parada e Banda, ela conta que foi abordada por um assessor do deputado Geraldo\nda Rond\u00f4nia, do Partido Social Crist\u00e3o (PSC), que lhe fez uma proposta que\nconsiderou indecente e humilhante.<\/p>\n\n\n\n<p>\u201cEle me ofereceu 100 reais para dan\u00e7ar perto da mesa do\ndeputado. Eu estava trabalhando num evento, mas ele achou que podia me comprar\npara dan\u00e7ar pra ele\u201d.<\/p>\n\n\n\n<p>Como recusou, B\u00e1rbara diz que come\u00e7ou a receber provoca\u00e7\u00f5es quando deixou o palco outras vezes para se refrescar do lado de fora da casa de eventos. <\/p>\n\n\n\n<p>Depois de cerca de tr\u00eas horas de apresenta\u00e7\u00e3o, o pr\u00f3prio deputado a teria abordado com ofensas.<\/p>\n\n\n\n<p>\u201cEle come\u00e7ou a dizer coisas como \u2018essa banda de merda\u2019, \u2018voc\u00ea muito metida\u2019 e \u2018voc\u00ea n\u00e3o \u00e9 nada\u2019, diz a dan\u00e7arina.<\/p>\n\n\n\n<p>Indignada, B\u00e1rbara diz que encarou o deputado e explicou\nque \u00e9 dan\u00e7arina profissional h\u00e1 duas d\u00e9cadas, que n\u00e3o se vendia para dan\u00e7ar\npara ele e que seus assessores a estavam humilhando por ter recusado a proposta\nindecente.<\/p>\n\n\n\n<p>\u201cFoi nessa hora do bate boca que ele me deu um tapa. Era pra pegar no rosto, mas atingiu meu corpo. Se eu n\u00e3o me afastasse n\u00e3o sei o que mais poderia ter acontecido\u201d, relatou.<\/p>\n\n\n\n<p>A organiza\u00e7\u00e3o da festa Bendita Sunset confirmou a agress\u00e3o verbal e f\u00edsica em nota de rep\u00fadio ao deputado e destacou que \u201catitudes como essa incitam a viol\u00eancia e o desrespeito com as mulheres\u201d.<\/p>\n\n\n\n<figure class=\"wp-block-image size-large\"><img data-recalc-dims=\"1\" loading=\"lazy\" decoding=\"async\" width=\"576\" height=\"1024\" data-attachment-id=\"30363\" data-permalink=\"http:\/\/blogdalucianaoliveira.com.br\/blog\/2020\/12\/14\/proposta-indecente-e-tapa-dancarina-afirma-ter-sido-agredida-pelo-deputado-geraldo-da-rondonia-em-festa\/ef393b73-d279-425d-b0bc-ce2c9270c895\/\" data-orig-file=\"https:\/\/i0.wp.com\/blogdalucianaoliveira.com.br\/blog\/wp-content\/uploads\/2020\/12\/EF393B73-D279-425D-B0BC-CE2C9270C895.jpeg?fit=576%2C1024\" data-orig-size=\"576,1024\" data-comments-opened=\"0\" data-image-meta=\"{&quot;aperture&quot;:&quot;0&quot;,&quot;credit&quot;:&quot;&quot;,&quot;camera&quot;:&quot;&quot;,&quot;caption&quot;:&quot;&quot;,&quot;created_timestamp&quot;:&quot;0&quot;,&quot;copyright&quot;:&quot;&quot;,&quot;focal_length&quot;:&quot;0&quot;,&quot;iso&quot;:&quot;0&quot;,&quot;shutter_speed&quot;:&quot;0&quot;,&quot;title&quot;:&quot;&quot;,&quot;orientation&quot;:&quot;0&quot;}\" data-image-title=\"EF393B73-D279-425D-B0BC-CE2C9270C895\" data-image-description=\"\" data-image-caption=\"\" data-medium-file=\"https:\/\/i0.wp.com\/blogdalucianaoliveira.com.br\/blog\/wp-content\/uploads\/2020\/12\/EF393B73-D279-425D-B0BC-CE2C9270C895.jpeg?fit=169%2C300\" data-large-file=\"https:\/\/i0.wp.com\/blogdalucianaoliveira.com.br\/blog\/wp-content\/uploads\/2020\/12\/EF393B73-D279-425D-B0BC-CE2C9270C895.jpeg?fit=576%2C1024\" src=\"https:\/\/i0.wp.com\/blogdalucianaoliveira.com.br\/blog\/wp-content\/uploads\/2020\/12\/EF393B73-D279-425D-B0BC-CE2C9270C895.jpeg?resize=576%2C1024\" alt=\"\" class=\"wp-image-30363\" srcset=\"https:\/\/i0.wp.com\/blogdalucianaoliveira.com.br\/blog\/wp-content\/uploads\/2020\/12\/EF393B73-D279-425D-B0BC-CE2C9270C895.jpeg?w=576 576w, https:\/\/i0.wp.com\/blogdalucianaoliveira.com.br\/blog\/wp-content\/uploads\/2020\/12\/EF393B73-D279-425D-B0BC-CE2C9270C895.jpeg?resize=169%2C300 169w\" sizes=\"auto, (max-width: 576px) 100vw, 576px\" \/><\/figure>\n\n\n\n<p>Em seu perfil no facebook, Geraldo da Rond\u00f4nia negou as acusa\u00e7\u00f5es e amea\u00e7ou processar a dan\u00e7arina.<\/p>\n\n\n\n<figure class=\"wp-block-image size-large\"><img loading=\"lazy\" decoding=\"async\" width=\"1241\" height=\"1241\" data-attachment-id=\"30359\" data-permalink=\"http:\/\/blogdalucianaoliveira.com.br\/blog\/2020\/12\/14\/proposta-indecente-e-tapa-dancarina-afirma-ter-sido-agredida-pelo-deputado-geraldo-da-rondonia-em-festa\/fake-6\/\" data-orig-file=\"https:\/\/i0.wp.com\/blogdalucianaoliveira.com.br\/blog\/wp-content\/uploads\/2020\/12\/fake.jpg?fit=1241%2C1241\" data-orig-size=\"1241,1241\" data-comments-opened=\"0\" data-image-meta=\"{&quot;aperture&quot;:&quot;0&quot;,&quot;credit&quot;:&quot;&quot;,&quot;camera&quot;:&quot;&quot;,&quot;caption&quot;:&quot;&quot;,&quot;created_timestamp&quot;:&quot;0&quot;,&quot;copyright&quot;:&quot;&quot;,&quot;focal_length&quot;:&quot;0&quot;,&quot;iso&quot;:&quot;0&quot;,&quot;shutter_speed&quot;:&quot;0&quot;,&quot;title&quot;:&quot;&quot;,&quot;orientation&quot;:&quot;0&quot;}\" data-image-title=\"fake\" data-image-description=\"\" data-image-caption=\"\" data-medium-file=\"https:\/\/i0.wp.com\/blogdalucianaoliveira.com.br\/blog\/wp-content\/uploads\/2020\/12\/fake.jpg?fit=300%2C300\" data-large-file=\"https:\/\/i0.wp.com\/blogdalucianaoliveira.com.br\/blog\/wp-content\/uploads\/2020\/12\/fake.jpg?fit=600%2C600\" src=\"https:\/\/i2.wp.com\/blogdalucianaoliveira.com.br\/blog\/wp-content\/uploads\/2020\/12\/fake.jpg?fit=600%2C600\" alt=\"\" class=\"wp-image-30359\" srcset=\"https:\/\/i0.wp.com\/blogdalucianaoliveira.com.br\/blog\/wp-content\/uploads\/2020\/12\/fake.jpg?w=1241 1241w, https:\/\/i0.wp.com\/blogdalucianaoliveira.com.br\/blog\/wp-content\/uploads\/2020\/12\/fake.jpg?resize=300%2C300 300w, https:\/\/i0.wp.com\/blogdalucianaoliveira.com.br\/blog\/wp-content\/uploads\/2020\/12\/fake.jpg?resize=1024%2C1024 1024w, https:\/\/i0.wp.com\/blogdalucianaoliveira.com.br\/blog\/wp-content\/uploads\/2020\/12\/fake.jpg?resize=150%2C150 150w, https:\/\/i0.wp.com\/blogdalucianaoliveira.com.br\/blog\/wp-content\/uploads\/2020\/12\/fake.jpg?resize=768%2C768 768w\" sizes=\"auto, (max-width: 600px) 100vw, 600px\" \/><\/figure>\n\n\n\n<p>B\u00e1rbara tamb\u00e9m tem assessoramento jur\u00eddico e em Porto Velho, onde vive e trabalha ir\u00e1 tomar as provid\u00eancias para que o deputado responda pela agress\u00e3o.<\/p>\n\n\n\n<p>Ela j\u00e1 recebeu tamb\u00e9m o apoio de coletivos populares e entidades que v\u00e3o acionar a Comiss\u00e3o da Mulher na seccional da OAB-RO para acompanhar o andamento da den\u00fancia contra o deputado.<\/p>\n\n\n\n<figure class=\"wp-block-image\"><img decoding=\"async\" src=\"https:\/\/scontent.fpoa11-1.fna.fbcdn.net\/v\/t31.0-8\/20157304_1271221312989070_1202829549282599599_o.jpg?_nc_cat=109&amp;ccb=2&amp;_nc_sid=a9b1d2&amp;_nc_ohc=ktUOJZsceFYAX8wYo6x&amp;_nc_ht=scontent.fpoa11-1.fna&amp;oh=b4288ccee3ad28ae5efb9a5f405e0ef2&amp;oe=5FFDC8C9\" alt=\"Nenhuma descri\u00e7\u00e3o de foto dispon\u00edvel.\"\/><\/figure>\n\n\n\n<p>B\u00e1rbara Knightz \u00e9 representante comercial, formada em engenharia de produ\u00e7\u00e3o, dan\u00e7arina com registro profissional da categoria e do Sindicato dos Artistas.<\/p>\n\n\n\n<p>Ela dan\u00e7a desde os sete anos de idade e integra uma fam\u00edlia e comunidade de tradi\u00e7\u00e3o e valiosas contribui\u00e7\u00f5es com a cultura da capital.<\/p>\n\n\n\n<p>\u201cPosso n\u00e3o ser nada para o deputado, mas como mulher preta, dan\u00e7arina profissional e militante da cultura popular, n\u00e3o calo. Vou me defender e denunciar para que outros, principalmente com fun\u00e7\u00e3o p\u00fablica, n\u00e3o desrespeitem as mulheres. O que mais doeu em mim, n\u00e3o foi o tapa. Foi a oferta indecente pra eu dan\u00e7ar para ele&#8221;.<\/p>\n\n\n\n<p>Silvia Ferreira de Oliveira Pinheiro, da fam\u00edlia, da comunidade e do F\u00f3rum Popular de Mulheres, mandou um recado ao deputado que teria dito que a dan\u00e7arina n\u00e3o \u00e9 nada: &#8220;A B\u00e1rbara n\u00e3o est\u00e1 s\u00f3.  Est\u00e1 cercada de valores e pessoas que pregam o amor e o respeito \u00e0s pessoas, especialmente \u00e0s mulheres que sofrem diariamente toda forma de viol\u00eancia e ass\u00e9dio&#8221;.<\/p>\n\n\n\n<p>Veja no link o desabafo e den\u00fancia de B\u00e1rbara: <a href=\"https:\/\/www.instagram.com\/p\/CIwWAnOjwHV\/?hl=pt-br\">https:\/\/www.instagram.com\/p\/CIwWAnOjwHV\/?hl=pt-br<\/a><\/p>\n\n\n\n<p> <\/p>\n\n\n\n<p><\/p>\n","protected":false},"excerpt":{"rendered":"<p>Foi nas redes sociais que B\u00e1rbara Carolina Silva Knightz denunciou a agress\u00e3o que afirma ter sofrido num evento em Ariquemes no s\u00e1bado, 12.<\/p>\n","protected":false},"author":1,"featured_media":0,"comment_status":"closed","ping_status":"open","sticky":false,"template":"","format":"standard","meta":{"_exactmetrics_skip_tracking":false,"_exactmetrics_sitenote_active":false,"_exactmetrics_sitenote_note":"","_exactmetrics_sitenote_category":0,"jetpack_post_was_ever_published":false,"_jetpack_newsletter_access":"","_jetpack_dont_email_post_to_subs":false,"_jetpack_newsletter_tier_id":0,"_jetpack_memberships_contains_paywalled_content":false,"_jetpack_memberships_contains_paid_content":false,"footnotes":"","jetpack_publicize_message":"","jetpack_publicize_feature_enabled":true,"jetpack_social_post_already_shared":true,"jetpack_social_options":{"image_generator_settings":{"template":"highway","enabled":false},"version":2}},"categories":[1],"tags":[],"class_list":["post-30357","post","type-post","status-publish","format-standard","hentry","category-notas"],"jetpack_publicize_connections":[],"jetpack_sharing_enabled":true,"jetpack_featured_media_url":"","jetpack_shortlink":"https:\/\/wp.me\/p7wKYW-7TD","jetpack-related-posts":[],"_links":{"self":[{"href":"http:\/\/blogdalucianaoliveira.com.br\/blog\/wp-json\/wp\/v2\/posts\/30357","targetHints":{"allow":["GET"]}}],"collection":[{"href":"http:\/\/blogdalucianaoliveira.com.br\/blog\/wp-json\/wp\/v2\/posts"}],"about":[{"href":"http:\/\/blogdalucianaoliveira.com.br\/blog\/wp-json\/wp\/v2\/types\/post"}],"author":[{"embeddable":true,"href":"http:\/\/blogdalucianaoliveira.com.br\/blog\/wp-json\/wp\/v2\/users\/1"}],"replies":[{"embeddable":true,"href":"http:\/\/blogdalucianaoliveira.com.br\/blog\/wp-json\/wp\/v2\/comments?post=30357"}],"version-history":[{"count":7,"href":"http:\/\/blogdalucianaoliveira.com.br\/blog\/wp-json\/wp\/v2\/posts\/30357\/revisions"}],"predecessor-version":[{"id":30368,"href":"http:\/\/blogdalucianaoliveira.com.br\/blog\/wp-json\/wp\/v2\/posts\/30357\/revisions\/30368"}],"wp:attachment":[{"href":"http:\/\/blogdalucianaoliveira.com.br\/blog\/wp-json\/wp\/v2\/media?parent=30357"}],"wp:term":[{"taxonomy":"category","embeddable":true,"href":"http:\/\/blogdalucianaoliveira.com.br\/blog\/wp-json\/wp\/v2\/categories?post=30357"},{"taxonomy":"post_tag","embeddable":true,"href":"http:\/\/blogdalucianaoliveira.com.br\/blog\/wp-json\/wp\/v2\/tags?post=30357"}],"curies":[{"name":"wp","href":"https:\/\/api.w.org\/{rel}","templated":true}]}}