{"id":30369,"date":"2020-12-14T14:25:05","date_gmt":"2020-12-14T18:25:05","guid":{"rendered":"http:\/\/blogdalucianaoliveira.com.br\/blog\/?p=30369"},"modified":"2020-12-14T14:35:08","modified_gmt":"2020-12-14T18:35:08","slug":"dancarina-registra-boletim-de-ocorrencia-contra-deputado-geraldo-da-rondonia","status":"publish","type":"post","link":"http:\/\/blogdalucianaoliveira.com.br\/blog\/2020\/12\/14\/dancarina-registra-boletim-de-ocorrencia-contra-deputado-geraldo-da-rondonia\/","title":{"rendered":"Dan\u00e7arina vai \u00e0 delegacia e registra den\u00fancia contra deputado Geraldo da Rond\u00f4nia"},"content":{"rendered":"\n<figure class=\"wp-block-image size-large\"><img loading=\"lazy\" decoding=\"async\" width=\"1080\" height=\"1058\" data-attachment-id=\"30370\" data-permalink=\"http:\/\/blogdalucianaoliveira.com.br\/blog\/2020\/12\/14\/dancarina-registra-boletim-de-ocorrencia-contra-deputado-geraldo-da-rondonia\/1f60bbeb-809c-4a12-9991-ccf05045694a\/\" data-orig-file=\"https:\/\/i0.wp.com\/blogdalucianaoliveira.com.br\/blog\/wp-content\/uploads\/2020\/12\/1F60BBEB-809C-4A12-9991-CCF05045694A.jpeg?fit=1080%2C1058\" data-orig-size=\"1080,1058\" data-comments-opened=\"0\" data-image-meta=\"{&quot;aperture&quot;:&quot;0&quot;,&quot;credit&quot;:&quot;&quot;,&quot;camera&quot;:&quot;&quot;,&quot;caption&quot;:&quot;&quot;,&quot;created_timestamp&quot;:&quot;0&quot;,&quot;copyright&quot;:&quot;&quot;,&quot;focal_length&quot;:&quot;0&quot;,&quot;iso&quot;:&quot;0&quot;,&quot;shutter_speed&quot;:&quot;0&quot;,&quot;title&quot;:&quot;&quot;,&quot;orientation&quot;:&quot;1&quot;}\" data-image-title=\"1F60BBEB-809C-4A12-9991-CCF05045694A\" data-image-description=\"\" data-image-caption=\"\" data-medium-file=\"https:\/\/i0.wp.com\/blogdalucianaoliveira.com.br\/blog\/wp-content\/uploads\/2020\/12\/1F60BBEB-809C-4A12-9991-CCF05045694A.jpeg?fit=300%2C294\" data-large-file=\"https:\/\/i0.wp.com\/blogdalucianaoliveira.com.br\/blog\/wp-content\/uploads\/2020\/12\/1F60BBEB-809C-4A12-9991-CCF05045694A.jpeg?fit=600%2C588\" src=\"https:\/\/i1.wp.com\/blogdalucianaoliveira.com.br\/blog\/wp-content\/uploads\/2020\/12\/1F60BBEB-809C-4A12-9991-CCF05045694A.jpeg?fit=600%2C588\" alt=\"\" class=\"wp-image-30370\" srcset=\"https:\/\/i0.wp.com\/blogdalucianaoliveira.com.br\/blog\/wp-content\/uploads\/2020\/12\/1F60BBEB-809C-4A12-9991-CCF05045694A.jpeg?w=1080 1080w, https:\/\/i0.wp.com\/blogdalucianaoliveira.com.br\/blog\/wp-content\/uploads\/2020\/12\/1F60BBEB-809C-4A12-9991-CCF05045694A.jpeg?resize=300%2C294 300w, https:\/\/i0.wp.com\/blogdalucianaoliveira.com.br\/blog\/wp-content\/uploads\/2020\/12\/1F60BBEB-809C-4A12-9991-CCF05045694A.jpeg?resize=1024%2C1003 1024w, https:\/\/i0.wp.com\/blogdalucianaoliveira.com.br\/blog\/wp-content\/uploads\/2020\/12\/1F60BBEB-809C-4A12-9991-CCF05045694A.jpeg?resize=768%2C752 768w, https:\/\/i0.wp.com\/blogdalucianaoliveira.com.br\/blog\/wp-content\/uploads\/2020\/12\/1F60BBEB-809C-4A12-9991-CCF05045694A.jpeg?resize=306%2C300 306w\" sizes=\"auto, (max-width: 600px) 100vw, 600px\" \/><\/figure>\n\n\n\n<p><\/p>\n\n\n\n<p>A profissional de dan\u00e7a Carolina Silva Knightz, registrou den\u00fancia na 2\u00aa delegacia de pol\u00edcia de Porto Velho contra o deputado estadual, Geraldo da Rond\u00f4nia, por les\u00e3o corporal, constrangimento e abuso de autoridade.&nbsp;<\/p>\n\n\n\n<!--more-->\n\n\n\n<p><br><\/p>\n\n\n\n<figure class=\"wp-block-image size-large\"><img data-recalc-dims=\"1\" loading=\"lazy\" decoding=\"async\" width=\"600\" height=\"739\" data-attachment-id=\"30374\" data-permalink=\"http:\/\/blogdalucianaoliveira.com.br\/blog\/2020\/12\/14\/dancarina-registra-boletim-de-ocorrencia-contra-deputado-geraldo-da-rondonia\/88f0f60b-7ada-487b-97c9-09f7f33509e1\/\" data-orig-file=\"https:\/\/i0.wp.com\/blogdalucianaoliveira.com.br\/blog\/wp-content\/uploads\/2020\/12\/88F0F60B-7ADA-487B-97C9-09F7F33509E1.jpeg?fit=771%2C950\" data-orig-size=\"771,950\" data-comments-opened=\"0\" data-image-meta=\"{&quot;aperture&quot;:&quot;0&quot;,&quot;credit&quot;:&quot;&quot;,&quot;camera&quot;:&quot;&quot;,&quot;caption&quot;:&quot;&quot;,&quot;created_timestamp&quot;:&quot;0&quot;,&quot;copyright&quot;:&quot;&quot;,&quot;focal_length&quot;:&quot;0&quot;,&quot;iso&quot;:&quot;0&quot;,&quot;shutter_speed&quot;:&quot;0&quot;,&quot;title&quot;:&quot;&quot;,&quot;orientation&quot;:&quot;0&quot;}\" data-image-title=\"88F0F60B-7ADA-487B-97C9-09F7F33509E1\" data-image-description=\"\" data-image-caption=\"\" data-medium-file=\"https:\/\/i0.wp.com\/blogdalucianaoliveira.com.br\/blog\/wp-content\/uploads\/2020\/12\/88F0F60B-7ADA-487B-97C9-09F7F33509E1.jpeg?fit=243%2C300\" data-large-file=\"https:\/\/i0.wp.com\/blogdalucianaoliveira.com.br\/blog\/wp-content\/uploads\/2020\/12\/88F0F60B-7ADA-487B-97C9-09F7F33509E1.jpeg?fit=600%2C739\" src=\"https:\/\/i0.wp.com\/blogdalucianaoliveira.com.br\/blog\/wp-content\/uploads\/2020\/12\/88F0F60B-7ADA-487B-97C9-09F7F33509E1.jpeg?resize=600%2C739\" alt=\"\" class=\"wp-image-30374\" srcset=\"https:\/\/i0.wp.com\/blogdalucianaoliveira.com.br\/blog\/wp-content\/uploads\/2020\/12\/88F0F60B-7ADA-487B-97C9-09F7F33509E1.jpeg?w=771 771w, https:\/\/i0.wp.com\/blogdalucianaoliveira.com.br\/blog\/wp-content\/uploads\/2020\/12\/88F0F60B-7ADA-487B-97C9-09F7F33509E1.jpeg?resize=243%2C300 243w, https:\/\/i0.wp.com\/blogdalucianaoliveira.com.br\/blog\/wp-content\/uploads\/2020\/12\/88F0F60B-7ADA-487B-97C9-09F7F33509E1.jpeg?resize=768%2C946 768w\" sizes=\"auto, (max-width: 600px) 100vw, 600px\" \/><\/figure>\n\n\n\n<p>Ela relatou a viol\u00eancia verbal e f\u00edsica que sofreu num evento em Ariquemes no s\u00e1bado, 12.<\/p>\n\n\n\n<p>Ao sair da casa de eventos para descansar da apresenta\u00e7\u00e3o com Gabriel Parada e Banda, ela conta que foi abordada por um assessor do deputado, que lhe fez uma proposta que considerou indecente e humilhante.<\/p>\n\n\n\n<p>\u201cEle me ofereceu 100 reais para dan\u00e7ar perto da mesa do deputado. Eu estava trabalhando num evento, mas ele achou que podia me comprar para dan\u00e7ar pra ele\u201d.<\/p>\n\n\n\n<p>Como recusou, B\u00e1rbara diz que come\u00e7ou a receber provoca\u00e7\u00f5es quando deixou o palco outras vezes para se refrescar do lado de fora da casa de eventos.<\/p>\n\n\n\n<p>Depois de cerca de tr\u00eas horas de apresenta\u00e7\u00e3o, o pr\u00f3prio deputado a teria abordado com ofensas.<\/p>\n\n\n\n<p>\u201cEle come\u00e7ou a dizer coisas como \u2018essa banda de merda\u2019, \u2018voc\u00ea muito metida\u2019 e \u2018voc\u00ea n\u00e3o \u00e9 nada\u2019, diz a dan\u00e7arina.<\/p>\n\n\n\n<p>Indignada, B\u00e1rbara diz que encarou o deputado e explicou que \u00e9 dan\u00e7arina profissional h\u00e1 duas d\u00e9cadas, que n\u00e3o se vendia para dan\u00e7ar para ele e que seus assessores a estavam humilhando por ter recusado a proposta indecente.<\/p>\n\n\n\n<p>\u201cFoi nessa hora do bate boca que ele me deu um tapa. Era pra pegar no rosto, mas atingiu meu corpo. Se eu n\u00e3o me afastasse n\u00e3o sei o que mais poderia ter acontecido\u201d, relatou.<\/p>\n\n\n\n<p>A organiza\u00e7\u00e3o da festa Bendita Sunset confirmou a agress\u00e3o verbal e f\u00edsica em nota de rep\u00fadio ao deputado e destacou que \u201catitudes como essa incitam a viol\u00eancia e o desrespeito com as mulheres\u201d.<\/p>\n\n\n\n<figure class=\"wp-block-image size-large\"><img data-recalc-dims=\"1\" loading=\"lazy\" decoding=\"async\" width=\"576\" height=\"1024\" data-attachment-id=\"30371\" data-permalink=\"http:\/\/blogdalucianaoliveira.com.br\/blog\/2020\/12\/14\/dancarina-registra-boletim-de-ocorrencia-contra-deputado-geraldo-da-rondonia\/365a1a37-7711-4575-9175-74ba34506882\/\" data-orig-file=\"https:\/\/i0.wp.com\/blogdalucianaoliveira.com.br\/blog\/wp-content\/uploads\/2020\/12\/365A1A37-7711-4575-9175-74BA34506882.jpeg?fit=576%2C1024\" data-orig-size=\"576,1024\" data-comments-opened=\"0\" data-image-meta=\"{&quot;aperture&quot;:&quot;0&quot;,&quot;credit&quot;:&quot;&quot;,&quot;camera&quot;:&quot;&quot;,&quot;caption&quot;:&quot;&quot;,&quot;created_timestamp&quot;:&quot;0&quot;,&quot;copyright&quot;:&quot;&quot;,&quot;focal_length&quot;:&quot;0&quot;,&quot;iso&quot;:&quot;0&quot;,&quot;shutter_speed&quot;:&quot;0&quot;,&quot;title&quot;:&quot;&quot;,&quot;orientation&quot;:&quot;0&quot;}\" data-image-title=\"365A1A37-7711-4575-9175-74BA34506882\" data-image-description=\"\" data-image-caption=\"\" data-medium-file=\"https:\/\/i0.wp.com\/blogdalucianaoliveira.com.br\/blog\/wp-content\/uploads\/2020\/12\/365A1A37-7711-4575-9175-74BA34506882.jpeg?fit=169%2C300\" data-large-file=\"https:\/\/i0.wp.com\/blogdalucianaoliveira.com.br\/blog\/wp-content\/uploads\/2020\/12\/365A1A37-7711-4575-9175-74BA34506882.jpeg?fit=576%2C1024\" src=\"https:\/\/i0.wp.com\/blogdalucianaoliveira.com.br\/blog\/wp-content\/uploads\/2020\/12\/365A1A37-7711-4575-9175-74BA34506882.jpeg?resize=576%2C1024\" alt=\"\" class=\"wp-image-30371\" srcset=\"https:\/\/i0.wp.com\/blogdalucianaoliveira.com.br\/blog\/wp-content\/uploads\/2020\/12\/365A1A37-7711-4575-9175-74BA34506882.jpeg?w=576 576w, https:\/\/i0.wp.com\/blogdalucianaoliveira.com.br\/blog\/wp-content\/uploads\/2020\/12\/365A1A37-7711-4575-9175-74BA34506882.jpeg?resize=169%2C300 169w\" sizes=\"auto, (max-width: 576px) 100vw, 576px\" \/><\/figure>\n\n\n\n<p>A agress\u00e3o foi amplamente divulgada na imprensa e com a grande repercuss\u00e3o, o filho do deputado tamb\u00e9m usou as redes sociais para acusar a dan\u00e7arina de estar buscando fama.&nbsp;<\/p>\n\n\n\n<p>Matheus da Rond\u00f4nia desativou os coment\u00e1rios no Instagram para segurar a avalanche de cr\u00edticas \u00e0 conduta do pai.&nbsp;<br><\/p>\n\n\n\n<figure class=\"wp-block-image size-large\"><img loading=\"lazy\" decoding=\"async\" width=\"828\" height=\"1353\" data-attachment-id=\"30372\" data-permalink=\"http:\/\/blogdalucianaoliveira.com.br\/blog\/2020\/12\/14\/dancarina-registra-boletim-de-ocorrencia-contra-deputado-geraldo-da-rondonia\/95e70864-acdb-4163-a3bb-b1b7edb8d0af\/\" data-orig-file=\"https:\/\/i0.wp.com\/blogdalucianaoliveira.com.br\/blog\/wp-content\/uploads\/2020\/12\/95E70864-ACDB-4163-A3BB-B1B7EDB8D0AF.jpeg?fit=828%2C1353\" data-orig-size=\"828,1353\" data-comments-opened=\"0\" data-image-meta=\"{&quot;aperture&quot;:&quot;0&quot;,&quot;credit&quot;:&quot;&quot;,&quot;camera&quot;:&quot;&quot;,&quot;caption&quot;:&quot;&quot;,&quot;created_timestamp&quot;:&quot;0&quot;,&quot;copyright&quot;:&quot;&quot;,&quot;focal_length&quot;:&quot;0&quot;,&quot;iso&quot;:&quot;0&quot;,&quot;shutter_speed&quot;:&quot;0&quot;,&quot;title&quot;:&quot;&quot;,&quot;orientation&quot;:&quot;1&quot;}\" data-image-title=\"95E70864-ACDB-4163-A3BB-B1B7EDB8D0AF\" data-image-description=\"\" data-image-caption=\"\" data-medium-file=\"https:\/\/i0.wp.com\/blogdalucianaoliveira.com.br\/blog\/wp-content\/uploads\/2020\/12\/95E70864-ACDB-4163-A3BB-B1B7EDB8D0AF.jpeg?fit=184%2C300\" data-large-file=\"https:\/\/i0.wp.com\/blogdalucianaoliveira.com.br\/blog\/wp-content\/uploads\/2020\/12\/95E70864-ACDB-4163-A3BB-B1B7EDB8D0AF.jpeg?fit=600%2C980\" src=\"https:\/\/i0.wp.com\/blogdalucianaoliveira.com.br\/blog\/wp-content\/uploads\/2020\/12\/95E70864-ACDB-4163-A3BB-B1B7EDB8D0AF.jpeg?fit=600%2C980\" alt=\"\" class=\"wp-image-30372\" srcset=\"https:\/\/i0.wp.com\/blogdalucianaoliveira.com.br\/blog\/wp-content\/uploads\/2020\/12\/95E70864-ACDB-4163-A3BB-B1B7EDB8D0AF.jpeg?w=828 828w, https:\/\/i0.wp.com\/blogdalucianaoliveira.com.br\/blog\/wp-content\/uploads\/2020\/12\/95E70864-ACDB-4163-A3BB-B1B7EDB8D0AF.jpeg?resize=184%2C300 184w, https:\/\/i0.wp.com\/blogdalucianaoliveira.com.br\/blog\/wp-content\/uploads\/2020\/12\/95E70864-ACDB-4163-A3BB-B1B7EDB8D0AF.jpeg?resize=627%2C1024 627w, https:\/\/i0.wp.com\/blogdalucianaoliveira.com.br\/blog\/wp-content\/uploads\/2020\/12\/95E70864-ACDB-4163-A3BB-B1B7EDB8D0AF.jpeg?resize=768%2C1255 768w\" sizes=\"auto, (max-width: 600px) 100vw, 600px\" \/><\/figure>\n\n\n\n<p>Na capital, entidades e coletivos populares se mobilizam para protestar e levar a den\u00fancia a OAB-RO e Assembleia Legislativa do Estado. <br><\/p>\n\n\n\n<figure class=\"wp-block-image size-large\"><img loading=\"lazy\" decoding=\"async\" width=\"1181\" height=\"1181\" data-attachment-id=\"30377\" data-permalink=\"http:\/\/blogdalucianaoliveira.com.br\/blog\/2020\/12\/14\/dancarina-registra-boletim-de-ocorrencia-contra-deputado-geraldo-da-rondonia\/67ea07eb-4a3f-41c3-99c6-c9fdcaae1d3b\/\" data-orig-file=\"https:\/\/i0.wp.com\/blogdalucianaoliveira.com.br\/blog\/wp-content\/uploads\/2020\/12\/67EA07EB-4A3F-41C3-99C6-C9FDCAAE1D3B.jpeg?fit=1181%2C1181\" data-orig-size=\"1181,1181\" data-comments-opened=\"0\" data-image-meta=\"{&quot;aperture&quot;:&quot;0&quot;,&quot;credit&quot;:&quot;&quot;,&quot;camera&quot;:&quot;&quot;,&quot;caption&quot;:&quot;&quot;,&quot;created_timestamp&quot;:&quot;0&quot;,&quot;copyright&quot;:&quot;&quot;,&quot;focal_length&quot;:&quot;0&quot;,&quot;iso&quot;:&quot;0&quot;,&quot;shutter_speed&quot;:&quot;0&quot;,&quot;title&quot;:&quot;&quot;,&quot;orientation&quot;:&quot;0&quot;}\" data-image-title=\"67EA07EB-4A3F-41C3-99C6-C9FDCAAE1D3B\" data-image-description=\"\" data-image-caption=\"\" data-medium-file=\"https:\/\/i0.wp.com\/blogdalucianaoliveira.com.br\/blog\/wp-content\/uploads\/2020\/12\/67EA07EB-4A3F-41C3-99C6-C9FDCAAE1D3B.jpeg?fit=300%2C300\" data-large-file=\"https:\/\/i0.wp.com\/blogdalucianaoliveira.com.br\/blog\/wp-content\/uploads\/2020\/12\/67EA07EB-4A3F-41C3-99C6-C9FDCAAE1D3B.jpeg?fit=600%2C600\" src=\"https:\/\/i0.wp.com\/blogdalucianaoliveira.com.br\/blog\/wp-content\/uploads\/2020\/12\/67EA07EB-4A3F-41C3-99C6-C9FDCAAE1D3B.jpeg?fit=600%2C600\" alt=\"\" class=\"wp-image-30377\" srcset=\"https:\/\/i0.wp.com\/blogdalucianaoliveira.com.br\/blog\/wp-content\/uploads\/2020\/12\/67EA07EB-4A3F-41C3-99C6-C9FDCAAE1D3B.jpeg?w=1181 1181w, https:\/\/i0.wp.com\/blogdalucianaoliveira.com.br\/blog\/wp-content\/uploads\/2020\/12\/67EA07EB-4A3F-41C3-99C6-C9FDCAAE1D3B.jpeg?resize=300%2C300 300w, https:\/\/i0.wp.com\/blogdalucianaoliveira.com.br\/blog\/wp-content\/uploads\/2020\/12\/67EA07EB-4A3F-41C3-99C6-C9FDCAAE1D3B.jpeg?resize=1024%2C1024 1024w, https:\/\/i0.wp.com\/blogdalucianaoliveira.com.br\/blog\/wp-content\/uploads\/2020\/12\/67EA07EB-4A3F-41C3-99C6-C9FDCAAE1D3B.jpeg?resize=150%2C150 150w, https:\/\/i0.wp.com\/blogdalucianaoliveira.com.br\/blog\/wp-content\/uploads\/2020\/12\/67EA07EB-4A3F-41C3-99C6-C9FDCAAE1D3B.jpeg?resize=768%2C768 768w\" sizes=\"auto, (max-width: 600px) 100vw, 600px\" \/><\/figure>\n","protected":false},"excerpt":{"rendered":"<p>A profissional de dan\u00e7a Carolina Silva Knightz, registrou den\u00fancia na 2\u00aa delegacia de pol\u00edcia de Porto Velho contra o deputado estadual, Geraldo da Rond\u00f4nia, por les\u00e3o corporal, constrangimento e abuso de autoridade.&nbsp;<\/p>\n","protected":false},"author":1,"featured_media":0,"comment_status":"closed","ping_status":"open","sticky":false,"template":"","format":"standard","meta":{"_exactmetrics_skip_tracking":false,"_exactmetrics_sitenote_active":false,"_exactmetrics_sitenote_note":"","_exactmetrics_sitenote_category":0,"jetpack_post_was_ever_published":false,"_jetpack_newsletter_access":"","_jetpack_dont_email_post_to_subs":false,"_jetpack_newsletter_tier_id":0,"_jetpack_memberships_contains_paywalled_content":false,"_jetpack_memberships_contains_paid_content":false,"footnotes":"","jetpack_publicize_message":"","jetpack_publicize_feature_enabled":true,"jetpack_social_post_already_shared":true,"jetpack_social_options":{"image_generator_settings":{"template":"highway","enabled":false},"version":2}},"categories":[1],"tags":[],"class_list":["post-30369","post","type-post","status-publish","format-standard","hentry","category-notas"],"jetpack_publicize_connections":[],"jetpack_sharing_enabled":true,"jetpack_featured_media_url":"","jetpack_shortlink":"https:\/\/wp.me\/p7wKYW-7TP","jetpack-related-posts":[],"_links":{"self":[{"href":"http:\/\/blogdalucianaoliveira.com.br\/blog\/wp-json\/wp\/v2\/posts\/30369","targetHints":{"allow":["GET"]}}],"collection":[{"href":"http:\/\/blogdalucianaoliveira.com.br\/blog\/wp-json\/wp\/v2\/posts"}],"about":[{"href":"http:\/\/blogdalucianaoliveira.com.br\/blog\/wp-json\/wp\/v2\/types\/post"}],"author":[{"embeddable":true,"href":"http:\/\/blogdalucianaoliveira.com.br\/blog\/wp-json\/wp\/v2\/users\/1"}],"replies":[{"embeddable":true,"href":"http:\/\/blogdalucianaoliveira.com.br\/blog\/wp-json\/wp\/v2\/comments?post=30369"}],"version-history":[{"count":4,"href":"http:\/\/blogdalucianaoliveira.com.br\/blog\/wp-json\/wp\/v2\/posts\/30369\/revisions"}],"predecessor-version":[{"id":30378,"href":"http:\/\/blogdalucianaoliveira.com.br\/blog\/wp-json\/wp\/v2\/posts\/30369\/revisions\/30378"}],"wp:attachment":[{"href":"http:\/\/blogdalucianaoliveira.com.br\/blog\/wp-json\/wp\/v2\/media?parent=30369"}],"wp:term":[{"taxonomy":"category","embeddable":true,"href":"http:\/\/blogdalucianaoliveira.com.br\/blog\/wp-json\/wp\/v2\/categories?post=30369"},{"taxonomy":"post_tag","embeddable":true,"href":"http:\/\/blogdalucianaoliveira.com.br\/blog\/wp-json\/wp\/v2\/tags?post=30369"}],"curies":[{"name":"wp","href":"https:\/\/api.w.org\/{rel}","templated":true}]}}