{"id":30387,"date":"2020-12-14T20:10:58","date_gmt":"2020-12-15T00:10:58","guid":{"rendered":"http:\/\/blogdalucianaoliveira.com.br\/blog\/?p=30387"},"modified":"2020-12-14T20:11:04","modified_gmt":"2020-12-15T00:11:04","slug":"stj-manda-prender-duas-desembargadoras-por-venda-de-decisoes-judiciais-em-acao-sobre-terras-griladas-na-ba","status":"publish","type":"post","link":"http:\/\/blogdalucianaoliveira.com.br\/blog\/2020\/12\/14\/stj-manda-prender-duas-desembargadoras-por-venda-de-decisoes-judiciais-em-acao-sobre-terras-griladas-na-ba\/","title":{"rendered":"STJ manda prender duas desembargadoras por venda de decis\u00f5es judiciais em a\u00e7\u00e3o sobre terras griladas na BA"},"content":{"rendered":"\n<figure class=\"wp-block-image size-large\"><img loading=\"lazy\" decoding=\"async\" width=\"1102\" height=\"675\" data-attachment-id=\"30388\" data-permalink=\"http:\/\/blogdalucianaoliveira.com.br\/blog\/2020\/12\/14\/stj-manda-prender-duas-desembargadoras-por-venda-de-decisoes-judiciais-em-acao-sobre-terras-griladas-na-ba\/c937a116-2e61-41f2-9ef9-9fa04891b3aa\/\" data-orig-file=\"https:\/\/i0.wp.com\/blogdalucianaoliveira.com.br\/blog\/wp-content\/uploads\/2020\/12\/C937A116-2E61-41F2-9EF9-9FA04891B3AA.jpeg?fit=1102%2C675\" data-orig-size=\"1102,675\" data-comments-opened=\"0\" data-image-meta=\"{&quot;aperture&quot;:&quot;0&quot;,&quot;credit&quot;:&quot;&quot;,&quot;camera&quot;:&quot;&quot;,&quot;caption&quot;:&quot;&quot;,&quot;created_timestamp&quot;:&quot;0&quot;,&quot;copyright&quot;:&quot;&quot;,&quot;focal_length&quot;:&quot;0&quot;,&quot;iso&quot;:&quot;0&quot;,&quot;shutter_speed&quot;:&quot;0&quot;,&quot;title&quot;:&quot;&quot;,&quot;orientation&quot;:&quot;0&quot;}\" data-image-title=\"C937A116-2E61-41F2-9EF9-9FA04891B3AA\" data-image-description=\"\" data-image-caption=\"\" data-medium-file=\"https:\/\/i0.wp.com\/blogdalucianaoliveira.com.br\/blog\/wp-content\/uploads\/2020\/12\/C937A116-2E61-41F2-9EF9-9FA04891B3AA.jpeg?fit=300%2C184\" data-large-file=\"https:\/\/i0.wp.com\/blogdalucianaoliveira.com.br\/blog\/wp-content\/uploads\/2020\/12\/C937A116-2E61-41F2-9EF9-9FA04891B3AA.jpeg?fit=600%2C367\" src=\"https:\/\/i1.wp.com\/blogdalucianaoliveira.com.br\/blog\/wp-content\/uploads\/2020\/12\/C937A116-2E61-41F2-9EF9-9FA04891B3AA.jpeg?fit=600%2C367\" alt=\"\" class=\"wp-image-30388\" srcset=\"https:\/\/i0.wp.com\/blogdalucianaoliveira.com.br\/blog\/wp-content\/uploads\/2020\/12\/C937A116-2E61-41F2-9EF9-9FA04891B3AA.jpeg?w=1102 1102w, https:\/\/i0.wp.com\/blogdalucianaoliveira.com.br\/blog\/wp-content\/uploads\/2020\/12\/C937A116-2E61-41F2-9EF9-9FA04891B3AA.jpeg?resize=300%2C184 300w, https:\/\/i0.wp.com\/blogdalucianaoliveira.com.br\/blog\/wp-content\/uploads\/2020\/12\/C937A116-2E61-41F2-9EF9-9FA04891B3AA.jpeg?resize=1024%2C627 1024w, https:\/\/i0.wp.com\/blogdalucianaoliveira.com.br\/blog\/wp-content\/uploads\/2020\/12\/C937A116-2E61-41F2-9EF9-9FA04891B3AA.jpeg?resize=768%2C470 768w, https:\/\/i0.wp.com\/blogdalucianaoliveira.com.br\/blog\/wp-content\/uploads\/2020\/12\/C937A116-2E61-41F2-9EF9-9FA04891B3AA.jpeg?resize=490%2C300 490w\" sizes=\"auto, (max-width: 600px) 100vw, 600px\" \/><\/figure>\n\n\n\n<p>Revista F\u00f3rum &#8211; O ministro Og Fernandes, do Superior Tribunal de Justi\u00e7a, determinou a pris\u00e3o tempor\u00e1ria das desembargadoras L\u00edgia Maria Ramos Cunha Lima e Ilona M\u00e1rcia Reis, do Tribunal de Justi\u00e7a da Bahia (TJ-BA), por venda de decis\u00f5es judiciais em um processo de tentativa de legaliza\u00e7\u00e3o de terras griladas no Oeste do estado.<\/p>\n\n\n\n<!--more-->\n\n\n\n<p>Em sua decis\u00e3o, o ministro ainda prev\u00ea o afastamento do cargo e da fun\u00e7\u00e3o de todos os servidores p\u00fablicos envolvidos nas da Opera\u00e7\u00e3o Faroeste, da Pol\u00edcia Federal, que investiga o caso. Tamb\u00e9m foram cumpridos 35 mandados de busca e apreens\u00e3o em Salvador, em outras tr\u00eas cidades baianas \u2014 Barreiras, Catu, Uiba\u00ed \u2014 e um em Bras\u00edlia (DF).<\/p>\n\n\n\n<p>A disputa em torno das duas fazendas do oeste baiano \u00e9 parte central de uma opera\u00e7\u00e3o que culminou no afastamento de quatro desembargadores e na pris\u00e3o de uma desembargadora e um juiz do TJ-BA.<\/p>\n\n\n\n<p>H\u00e1 suspeitas de que a \u00e1rea objeto de grilagem supere os 360 mil hectares e de que o grupo envolvido na din\u00e2mica il\u00edcita tenha movimentado cifras bilion\u00e1rias.<\/p>\n\n\n\n<p><strong>Homenagem<br><\/strong>Matriarca de uma fam\u00edlia tradicional na \u00e1rea jur\u00eddica, a desembargadora L\u00edgia Maria Ramos Cunha Lima recebeu a Comenda 2 de julho, atrav\u00e9s de proposi\u00e7\u00e3o de autoria do deputado estadual Sandro R\u00e9gis (DEM), na Assembleia Legislativa da Bahia (Alba).<\/p>\n\n\n\n<p>A cerim\u00f4nia aconteceu em fevereiro de 2018 e foi divulgada pelo deputado em v\u00eddeo nas redes sociais. Al\u00e9m de depoimentos dos filhos e familiares, o prefeito eleito de Salvador, Bruno Reis (DEM), que \u00e0 \u00e9poca era vice-prefeito de ACM Neto, falou da \u201cintelig\u00eancia\u201d do deputado Sandro Regis, por conferir \u201ca mais alta honraria\u201d do estado \u00e0 desembargadora.<\/p>\n","protected":false},"excerpt":{"rendered":"<p>Revista F\u00f3rum &#8211; O ministro Og Fernandes, do Superior Tribunal de Justi\u00e7a, determinou a pris\u00e3o tempor\u00e1ria das desembargadoras L\u00edgia Maria Ramos Cunha Lima e Ilona M\u00e1rcia Reis, do Tribunal de Justi\u00e7a da Bahia (TJ-BA), por venda de decis\u00f5es judiciais em um processo de tentativa de legaliza\u00e7\u00e3o de terras griladas no Oeste do estado.<\/p>\n","protected":false},"author":1,"featured_media":0,"comment_status":"closed","ping_status":"open","sticky":false,"template":"","format":"standard","meta":{"_exactmetrics_skip_tracking":false,"_exactmetrics_sitenote_active":false,"_exactmetrics_sitenote_note":"","_exactmetrics_sitenote_category":0,"jetpack_post_was_ever_published":false,"_jetpack_newsletter_access":"","_jetpack_dont_email_post_to_subs":false,"_jetpack_newsletter_tier_id":0,"_jetpack_memberships_contains_paywalled_content":false,"_jetpack_memberships_contains_paid_content":false,"footnotes":"","jetpack_publicize_message":"","jetpack_publicize_feature_enabled":true,"jetpack_social_post_already_shared":true,"jetpack_social_options":{"image_generator_settings":{"template":"highway","enabled":false},"version":2}},"categories":[1],"tags":[],"class_list":["post-30387","post","type-post","status-publish","format-standard","hentry","category-notas"],"jetpack_publicize_connections":[],"jetpack_sharing_enabled":true,"jetpack_featured_media_url":"","jetpack_shortlink":"https:\/\/wp.me\/p7wKYW-7U7","jetpack-related-posts":[],"_links":{"self":[{"href":"http:\/\/blogdalucianaoliveira.com.br\/blog\/wp-json\/wp\/v2\/posts\/30387","targetHints":{"allow":["GET"]}}],"collection":[{"href":"http:\/\/blogdalucianaoliveira.com.br\/blog\/wp-json\/wp\/v2\/posts"}],"about":[{"href":"http:\/\/blogdalucianaoliveira.com.br\/blog\/wp-json\/wp\/v2\/types\/post"}],"author":[{"embeddable":true,"href":"http:\/\/blogdalucianaoliveira.com.br\/blog\/wp-json\/wp\/v2\/users\/1"}],"replies":[{"embeddable":true,"href":"http:\/\/blogdalucianaoliveira.com.br\/blog\/wp-json\/wp\/v2\/comments?post=30387"}],"version-history":[{"count":1,"href":"http:\/\/blogdalucianaoliveira.com.br\/blog\/wp-json\/wp\/v2\/posts\/30387\/revisions"}],"predecessor-version":[{"id":30389,"href":"http:\/\/blogdalucianaoliveira.com.br\/blog\/wp-json\/wp\/v2\/posts\/30387\/revisions\/30389"}],"wp:attachment":[{"href":"http:\/\/blogdalucianaoliveira.com.br\/blog\/wp-json\/wp\/v2\/media?parent=30387"}],"wp:term":[{"taxonomy":"category","embeddable":true,"href":"http:\/\/blogdalucianaoliveira.com.br\/blog\/wp-json\/wp\/v2\/categories?post=30387"},{"taxonomy":"post_tag","embeddable":true,"href":"http:\/\/blogdalucianaoliveira.com.br\/blog\/wp-json\/wp\/v2\/tags?post=30387"}],"curies":[{"name":"wp","href":"https:\/\/api.w.org\/{rel}","templated":true}]}}