{"id":30390,"date":"2020-12-14T20:31:05","date_gmt":"2020-12-15T00:31:05","guid":{"rendered":"http:\/\/blogdalucianaoliveira.com.br\/blog\/?p=30390"},"modified":"2020-12-14T20:31:08","modified_gmt":"2020-12-15T00:31:08","slug":"pandemia-longe-do-fim","status":"publish","type":"post","link":"http:\/\/blogdalucianaoliveira.com.br\/blog\/2020\/12\/14\/pandemia-longe-do-fim\/","title":{"rendered":"Pandemia longe do fim"},"content":{"rendered":"\n<figure class=\"wp-block-image size-large\"><img data-recalc-dims=\"1\" loading=\"lazy\" decoding=\"async\" width=\"600\" height=\"340\" data-attachment-id=\"30391\" data-permalink=\"http:\/\/blogdalucianaoliveira.com.br\/blog\/2020\/12\/14\/pandemia-longe-do-fim\/4300f049-1022-4f98-b51f-65b7f8b6fd99\/\" data-orig-file=\"https:\/\/i0.wp.com\/blogdalucianaoliveira.com.br\/blog\/wp-content\/uploads\/2020\/12\/4300F049-1022-4F98-B51F-65B7F8B6FD99.jpeg?fit=670%2C380\" data-orig-size=\"670,380\" data-comments-opened=\"0\" data-image-meta=\"{&quot;aperture&quot;:&quot;0&quot;,&quot;credit&quot;:&quot;&quot;,&quot;camera&quot;:&quot;&quot;,&quot;caption&quot;:&quot;&quot;,&quot;created_timestamp&quot;:&quot;0&quot;,&quot;copyright&quot;:&quot;&quot;,&quot;focal_length&quot;:&quot;0&quot;,&quot;iso&quot;:&quot;0&quot;,&quot;shutter_speed&quot;:&quot;0&quot;,&quot;title&quot;:&quot;&quot;,&quot;orientation&quot;:&quot;0&quot;}\" data-image-title=\"4300F049-1022-4F98-B51F-65B7F8B6FD99\" data-image-description=\"\" data-image-caption=\"\" data-medium-file=\"https:\/\/i0.wp.com\/blogdalucianaoliveira.com.br\/blog\/wp-content\/uploads\/2020\/12\/4300F049-1022-4F98-B51F-65B7F8B6FD99.jpeg?fit=300%2C170\" data-large-file=\"https:\/\/i0.wp.com\/blogdalucianaoliveira.com.br\/blog\/wp-content\/uploads\/2020\/12\/4300F049-1022-4F98-B51F-65B7F8B6FD99.jpeg?fit=600%2C340\" src=\"https:\/\/i0.wp.com\/blogdalucianaoliveira.com.br\/blog\/wp-content\/uploads\/2020\/12\/4300F049-1022-4F98-B51F-65B7F8B6FD99.jpeg?resize=600%2C340\" alt=\"\" class=\"wp-image-30391\" srcset=\"https:\/\/i0.wp.com\/blogdalucianaoliveira.com.br\/blog\/wp-content\/uploads\/2020\/12\/4300F049-1022-4F98-B51F-65B7F8B6FD99.jpeg?w=670 670w, https:\/\/i0.wp.com\/blogdalucianaoliveira.com.br\/blog\/wp-content\/uploads\/2020\/12\/4300F049-1022-4F98-B51F-65B7F8B6FD99.jpeg?resize=300%2C170 300w, https:\/\/i0.wp.com\/blogdalucianaoliveira.com.br\/blog\/wp-content\/uploads\/2020\/12\/4300F049-1022-4F98-B51F-65B7F8B6FD99.jpeg?resize=529%2C300 529w\" sizes=\"auto, (max-width: 600px) 100vw, 600px\" \/><\/figure>\n\n\n\n<p><strong>AMANDA GORZIZA, CAMILLE LICHOTTI E RENATA BUONO<\/strong>, na Revista Piau\u00ed <\/p>\n\n\n\n<!--more-->\n\n\n\n<p><strong>N<\/strong>o dia em que vinte estados brasileiros registraram piora nos n\u00fameros da Covid-19, o presidente Jair Bolsonaro disse que o pa\u00eds vivia um \u201cfinalzinho\u201d de pandemia. Mas os n\u00fameros mostram o contr\u00e1rio. Em dezoito estados e no Distrito Federal, as mortes pela doen\u00e7a est\u00e3o em alta \u2013 e esta emerg\u00eancia de sa\u00fade teve um custo alto para a vida dos brasileiros. O n\u00famero de mortos por Covid-19 no Brasil \u00e9 38 vezes o da China, pa\u00eds mais populoso do mundo. Os chineses contornaram a crise seguindo as medidas recomendadas pela ci\u00eancia. No Brasil, o presidente preferiu seguir a cartilha antici\u00eancia do governo norte-americano, que hoje lidera o ranking de mortes por Covid-19. Proporcionalmente \u00e0 popula\u00e7\u00e3o, a taxa de mortes pela doen\u00e7a no Brasil \u00e9 equivalente \u00e0 dos Estados Unidos. No combate \u00e0 pandemia, o pa\u00eds se tornou um p\u00e1ria. Na capital do Rio de Janeiro, a taxa \u00e9 o dobro da de Londres. A taxa no estado de S\u00e3o Paulo \u00e9 tr\u00eas vezes a da R\u00fassia. E as alternativas para sair da crise s\u00e3o escassas. At\u00e9 o m\u00eas passado, o Canad\u00e1 j\u00e1 havia garantido nove vezes o n\u00famero de vacinas que o Brasil adquiriu para a popula\u00e7\u00e3o. Nesta semana, o =igualdades calcula o saldo da condu\u00e7\u00e3o desastrosa da pandemia no Brasil.<\/p>\n\n\n\n<figure class=\"wp-block-image\"><img data-recalc-dims=\"1\" decoding=\"async\" src=\"https:\/\/i0.wp.com\/piaui.folha.uol.com.br\/wp-content\/uploads\/2020\/12\/1.-Avan%25C3%25A7o-da-Covid.jpg?w=600&#038;ssl=1\" alt=\"\" class=\"wp-image-392524\"\/><\/figure>\n\n\n\n<p>Na \u00faltima quinta-feira, o presidente Jair Bolsonaro comemorou o desempenho do pa\u00eds no combate \u00e0 pandemia. \u201cO Brasil foi um dos pa\u00edses que melhor se saiu no tocante ao combate \u00e0 Covid, levando em conta a quest\u00e3o econ\u00f4mica\u201d, disse. Mas os n\u00fameros revelam que, por aqui, a epidemia cobrou um pre\u00e7o muito alto. O Brasil, mesmo com um sexto da popula\u00e7\u00e3o chinesa, teve 38 vezes o n\u00famero de mortes por Covid-19 do pa\u00eds asi\u00e1tico. Isso significa que, para cada chin\u00eas morto com a doen\u00e7a, 38 brasileiros morreram.<\/p>\n\n\n\n<figure class=\"wp-block-image\"><img data-recalc-dims=\"1\" decoding=\"async\" src=\"https:\/\/i0.wp.com\/piaui.folha.uol.com.br\/wp-content\/uploads\/2020\/12\/2.-Avan%25C3%25A7o-da-Covid.jpg?w=600&#038;ssl=1\" alt=\"\" class=\"wp-image-392525\"\/><\/figure>\n\n\n\n<p>A trag\u00e9dia brasileira se compara \u00e0 dos Estados Unidos, cuja cartilha antici\u00eancia foi seguida pelo presidente Bolsonaro. Os EUA t\u00eam um dos piores desempenhos na pandemia. L\u00e1, a taxa de mortes por Covid-19 foi de 87 \u00f3bitos a cada 100 mil habitantes at\u00e9 dia 10 de dezembro \u2013 equivalente \u00e0 taxa brasileira.&nbsp;<\/p>\n\n\n\n<figure class=\"wp-block-image\"><img data-recalc-dims=\"1\" decoding=\"async\" src=\"https:\/\/i0.wp.com\/piaui.folha.uol.com.br\/wp-content\/uploads\/2020\/12\/3.-Avan%25C3%25A7o-da-Covid.jpg?w=600&#038;ssl=1\" alt=\"\" class=\"wp-image-392526\"\/><\/figure>\n\n\n\n<p>Nova York \u00e9 uma das cidades mais afetadas pela doen\u00e7a no mundo. Na cidade norte-americana, a taxa de mortes por Covid-19 foi de 293 a cada 100 mil habitantes \u2013 o dobro da taxa na capital paulista.&nbsp;<\/p>\n\n\n\n<p><\/p>\n\n\n\n<figure class=\"wp-block-image\"><img data-recalc-dims=\"1\" decoding=\"async\" src=\"https:\/\/i0.wp.com\/piaui.folha.uol.com.br\/wp-content\/uploads\/2020\/12\/4.-Avan%25C3%25A7o-da-Covid.jpg?w=600&#038;ssl=1\" alt=\"\" class=\"wp-image-392527\"\/><\/figure>\n\n\n\n<p>Mas os n\u00fameros paulistas n\u00e3o trazem boas not\u00edcias. Em n\u00fameros absolutos, as mortes em S\u00e3o Paulo e na R\u00fassia s\u00e3o equivalentes \u2013 at\u00e9 dia 10 de dezembro foram registradas 43 mil mortes no estado paulista e 44 mil no pa\u00eds euro-asi\u00e1tico. Proporcionalmente \u00e0 popula\u00e7\u00e3o, o quadro se mostra ainda mais grave: S\u00e3o Paulo registrou uma taxa de 94 mortes a cada 100 mil habitantes por Covid-19 \u2013 \u00e9 o estado brasileiro com maior n\u00famero de \u00f3bitos. A taxa da R\u00fassia, at\u00e9 a mesma data, foi de 31 \u00f3bitos a cada 100 mil habitantes. Ou seja, proporcionalmente \u00e0 popula\u00e7\u00e3o, o estado de S\u00e3o Paulo registrou o triplo de mortes de toda a R\u00fassia.<\/p>\n\n\n\n<figure class=\"wp-block-image\"><img data-recalc-dims=\"1\" decoding=\"async\" src=\"https:\/\/i0.wp.com\/piaui.folha.uol.com.br\/wp-content\/uploads\/2020\/12\/5.-Avan%25C3%25A7o-da-Covid.jpg?w=600&#038;ssl=1\" alt=\"\" class=\"wp-image-392528\"\/><\/figure>\n\n\n\n<p>No Rio de Janeiro, o alto n\u00famero de mortes por Covid-19 vem se mantendo constante no m\u00eas de dezembro. Proporcionalmente \u00e0 popula\u00e7\u00e3o, a capital carioca registrou, at\u00e9 o dia 10, uma taxa de \u00f3bitos de 205 a cada 100 mil habitantes \u2013 o dobro da taxa de Londres.<\/p>\n\n\n\n<figure class=\"wp-block-image\"><img data-recalc-dims=\"1\" decoding=\"async\" src=\"https:\/\/i0.wp.com\/piaui.folha.uol.com.br\/wp-content\/uploads\/2020\/12\/6.-Avan%25C3%25A7o-da-Covid.jpg?w=600&#038;ssl=1\" alt=\"\" class=\"wp-image-392529\"\/><\/figure>\n\n\n\n<p>Na \u00faltima quinta-feira (10), o dia em que 20 estados brasileiros registraram piora nos n\u00fameros da Covid-19, o presidente Jair Bolsonaro disse que o pa\u00eds vivia um \u201cfinalzinho\u201d de pandemia. Mas os dados mostram o contr\u00e1rio. Em Fortaleza, mais de 13 mil casos de Covid-19 foram confirmados em novembro \u2013 o dobro do que havia sido registrado em outubro. Em rela\u00e7\u00e3o ao m\u00eas anterior, houve um aumento de 96% \u2013 sete vezes o aumento verificado no Rio de Janeiro no mesmo per\u00edodo.<\/p>\n\n\n\n<figure class=\"wp-block-image\"><img data-recalc-dims=\"1\" decoding=\"async\" src=\"https:\/\/i0.wp.com\/piaui.folha.uol.com.br\/wp-content\/uploads\/2020\/12\/7.-Avan%25C3%25A7o-da-Covid.jpg?w=600&#038;ssl=1\" alt=\"\" class=\"wp-image-392530\"\/><\/figure>\n\n\n\n<p>O pa\u00eds n\u00e3o tem um plano claro para sair da crise. O investimento nas vacinas, \u00fanica solu\u00e7\u00e3o definitiva para a pandemia, mostra que o Brasil est\u00e1 despreparado. At\u00e9 novembro, o Canad\u00e1 assegurou nove doses de vacina para cada habitante, em uma combina\u00e7\u00e3o com v\u00e1rias empresas diferentes. O Brasil, por outro lado, s\u00f3 tinha garantido 1,2 para cada pessoa \u2013 n\u00famero insuficiente, j\u00e1 que a maior parte das vacinas demanda duas doses para imuniza\u00e7\u00e3o. O c\u00e1lculo leva em conta a compra das vacinas produzidas pela AstraZeneca, pela SinoVac e as distribu\u00eddas pelo cons\u00f3rcio mundial Covax. Isso significa que, at\u00e9 o m\u00eas passado, o Canad\u00e1 garantiu nove vezes o n\u00famero de vacinas que o Brasil adquiriu para a popula\u00e7\u00e3o.<\/p>\n\n\n\n<p><strong>Fontes<\/strong>:&nbsp;Minist\u00e9rio da Sa\u00fade; Organiza\u00e7\u00e3o Mundial da Sa\u00fade;&nbsp;Centers for Disease Control and Prevention; Instituto Brasileiro de Geografia e Estat\u00edstica; United States Census Bureau;&nbsp;Governo do Estado de S\u00e3o Paulo; The World Bank;&nbsp;Secretaria Estadual da Sa\u00fade do Rio de Janeiro; Governo do Reino Unido;&nbsp;Brasil.io (com dados de boletins estaduais);&nbsp;Airfinity (dados publicados em artigo da revista Nature).<\/p>\n","protected":false},"excerpt":{"rendered":"<p>AMANDA GORZIZA, CAMILLE LICHOTTI E RENATA BUONO, na Revista Piau\u00ed<\/p>\n","protected":false},"author":1,"featured_media":0,"comment_status":"closed","ping_status":"open","sticky":false,"template":"","format":"standard","meta":{"_exactmetrics_skip_tracking":false,"_exactmetrics_sitenote_active":false,"_exactmetrics_sitenote_note":"","_exactmetrics_sitenote_category":0,"jetpack_post_was_ever_published":false,"_jetpack_newsletter_access":"","_jetpack_dont_email_post_to_subs":false,"_jetpack_newsletter_tier_id":0,"_jetpack_memberships_contains_paywalled_content":false,"_jetpack_memberships_contains_paid_content":false,"footnotes":"","jetpack_publicize_message":"","jetpack_publicize_feature_enabled":true,"jetpack_social_post_already_shared":true,"jetpack_social_options":{"image_generator_settings":{"template":"highway","enabled":false},"version":2}},"categories":[1],"tags":[],"class_list":["post-30390","post","type-post","status-publish","format-standard","hentry","category-notas"],"jetpack_publicize_connections":[],"jetpack_sharing_enabled":true,"jetpack_featured_media_url":"","jetpack_shortlink":"https:\/\/wp.me\/p7wKYW-7Ua","jetpack-related-posts":[],"_links":{"self":[{"href":"http:\/\/blogdalucianaoliveira.com.br\/blog\/wp-json\/wp\/v2\/posts\/30390","targetHints":{"allow":["GET"]}}],"collection":[{"href":"http:\/\/blogdalucianaoliveira.com.br\/blog\/wp-json\/wp\/v2\/posts"}],"about":[{"href":"http:\/\/blogdalucianaoliveira.com.br\/blog\/wp-json\/wp\/v2\/types\/post"}],"author":[{"embeddable":true,"href":"http:\/\/blogdalucianaoliveira.com.br\/blog\/wp-json\/wp\/v2\/users\/1"}],"replies":[{"embeddable":true,"href":"http:\/\/blogdalucianaoliveira.com.br\/blog\/wp-json\/wp\/v2\/comments?post=30390"}],"version-history":[{"count":1,"href":"http:\/\/blogdalucianaoliveira.com.br\/blog\/wp-json\/wp\/v2\/posts\/30390\/revisions"}],"predecessor-version":[{"id":30392,"href":"http:\/\/blogdalucianaoliveira.com.br\/blog\/wp-json\/wp\/v2\/posts\/30390\/revisions\/30392"}],"wp:attachment":[{"href":"http:\/\/blogdalucianaoliveira.com.br\/blog\/wp-json\/wp\/v2\/media?parent=30390"}],"wp:term":[{"taxonomy":"category","embeddable":true,"href":"http:\/\/blogdalucianaoliveira.com.br\/blog\/wp-json\/wp\/v2\/categories?post=30390"},{"taxonomy":"post_tag","embeddable":true,"href":"http:\/\/blogdalucianaoliveira.com.br\/blog\/wp-json\/wp\/v2\/tags?post=30390"}],"curies":[{"name":"wp","href":"https:\/\/api.w.org\/{rel}","templated":true}]}}