{"id":30393,"date":"2020-12-14T22:03:03","date_gmt":"2020-12-15T02:03:03","guid":{"rendered":"http:\/\/blogdalucianaoliveira.com.br\/blog\/?p=30393"},"modified":"2020-12-14T22:03:08","modified_gmt":"2020-12-15T02:03:08","slug":"nota-de-repudio-coletiva-contra-deputado-geraldo-da-rondonia","status":"publish","type":"post","link":"http:\/\/blogdalucianaoliveira.com.br\/blog\/2020\/12\/14\/nota-de-repudio-coletiva-contra-deputado-geraldo-da-rondonia\/","title":{"rendered":"NOTA DE REP\u00daDIO COLETIVA CONTRA DEPUTADO GERALDO DA ROND\u00d4NIA"},"content":{"rendered":"\n<figure class=\"wp-block-image size-large\"><img data-recalc-dims=\"1\" loading=\"lazy\" decoding=\"async\" width=\"308\" height=\"308\" data-attachment-id=\"30394\" data-permalink=\"http:\/\/blogdalucianaoliveira.com.br\/blog\/2020\/12\/14\/nota-de-repudio-coletiva-contra-deputado-geraldo-da-rondonia\/50ac9c3b-f4d3-4945-93bb-40e3580e71f7\/\" data-orig-file=\"https:\/\/i0.wp.com\/blogdalucianaoliveira.com.br\/blog\/wp-content\/uploads\/2020\/12\/50AC9C3B-F4D3-4945-93BB-40E3580E71F7.jpeg?fit=308%2C308\" data-orig-size=\"308,308\" data-comments-opened=\"0\" data-image-meta=\"{&quot;aperture&quot;:&quot;0&quot;,&quot;credit&quot;:&quot;&quot;,&quot;camera&quot;:&quot;&quot;,&quot;caption&quot;:&quot;&quot;,&quot;created_timestamp&quot;:&quot;0&quot;,&quot;copyright&quot;:&quot;&quot;,&quot;focal_length&quot;:&quot;0&quot;,&quot;iso&quot;:&quot;0&quot;,&quot;shutter_speed&quot;:&quot;0&quot;,&quot;title&quot;:&quot;&quot;,&quot;orientation&quot;:&quot;1&quot;}\" data-image-title=\"50AC9C3B-F4D3-4945-93BB-40E3580E71F7\" data-image-description=\"\" data-image-caption=\"\" data-medium-file=\"https:\/\/i0.wp.com\/blogdalucianaoliveira.com.br\/blog\/wp-content\/uploads\/2020\/12\/50AC9C3B-F4D3-4945-93BB-40E3580E71F7.jpeg?fit=300%2C300\" data-large-file=\"https:\/\/i0.wp.com\/blogdalucianaoliveira.com.br\/blog\/wp-content\/uploads\/2020\/12\/50AC9C3B-F4D3-4945-93BB-40E3580E71F7.jpeg?fit=308%2C308\" src=\"https:\/\/i0.wp.com\/blogdalucianaoliveira.com.br\/blog\/wp-content\/uploads\/2020\/12\/50AC9C3B-F4D3-4945-93BB-40E3580E71F7.jpeg?resize=308%2C308\" alt=\"\" class=\"wp-image-30394\" srcset=\"https:\/\/i0.wp.com\/blogdalucianaoliveira.com.br\/blog\/wp-content\/uploads\/2020\/12\/50AC9C3B-F4D3-4945-93BB-40E3580E71F7.jpeg?w=308 308w, https:\/\/i0.wp.com\/blogdalucianaoliveira.com.br\/blog\/wp-content\/uploads\/2020\/12\/50AC9C3B-F4D3-4945-93BB-40E3580E71F7.jpeg?resize=300%2C300 300w, https:\/\/i0.wp.com\/blogdalucianaoliveira.com.br\/blog\/wp-content\/uploads\/2020\/12\/50AC9C3B-F4D3-4945-93BB-40E3580E71F7.jpeg?resize=150%2C150 150w\" sizes=\"auto, (max-width: 308px) 100vw, 308px\" \/><\/figure>\n\n\n\n<p>A <em>Frente Brasil Popular- Rond\u00f4nia<\/em> a p\u00fablico expressar seu <em>apoio e solidariedade \u00e0 B\u00e1rbara Carolina Silva Knightz<\/em>, que denunciou agress\u00e3o praticada contra ela pelo Deputado Geraldo da Rond\u00f4nia, do Partido Social Crist\u00e3o- PSC, no \u00faltimo dia 12 de dezembro, na cidade de Ariquemes.<\/p>\n\n\n\n<!--more-->\n\n\n\n<p><br> Os fatos narrados por B\u00e1rbara Carolina, que v\u00e3o do ass\u00e9dio \u00e0 agress\u00e3o f\u00edsica, s\u00e3o extremamente graves e devem ser apurados de forma isenta e c\u00e9lere tanto pela autoridade policial quanto pela Assembleia Legislativa de Rond\u00f4nia.<br> \u00c9 inadmiss\u00edvel que uma trabalhadora, no exerc\u00edcio de sua atividade profissional, seja v\u00edtima de tratamento t\u00e3o repulsivo como aquele por ela narrado.<br> Uma vez comprovados os fatos, respeitados o devido processo legal, a ampla defesa e o contradit\u00f3rio, deve o agressor sofrer as devidas san\u00e7\u00f5es estabelecidas na lei.<br> <em>Chega de machismo. Chega de viol\u00eancia contra as mulheres! Chega de impunidade!<\/em><\/p>\n\n\n\n<ol class=\"wp-block-list\"><li>Coletivo Popular pelo Direito \u00e0 Cidade<\/li><li>Confedera\u00e7\u00e3o dos Trabalhadores do Brasil &#8211; CTB<\/li><li>Central \u00danica dos Trabalhadores &#8211; CUT<\/li><li>Instituto Madeira Vivo &#8211; IMV<\/li><li>Levante Popular da Juventude <\/li><li>Movimento dos Atingidos por Barragens &#8211; MAB<\/li><li>Movimento dos Trabalhadores Rurais Sem Terra &#8211; MST<\/li><li>Movimento dos Pequenos Agricultores &#8211; MPA<\/li><li>Partido Comunista do Brasil &#8211; PC do B<\/li><li>Partido dos Trabalhadores <\/li><li>Sindicato dos Urbanit\u00e1rios de Rond\u00f4nia &#8211; SINDUR<\/li><li>Sindicato dos Trabalhadores em Educa\u00e7\u00e3o do Estado de Rond\u00f4nia &#8211; SINTERO<\/li><li>Sindicato dos Trabalhadores em Telecomunica\u00e7\u00f5es de Rond\u00f4nia &#8211; SINTTEL<\/li><\/ol>\n","protected":false},"excerpt":{"rendered":"<p>A Frente Brasil Popular- Rond\u00f4nia a p\u00fablico expressar seu apoio e solidariedade \u00e0 B\u00e1rbara Carolina Silva Knightz, que denunciou agress\u00e3o praticada contra ela pelo Deputado Geraldo da Rond\u00f4nia, do Partido Social Crist\u00e3o- PSC, no \u00faltimo dia 12 de dezembro, na cidade de Ariquemes.<\/p>\n","protected":false},"author":1,"featured_media":0,"comment_status":"closed","ping_status":"open","sticky":false,"template":"","format":"standard","meta":{"_exactmetrics_skip_tracking":false,"_exactmetrics_sitenote_active":false,"_exactmetrics_sitenote_note":"","_exactmetrics_sitenote_category":0,"jetpack_post_was_ever_published":false,"_jetpack_newsletter_access":"","_jetpack_dont_email_post_to_subs":false,"_jetpack_newsletter_tier_id":0,"_jetpack_memberships_contains_paywalled_content":false,"_jetpack_memberships_contains_paid_content":false,"footnotes":"","jetpack_publicize_message":"","jetpack_publicize_feature_enabled":true,"jetpack_social_post_already_shared":true,"jetpack_social_options":{"image_generator_settings":{"template":"highway","enabled":false},"version":2}},"categories":[1],"tags":[],"class_list":["post-30393","post","type-post","status-publish","format-standard","hentry","category-notas"],"jetpack_publicize_connections":[],"jetpack_sharing_enabled":true,"jetpack_featured_media_url":"","jetpack_shortlink":"https:\/\/wp.me\/p7wKYW-7Ud","jetpack-related-posts":[],"_links":{"self":[{"href":"http:\/\/blogdalucianaoliveira.com.br\/blog\/wp-json\/wp\/v2\/posts\/30393","targetHints":{"allow":["GET"]}}],"collection":[{"href":"http:\/\/blogdalucianaoliveira.com.br\/blog\/wp-json\/wp\/v2\/posts"}],"about":[{"href":"http:\/\/blogdalucianaoliveira.com.br\/blog\/wp-json\/wp\/v2\/types\/post"}],"author":[{"embeddable":true,"href":"http:\/\/blogdalucianaoliveira.com.br\/blog\/wp-json\/wp\/v2\/users\/1"}],"replies":[{"embeddable":true,"href":"http:\/\/blogdalucianaoliveira.com.br\/blog\/wp-json\/wp\/v2\/comments?post=30393"}],"version-history":[{"count":1,"href":"http:\/\/blogdalucianaoliveira.com.br\/blog\/wp-json\/wp\/v2\/posts\/30393\/revisions"}],"predecessor-version":[{"id":30395,"href":"http:\/\/blogdalucianaoliveira.com.br\/blog\/wp-json\/wp\/v2\/posts\/30393\/revisions\/30395"}],"wp:attachment":[{"href":"http:\/\/blogdalucianaoliveira.com.br\/blog\/wp-json\/wp\/v2\/media?parent=30393"}],"wp:term":[{"taxonomy":"category","embeddable":true,"href":"http:\/\/blogdalucianaoliveira.com.br\/blog\/wp-json\/wp\/v2\/categories?post=30393"},{"taxonomy":"post_tag","embeddable":true,"href":"http:\/\/blogdalucianaoliveira.com.br\/blog\/wp-json\/wp\/v2\/tags?post=30393"}],"curies":[{"name":"wp","href":"https:\/\/api.w.org\/{rel}","templated":true}]}}