{"id":30396,"date":"2020-12-15T07:30:45","date_gmt":"2020-12-15T11:30:45","guid":{"rendered":"http:\/\/blogdalucianaoliveira.com.br\/blog\/?p=30396"},"modified":"2020-12-15T07:30:49","modified_gmt":"2020-12-15T11:30:49","slug":"brasil-perde-cinco-posicoes-no-ranking-mundial-de-idh","status":"publish","type":"post","link":"http:\/\/blogdalucianaoliveira.com.br\/blog\/2020\/12\/15\/brasil-perde-cinco-posicoes-no-ranking-mundial-de-idh\/","title":{"rendered":"Brasil perde cinco posi\u00e7\u00f5es no ranking mundial de IDH"},"content":{"rendered":"\n<figure class=\"wp-block-image size-large\"><img data-recalc-dims=\"1\" loading=\"lazy\" decoding=\"async\" width=\"600\" height=\"360\" data-attachment-id=\"30397\" data-permalink=\"http:\/\/blogdalucianaoliveira.com.br\/blog\/2020\/12\/15\/brasil-perde-cinco-posicoes-no-ranking-mundial-de-idh\/image-9-14\/\" data-orig-file=\"https:\/\/i0.wp.com\/blogdalucianaoliveira.com.br\/blog\/wp-content\/uploads\/2020\/12\/image-9.jpeg?fit=1000%2C600\" data-orig-size=\"1000,600\" data-comments-opened=\"0\" data-image-meta=\"{&quot;aperture&quot;:&quot;0&quot;,&quot;credit&quot;:&quot;&quot;,&quot;camera&quot;:&quot;&quot;,&quot;caption&quot;:&quot;&quot;,&quot;created_timestamp&quot;:&quot;0&quot;,&quot;copyright&quot;:&quot;&quot;,&quot;focal_length&quot;:&quot;0&quot;,&quot;iso&quot;:&quot;0&quot;,&quot;shutter_speed&quot;:&quot;0&quot;,&quot;title&quot;:&quot;&quot;,&quot;orientation&quot;:&quot;0&quot;}\" data-image-title=\"image-9\" data-image-description=\"\" data-image-caption=\"\" data-medium-file=\"https:\/\/i0.wp.com\/blogdalucianaoliveira.com.br\/blog\/wp-content\/uploads\/2020\/12\/image-9.jpeg?fit=300%2C180\" data-large-file=\"https:\/\/i0.wp.com\/blogdalucianaoliveira.com.br\/blog\/wp-content\/uploads\/2020\/12\/image-9.jpeg?fit=600%2C360\" src=\"https:\/\/i0.wp.com\/blogdalucianaoliveira.com.br\/blog\/wp-content\/uploads\/2020\/12\/image-9.jpeg?resize=600%2C360\" alt=\"\" class=\"wp-image-30397\" srcset=\"https:\/\/i0.wp.com\/blogdalucianaoliveira.com.br\/blog\/wp-content\/uploads\/2020\/12\/image-9.jpeg?w=1000 1000w, https:\/\/i0.wp.com\/blogdalucianaoliveira.com.br\/blog\/wp-content\/uploads\/2020\/12\/image-9.jpeg?resize=300%2C180 300w, https:\/\/i0.wp.com\/blogdalucianaoliveira.com.br\/blog\/wp-content\/uploads\/2020\/12\/image-9.jpeg?resize=768%2C461 768w, https:\/\/i0.wp.com\/blogdalucianaoliveira.com.br\/blog\/wp-content\/uploads\/2020\/12\/image-9.jpeg?resize=500%2C300 500w\" sizes=\"auto, (max-width: 600px) 100vw, 600px\" \/><\/figure>\n\n\n\n<p>G1 &#8211; O Brasil caiu cinco posi\u00e7\u00f5es no ranking de \u00cdndice de Desenvolvimento Humano em 2019, quando comparado ao ano anterior, ainda que seu desempenho tenha tido uma leve melhora.\u00a0<\/p>\n\n\n\n<!--more-->\n\n\n\n<p>O resultado consta no Relat\u00f3rio de Desenvolvimento Humano, do Programa de Desenvolvimento das Na\u00e7\u00f5es Unidas (PNUD), divulgado nesta ter\u00e7a-feira (15).&nbsp;<\/p>\n\n\n\n<p>Considerando os 189 pa\u00edses analisados,&nbsp;os brasileiros aparecem agora na posi\u00e7\u00e3o 84,&nbsp;<a href=\"https:\/\/g1.globo.com\/mundo\/noticia\/2019\/12\/09\/brasil-perde-uma-posicao-em-ranking-do-idh.ghtml\">em vez da 79 &#8211; que ocupavam em 2018 ap\u00f3s perder uma posi\u00e7\u00e3o no ranking<\/a>. Isso apesar de o \u00edndice ter subido de 0,762 para 0,765.&nbsp;<\/p>\n\n\n\n<p>O resultado, por\u00e9m, ainda mant\u00e9m o Brasil no grupo de pa\u00edses com alto desenvolvimento humano.<\/p>\n\n\n\n<p>Mas n\u00e3o h\u00e1 motivos para grande otimismo quando \u00e9 feita uma compara\u00e7\u00e3o com pa\u00edses da Am\u00e9rica do Sul. A m\u00e9dia brasileira \u00e9 menor do que a de Chile, Argentina, Uruguai, Peru e Col\u00f4mbia.&nbsp;<\/p>\n\n\n\n<ul class=\"wp-block-list\"><li>Chile (43) \u2013 0,851<\/li><li>Argentina (46) \u2013 0,845<\/li><li>Uruguai (55) \u2013 0,817&nbsp;<\/li><li>Peru (79) \u2013 0,777<\/li><li>Col\u00f4mbia (83) \u2013 0,767<\/li><li>Brasil (84) \u2013 0,765<\/li><li>Suriname (97) \u20130,738<\/li><li>Paraguai (103) \u2013 0,728<\/li><li>Bol\u00edvia (107) \u2013 0,718<\/li><li>Venezuela (113) \u20130,711<\/li><li>Guiana (122) \u20130,682<\/li><\/ul>\n\n\n\n<p>J\u00e1 em compara\u00e7\u00e3o com outros Brics, grupo de pa\u00edses emergentes do qual faz parte, o Brasil perde para a R\u00fassia, mas aparece \u00e0 frente de China, \u00c1frica do Sul e \u00cdndia.&nbsp;<\/p>\n\n\n\n<p>Os tr\u00eas pa\u00edses que lideram o ranking de Desenvolvimento Humano s\u00e3o europeus: em primeiro lugar a Noruega, com Irlanda e Su\u00ed\u00e7a empatadas em segundo. Veja abaixo a lista dos dez pa\u00edses com os melhores \u00edndices em 2019&nbsp;<\/p>\n\n\n\n<ul class=\"wp-block-list\"><li>Noruega (1) \u2013 0,954<\/li><li>Su\u00ed\u00e7a (2) \u2013 0,946<\/li><li>Irlanda (3) \u2013 0,942<\/li><li>Alemanha (4) \u2013 0,939<\/li><li>Hong Kong (territ\u00f3rio semiaut\u00f4nomo da China) (5) \u2013 0,939<\/li><li>Austr\u00e1lia (6) \u2013 0,938<\/li><li>Isl\u00e2ndia (7) \u2013 0,938<\/li><li>Su\u00e9cia (8) \u2013 0,937<\/li><li>Singapura (9) \u2013 0,935<\/li><li>Holanda (10) \u2013 0,933<\/li><\/ul>\n\n\n\n<p>J\u00e1 os tr\u00eas \u00edndices mais baixos foram obtidos por pa\u00edses africanos: Chade, Rep\u00fablica Centro-Africana e N\u00edger.&nbsp;<\/p>\n\n\n\n<h2 class=\"wp-block-heading\">Entenda o IDH<\/h2>\n\n\n\n<p>At\u00e9 1990, quando o IDH foi criado, o Produto Interno Bruto (PIB) era o principal indicador usado para comparar pa\u00edses. O problema \u00e9 que o PIB \u00e9 um n\u00famero da dimens\u00e3o da economia de um pa\u00eds, mas n\u00e3o traz nenhuma informa\u00e7\u00e3o sobre outros aspectos da vida naquela na\u00e7\u00e3o.&nbsp;<\/p>\n\n\n\n<p>No c\u00e1lculo s\u00e3o computados tr\u00eas indicadores diferentes dos pa\u00edses:&nbsp;<\/p>\n\n\n\n<ul class=\"wp-block-list\"><li>A expectativa de vida;<\/li><li>A renda m\u00e9dia per capita (divide-se o Produto Interno Bruto pela popula\u00e7\u00e3o);<\/li><li>Quantos anos as pessoas no pa\u00eds estudaram (esse componente \u00e9 separado em dois: a m\u00e9dia de anos que os adultos com mais de 25 anos estudaram e uma previs\u00e3o de quantos anos as crian\u00e7as antes da vida escolar dever\u00e3o estudar) \u00edndice do IDH varia entre 0 e 1. Neste ano, o N\u00edger, o \u00faltimo pa\u00eds da lista, pontuou 0,377, e a Noruega, a primeira, ficou com 0,954.<\/li><\/ul>\n","protected":false},"excerpt":{"rendered":"<p>G1 &#8211; O Brasil caiu cinco posi\u00e7\u00f5es no ranking de \u00cdndice de Desenvolvimento Humano em 2019, quando comparado ao ano anterior, ainda que seu desempenho tenha tido uma leve melhora.\u00a0<\/p>\n","protected":false},"author":1,"featured_media":0,"comment_status":"closed","ping_status":"open","sticky":false,"template":"","format":"standard","meta":{"_exactmetrics_skip_tracking":false,"_exactmetrics_sitenote_active":false,"_exactmetrics_sitenote_note":"","_exactmetrics_sitenote_category":0,"jetpack_post_was_ever_published":false,"_jetpack_newsletter_access":"","_jetpack_dont_email_post_to_subs":false,"_jetpack_newsletter_tier_id":0,"_jetpack_memberships_contains_paywalled_content":false,"_jetpack_memberships_contains_paid_content":false,"footnotes":"","jetpack_publicize_message":"","jetpack_publicize_feature_enabled":true,"jetpack_social_post_already_shared":true,"jetpack_social_options":{"image_generator_settings":{"template":"highway","enabled":false},"version":2}},"categories":[1],"tags":[],"class_list":["post-30396","post","type-post","status-publish","format-standard","hentry","category-notas"],"jetpack_publicize_connections":[],"jetpack_sharing_enabled":true,"jetpack_featured_media_url":"","jetpack_shortlink":"https:\/\/wp.me\/p7wKYW-7Ug","jetpack-related-posts":[],"_links":{"self":[{"href":"http:\/\/blogdalucianaoliveira.com.br\/blog\/wp-json\/wp\/v2\/posts\/30396","targetHints":{"allow":["GET"]}}],"collection":[{"href":"http:\/\/blogdalucianaoliveira.com.br\/blog\/wp-json\/wp\/v2\/posts"}],"about":[{"href":"http:\/\/blogdalucianaoliveira.com.br\/blog\/wp-json\/wp\/v2\/types\/post"}],"author":[{"embeddable":true,"href":"http:\/\/blogdalucianaoliveira.com.br\/blog\/wp-json\/wp\/v2\/users\/1"}],"replies":[{"embeddable":true,"href":"http:\/\/blogdalucianaoliveira.com.br\/blog\/wp-json\/wp\/v2\/comments?post=30396"}],"version-history":[{"count":1,"href":"http:\/\/blogdalucianaoliveira.com.br\/blog\/wp-json\/wp\/v2\/posts\/30396\/revisions"}],"predecessor-version":[{"id":30398,"href":"http:\/\/blogdalucianaoliveira.com.br\/blog\/wp-json\/wp\/v2\/posts\/30396\/revisions\/30398"}],"wp:attachment":[{"href":"http:\/\/blogdalucianaoliveira.com.br\/blog\/wp-json\/wp\/v2\/media?parent=30396"}],"wp:term":[{"taxonomy":"category","embeddable":true,"href":"http:\/\/blogdalucianaoliveira.com.br\/blog\/wp-json\/wp\/v2\/categories?post=30396"},{"taxonomy":"post_tag","embeddable":true,"href":"http:\/\/blogdalucianaoliveira.com.br\/blog\/wp-json\/wp\/v2\/tags?post=30396"}],"curies":[{"name":"wp","href":"https:\/\/api.w.org\/{rel}","templated":true}]}}