{"id":30399,"date":"2020-12-15T07:40:50","date_gmt":"2020-12-15T11:40:50","guid":{"rendered":"http:\/\/blogdalucianaoliveira.com.br\/blog\/?p=30399"},"modified":"2020-12-15T07:40:55","modified_gmt":"2020-12-15T11:40:55","slug":"new-york-times-diz-que-brasil-esta-mergulhado-no-caos-e-governo-brinca-com-vidas","status":"publish","type":"post","link":"http:\/\/blogdalucianaoliveira.com.br\/blog\/2020\/12\/15\/new-york-times-diz-que-brasil-esta-mergulhado-no-caos-e-governo-brinca-com-vidas\/","title":{"rendered":"New York Times diz que Brasil est\u00e1 mergulhado no caos e governo \u201cbrinca com vidas\u201d"},"content":{"rendered":"\n<figure class=\"wp-block-image size-large\"><img data-recalc-dims=\"1\" loading=\"lazy\" decoding=\"async\" width=\"440\" height=\"240\" data-attachment-id=\"30400\" data-permalink=\"http:\/\/blogdalucianaoliveira.com.br\/blog\/2020\/12\/15\/new-york-times-diz-que-brasil-esta-mergulhado-no-caos-e-governo-brinca-com-vidas\/0e29f85d-5ff0-44ed-8bd9-90bb7a2005ee\/\" data-orig-file=\"https:\/\/i0.wp.com\/blogdalucianaoliveira.com.br\/blog\/wp-content\/uploads\/2020\/12\/0E29F85D-5FF0-44ED-8BD9-90BB7A2005EE.jpeg?fit=440%2C240\" data-orig-size=\"440,240\" data-comments-opened=\"0\" data-image-meta=\"{&quot;aperture&quot;:&quot;0&quot;,&quot;credit&quot;:&quot;&quot;,&quot;camera&quot;:&quot;&quot;,&quot;caption&quot;:&quot;&quot;,&quot;created_timestamp&quot;:&quot;0&quot;,&quot;copyright&quot;:&quot;&quot;,&quot;focal_length&quot;:&quot;0&quot;,&quot;iso&quot;:&quot;0&quot;,&quot;shutter_speed&quot;:&quot;0&quot;,&quot;title&quot;:&quot;&quot;,&quot;orientation&quot;:&quot;0&quot;}\" data-image-title=\"0E29F85D-5FF0-44ED-8BD9-90BB7A2005EE\" data-image-description=\"\" data-image-caption=\"\" data-medium-file=\"https:\/\/i0.wp.com\/blogdalucianaoliveira.com.br\/blog\/wp-content\/uploads\/2020\/12\/0E29F85D-5FF0-44ED-8BD9-90BB7A2005EE.jpeg?fit=300%2C164\" data-large-file=\"https:\/\/i0.wp.com\/blogdalucianaoliveira.com.br\/blog\/wp-content\/uploads\/2020\/12\/0E29F85D-5FF0-44ED-8BD9-90BB7A2005EE.jpeg?fit=440%2C240\" src=\"https:\/\/i0.wp.com\/blogdalucianaoliveira.com.br\/blog\/wp-content\/uploads\/2020\/12\/0E29F85D-5FF0-44ED-8BD9-90BB7A2005EE.jpeg?resize=440%2C240\" alt=\"\" class=\"wp-image-30400\" srcset=\"https:\/\/i0.wp.com\/blogdalucianaoliveira.com.br\/blog\/wp-content\/uploads\/2020\/12\/0E29F85D-5FF0-44ED-8BD9-90BB7A2005EE.jpeg?w=440 440w, https:\/\/i0.wp.com\/blogdalucianaoliveira.com.br\/blog\/wp-content\/uploads\/2020\/12\/0E29F85D-5FF0-44ED-8BD9-90BB7A2005EE.jpeg?resize=300%2C164 300w\" sizes=\"auto, (max-width: 440px) 100vw, 440px\" \/><\/figure>\n\n\n\n<p><strong>247 &#8211;<\/strong>\u00a0\u201cEnquanto os pa\u00edses apressavam seus preparativos para imunizar cidad\u00e3os contra a Covid-19, o Brasil, com seu programa de imuniza\u00e7\u00e3o de renome mundial e uma robusta capacidade de fabrica\u00e7\u00e3o de produtos farmac\u00eauticos, deveria estar em uma vantagem significativa\u201d, diz editorial do jornal \u00a0The New York Times.\u00a0<br><\/p>\n\n\n\n<!--more-->\n\n\n\n<p>A publica\u00e7\u00e3o ainda diz que \u201cmas brigas pol\u00edticas internas, um planejamento a esmo e um movimento antivacinas nascente deixaram o pa\u00eds, que sofreu a segunda maior taxa de mortalidade da pandemia, sem um programa de vacina\u00e7\u00e3o claro. Seus cidad\u00e3os agora n\u00e3o t\u00eam no\u00e7\u00e3o de quando podem obter al\u00edvio de um v\u00edrus que colocou o sistema de sa\u00fade p\u00fablica de joelhos e esmagou a economia\u201d.\u00a0<\/p>\n","protected":false},"excerpt":{"rendered":"<p>247 &#8211;\u00a0\u201cEnquanto os pa\u00edses apressavam seus preparativos para imunizar cidad\u00e3os contra a Covid-19, o Brasil, com seu programa de imuniza\u00e7\u00e3o de renome mundial e uma robusta capacidade de fabrica\u00e7\u00e3o de produtos farmac\u00eauticos, deveria estar em uma vantagem significativa\u201d, diz editorial do jornal \u00a0The New York Times.\u00a0<\/p>\n","protected":false},"author":1,"featured_media":0,"comment_status":"closed","ping_status":"open","sticky":false,"template":"","format":"standard","meta":{"_exactmetrics_skip_tracking":false,"_exactmetrics_sitenote_active":false,"_exactmetrics_sitenote_note":"","_exactmetrics_sitenote_category":0,"jetpack_post_was_ever_published":false,"_jetpack_newsletter_access":"","_jetpack_dont_email_post_to_subs":false,"_jetpack_newsletter_tier_id":0,"_jetpack_memberships_contains_paywalled_content":false,"_jetpack_memberships_contains_paid_content":false,"footnotes":"","jetpack_publicize_message":"","jetpack_publicize_feature_enabled":true,"jetpack_social_post_already_shared":true,"jetpack_social_options":{"image_generator_settings":{"template":"highway","enabled":false},"version":2}},"categories":[1],"tags":[],"class_list":["post-30399","post","type-post","status-publish","format-standard","hentry","category-notas"],"jetpack_publicize_connections":[],"jetpack_sharing_enabled":true,"jetpack_featured_media_url":"","jetpack_shortlink":"https:\/\/wp.me\/p7wKYW-7Uj","jetpack-related-posts":[],"_links":{"self":[{"href":"http:\/\/blogdalucianaoliveira.com.br\/blog\/wp-json\/wp\/v2\/posts\/30399","targetHints":{"allow":["GET"]}}],"collection":[{"href":"http:\/\/blogdalucianaoliveira.com.br\/blog\/wp-json\/wp\/v2\/posts"}],"about":[{"href":"http:\/\/blogdalucianaoliveira.com.br\/blog\/wp-json\/wp\/v2\/types\/post"}],"author":[{"embeddable":true,"href":"http:\/\/blogdalucianaoliveira.com.br\/blog\/wp-json\/wp\/v2\/users\/1"}],"replies":[{"embeddable":true,"href":"http:\/\/blogdalucianaoliveira.com.br\/blog\/wp-json\/wp\/v2\/comments?post=30399"}],"version-history":[{"count":1,"href":"http:\/\/blogdalucianaoliveira.com.br\/blog\/wp-json\/wp\/v2\/posts\/30399\/revisions"}],"predecessor-version":[{"id":30401,"href":"http:\/\/blogdalucianaoliveira.com.br\/blog\/wp-json\/wp\/v2\/posts\/30399\/revisions\/30401"}],"wp:attachment":[{"href":"http:\/\/blogdalucianaoliveira.com.br\/blog\/wp-json\/wp\/v2\/media?parent=30399"}],"wp:term":[{"taxonomy":"category","embeddable":true,"href":"http:\/\/blogdalucianaoliveira.com.br\/blog\/wp-json\/wp\/v2\/categories?post=30399"},{"taxonomy":"post_tag","embeddable":true,"href":"http:\/\/blogdalucianaoliveira.com.br\/blog\/wp-json\/wp\/v2\/tags?post=30399"}],"curies":[{"name":"wp","href":"https:\/\/api.w.org\/{rel}","templated":true}]}}