{"id":30402,"date":"2020-12-15T09:38:31","date_gmt":"2020-12-15T13:38:31","guid":{"rendered":"http:\/\/blogdalucianaoliveira.com.br\/blog\/?p=30402"},"modified":"2020-12-15T09:38:34","modified_gmt":"2020-12-15T13:38:34","slug":"denuncia-de-agressao-de-deputado-a-dancarina-gera-forte-reacao-popular-em-rondonia","status":"publish","type":"post","link":"http:\/\/blogdalucianaoliveira.com.br\/blog\/2020\/12\/15\/denuncia-de-agressao-de-deputado-a-dancarina-gera-forte-reacao-popular-em-rondonia\/","title":{"rendered":"Den\u00fancia de agress\u00e3o de deputado \u00e0 dan\u00e7arina gera forte rea\u00e7\u00e3o popular em Rond\u00f4nia"},"content":{"rendered":"\n<figure class=\"wp-block-image size-large\"><img data-recalc-dims=\"1\" loading=\"lazy\" decoding=\"async\" width=\"600\" height=\"400\" data-attachment-id=\"30403\" data-permalink=\"http:\/\/blogdalucianaoliveira.com.br\/blog\/2020\/12\/15\/denuncia-de-agressao-de-deputado-a-dancarina-gera-forte-reacao-popular-em-rondonia\/286df896-e959-491a-b730-fbb1260e2c61\/\" data-orig-file=\"https:\/\/i0.wp.com\/blogdalucianaoliveira.com.br\/blog\/wp-content\/uploads\/2020\/12\/286DF896-E959-491A-B730-FBB1260E2C61.jpeg?fit=960%2C640\" data-orig-size=\"960,640\" data-comments-opened=\"0\" data-image-meta=\"{&quot;aperture&quot;:&quot;0&quot;,&quot;credit&quot;:&quot;&quot;,&quot;camera&quot;:&quot;&quot;,&quot;caption&quot;:&quot;&quot;,&quot;created_timestamp&quot;:&quot;0&quot;,&quot;copyright&quot;:&quot;&quot;,&quot;focal_length&quot;:&quot;0&quot;,&quot;iso&quot;:&quot;0&quot;,&quot;shutter_speed&quot;:&quot;0&quot;,&quot;title&quot;:&quot;&quot;,&quot;orientation&quot;:&quot;1&quot;}\" data-image-title=\"286DF896-E959-491A-B730-FBB1260E2C61\" data-image-description=\"\" data-image-caption=\"\" data-medium-file=\"https:\/\/i0.wp.com\/blogdalucianaoliveira.com.br\/blog\/wp-content\/uploads\/2020\/12\/286DF896-E959-491A-B730-FBB1260E2C61.jpeg?fit=300%2C200\" data-large-file=\"https:\/\/i0.wp.com\/blogdalucianaoliveira.com.br\/blog\/wp-content\/uploads\/2020\/12\/286DF896-E959-491A-B730-FBB1260E2C61.jpeg?fit=600%2C400\" src=\"https:\/\/i0.wp.com\/blogdalucianaoliveira.com.br\/blog\/wp-content\/uploads\/2020\/12\/286DF896-E959-491A-B730-FBB1260E2C61.jpeg?resize=600%2C400\" alt=\"\" class=\"wp-image-30403\" srcset=\"https:\/\/i0.wp.com\/blogdalucianaoliveira.com.br\/blog\/wp-content\/uploads\/2020\/12\/286DF896-E959-491A-B730-FBB1260E2C61.jpeg?w=960 960w, https:\/\/i0.wp.com\/blogdalucianaoliveira.com.br\/blog\/wp-content\/uploads\/2020\/12\/286DF896-E959-491A-B730-FBB1260E2C61.jpeg?resize=300%2C200 300w, https:\/\/i0.wp.com\/blogdalucianaoliveira.com.br\/blog\/wp-content\/uploads\/2020\/12\/286DF896-E959-491A-B730-FBB1260E2C61.jpeg?resize=768%2C512 768w, https:\/\/i0.wp.com\/blogdalucianaoliveira.com.br\/blog\/wp-content\/uploads\/2020\/12\/286DF896-E959-491A-B730-FBB1260E2C61.jpeg?resize=450%2C300 450w\" sizes=\"auto, (max-width: 600px) 100vw, 600px\" \/><\/figure>\n\n\n\n<p><\/p>\n\n\n\n<p>O fato ocorreu no \u00faltimo fim de semana, em evento no munic\u00edpio de Ariquemes, distante cerca de 200 quil\u00f4metros da capital. <\/p>\n\n\n\n<p>A profissional de dan\u00e7a, Carolina Silva Knightz, registrou den\u00fancia em delegacia de pol\u00edcia contra o deputado estadual, Geraldo da Rond\u00f4nia, por les\u00e3o corporal, constrangimento e abuso de autoridade.&nbsp;<\/p>\n\n\n\n<!--more-->\n\n\n\n<p>Em nota, os organizadores do evento confirmaram ter tomado conhecimento do fato e repudiaram a atitude do deputado.&nbsp;<\/p>\n\n\n\n<p>A segunda-feira foi marcada por uma intensa mobiliza\u00e7\u00e3o de rep\u00fadio nas redes sociais.\u00a0<br><\/p>\n\n\n\n<p>A Frente Brasil Popular com mais de 13 entidades, parlamentares, coletivos populares, partidos, conselhos municipais e o sindicato dos artistas de Rond\u00f4nia manifestaram solidariedade \u00e0 dan\u00e7arina.\u00a0\u00a0<br><\/p>\n\n\n\n<figure class=\"wp-block-image size-large\"><img data-recalc-dims=\"1\" loading=\"lazy\" decoding=\"async\" width=\"600\" height=\"784\" data-attachment-id=\"30404\" data-permalink=\"http:\/\/blogdalucianaoliveira.com.br\/blog\/2020\/12\/15\/denuncia-de-agressao-de-deputado-a-dancarina-gera-forte-reacao-popular-em-rondonia\/ac487fa2-b8cf-4d62-a6e5-0940940e7737\/\" data-orig-file=\"https:\/\/i0.wp.com\/blogdalucianaoliveira.com.br\/blog\/wp-content\/uploads\/2020\/12\/AC487FA2-B8CF-4D62-A6E5-0940940E7737.jpeg?fit=683%2C893\" data-orig-size=\"683,893\" data-comments-opened=\"0\" data-image-meta=\"{&quot;aperture&quot;:&quot;0&quot;,&quot;credit&quot;:&quot;&quot;,&quot;camera&quot;:&quot;&quot;,&quot;caption&quot;:&quot;&quot;,&quot;created_timestamp&quot;:&quot;0&quot;,&quot;copyright&quot;:&quot;&quot;,&quot;focal_length&quot;:&quot;0&quot;,&quot;iso&quot;:&quot;0&quot;,&quot;shutter_speed&quot;:&quot;0&quot;,&quot;title&quot;:&quot;&quot;,&quot;orientation&quot;:&quot;0&quot;}\" data-image-title=\"AC487FA2-B8CF-4D62-A6E5-0940940E7737\" data-image-description=\"\" data-image-caption=\"\" data-medium-file=\"https:\/\/i0.wp.com\/blogdalucianaoliveira.com.br\/blog\/wp-content\/uploads\/2020\/12\/AC487FA2-B8CF-4D62-A6E5-0940940E7737.jpeg?fit=229%2C300\" data-large-file=\"https:\/\/i0.wp.com\/blogdalucianaoliveira.com.br\/blog\/wp-content\/uploads\/2020\/12\/AC487FA2-B8CF-4D62-A6E5-0940940E7737.jpeg?fit=600%2C784\" src=\"https:\/\/i0.wp.com\/blogdalucianaoliveira.com.br\/blog\/wp-content\/uploads\/2020\/12\/AC487FA2-B8CF-4D62-A6E5-0940940E7737.jpeg?resize=600%2C784\" alt=\"\" class=\"wp-image-30404\" srcset=\"https:\/\/i0.wp.com\/blogdalucianaoliveira.com.br\/blog\/wp-content\/uploads\/2020\/12\/AC487FA2-B8CF-4D62-A6E5-0940940E7737.jpeg?w=683 683w, https:\/\/i0.wp.com\/blogdalucianaoliveira.com.br\/blog\/wp-content\/uploads\/2020\/12\/AC487FA2-B8CF-4D62-A6E5-0940940E7737.jpeg?resize=229%2C300 229w\" sizes=\"auto, (max-width: 600px) 100vw, 600px\" \/><\/figure>\n\n\n\n<figure class=\"wp-block-embed-facebook wp-block-embed\"><div class=\"wp-block-embed__wrapper\">\n<div class=\"fb-post\" data-href=\"https:\/\/www.facebook.com\/100004391029403\/posts\/1887619101394439\/?d=n\" data-width=\"552\"><\/div>\n<\/div><\/figure>\n\n\n\n<figure class=\"wp-block-embed-facebook wp-block-embed\"><div class=\"wp-block-embed__wrapper\">\n<div class=\"fb-post\" data-href=\"https:\/\/www.facebook.com\/1011341455639868\/posts\/3512564365517552\/?d=n\" data-width=\"552\"><\/div>\n<\/div><\/figure>\n\n\n\n<p><br><\/p>\n\n\n\n<figure class=\"wp-block-embed-facebook wp-block-embed\"><div class=\"wp-block-embed__wrapper\">\n<div class=\"fb-post\" data-href=\"https:\/\/www.facebook.com\/100003773293221\/posts\/2082142891921467\/?d=n\" data-width=\"552\"><\/div>\n<\/div><\/figure>\n\n\n\n<p><br>Hoje est\u00e1 marcado um ato de protesto em frente \u00e0 Assembleia Legislativa do Estado e novas notas de rep\u00fadio surgem a todo momento.\u00a0<\/p>\n\n\n\n<p>O caso de B\u00e1rbara ganhou repercuss\u00e3o semelhante ao de Marcius Melhem, ex-diretor de humor da emissora,&nbsp;&nbsp;acusado de ass\u00e9dio pela e atriz Dani Calabresa.<\/p>\n\n\n\n<p>A dan\u00e7arina portovelhense usou as redes sociais para denunciar que sofreu agress\u00e3o verbal e f\u00edsica do deputado.&nbsp;<\/p>\n\n\n\n<p>Ao sair da casa de eventos para descansar da apresenta\u00e7\u00e3o com Gabriel Parada e Banda, ela conta que foi abordada por um assessor do deputado que lhe fez uma proposta que considerou indecente e humilhante.<\/p>\n\n\n\n<p>\u201cEle me ofereceu 100 reais para dan\u00e7ar perto da mesa do deputado. Eu estava trabalhando num evento, mas ele achou que podia me comprar para dan\u00e7ar pra ele\u201d.<\/p>\n\n\n\n<p>Como recusou, B\u00e1rbara diz que come\u00e7ou a receber provoca\u00e7\u00f5es quando deixou o palco outras vezes para se refrescar do lado de fora da casa de eventos.<\/p>\n\n\n\n<p>Depois de cerca de tr\u00eas horas de apresenta\u00e7\u00e3o, o pr\u00f3prio deputado a teria abordado com ofensas.<\/p>\n\n\n\n<p>\u201cEle come\u00e7ou a dizer coisas como \u2018essa banda de merda\u2019, \u2018voc\u00ea muito metida\u2019 e \u2018voc\u00ea n\u00e3o \u00e9 nada\u2019, diz a dan\u00e7arina.<\/p>\n\n\n\n<p>Indignada, B\u00e1rbara diz que encarou o deputado e explicou que \u00e9 dan\u00e7arina profissional h\u00e1 duas d\u00e9cadas, que n\u00e3o se vendia para dan\u00e7ar para ele e que seus assessores a estavam humilhando por ter recusado a proposta indecente.<\/p>\n\n\n\n<p>\u201cFoi nessa hora do bate boca que ele me deu um tapa. Era pra pegar no rosto, mas atingiu meu corpo. Se eu n\u00e3o me afastasse n\u00e3o sei o que mais poderia ter acontecido\u201d, relatou.<br><\/p>\n\n\n\n<p>B\u00e1rbara Knightz \u00e9 representante comercial, formada em engenharia de produ\u00e7\u00e3o, dan\u00e7arina com registro profissional da categoria e do Sindicato dos Artistas.<\/p>\n\n\n\n<p>Ela dan\u00e7a desde os sete anos de idade e integra uma fam\u00edlia e comunidade de tradi\u00e7\u00e3o e valiosas contribui\u00e7\u00f5es com a cultura da capital.<\/p>\n\n\n\n<p>\u201cPosso n\u00e3o ser nada para o deputado, mas como mulher preta, dan\u00e7arina profissional e militante da cultura popular, n\u00e3o calo. Vou me defender e denunciar para que outros, principalmente com fun\u00e7\u00e3o p\u00fablica, n\u00e3o desrespeitem as mulheres. O que mais doeu em mim, n\u00e3o foi o tapa. Foi a oferta indecente pra eu dan\u00e7ar para ele\u201d.<\/p>\n\n\n\n<figure class=\"wp-block-image size-large\"><img loading=\"lazy\" decoding=\"async\" width=\"1181\" height=\"1181\" data-attachment-id=\"30406\" data-permalink=\"http:\/\/blogdalucianaoliveira.com.br\/blog\/2020\/12\/15\/denuncia-de-agressao-de-deputado-a-dancarina-gera-forte-reacao-popular-em-rondonia\/86abdb79-8b4f-40a5-aca7-83b738fb0e8e\/\" data-orig-file=\"https:\/\/i0.wp.com\/blogdalucianaoliveira.com.br\/blog\/wp-content\/uploads\/2020\/12\/86ABDB79-8B4F-40A5-ACA7-83B738FB0E8E.jpeg?fit=1181%2C1181\" data-orig-size=\"1181,1181\" data-comments-opened=\"0\" data-image-meta=\"{&quot;aperture&quot;:&quot;0&quot;,&quot;credit&quot;:&quot;&quot;,&quot;camera&quot;:&quot;&quot;,&quot;caption&quot;:&quot;&quot;,&quot;created_timestamp&quot;:&quot;0&quot;,&quot;copyright&quot;:&quot;&quot;,&quot;focal_length&quot;:&quot;0&quot;,&quot;iso&quot;:&quot;0&quot;,&quot;shutter_speed&quot;:&quot;0&quot;,&quot;title&quot;:&quot;&quot;,&quot;orientation&quot;:&quot;0&quot;}\" data-image-title=\"86ABDB79-8B4F-40A5-ACA7-83B738FB0E8E\" data-image-description=\"\" data-image-caption=\"\" data-medium-file=\"https:\/\/i0.wp.com\/blogdalucianaoliveira.com.br\/blog\/wp-content\/uploads\/2020\/12\/86ABDB79-8B4F-40A5-ACA7-83B738FB0E8E.jpeg?fit=300%2C300\" data-large-file=\"https:\/\/i0.wp.com\/blogdalucianaoliveira.com.br\/blog\/wp-content\/uploads\/2020\/12\/86ABDB79-8B4F-40A5-ACA7-83B738FB0E8E.jpeg?fit=600%2C600\" src=\"https:\/\/i0.wp.com\/blogdalucianaoliveira.com.br\/blog\/wp-content\/uploads\/2020\/12\/86ABDB79-8B4F-40A5-ACA7-83B738FB0E8E.jpeg?fit=600%2C600\" alt=\"\" class=\"wp-image-30406\" srcset=\"https:\/\/i0.wp.com\/blogdalucianaoliveira.com.br\/blog\/wp-content\/uploads\/2020\/12\/86ABDB79-8B4F-40A5-ACA7-83B738FB0E8E.jpeg?w=1181 1181w, https:\/\/i0.wp.com\/blogdalucianaoliveira.com.br\/blog\/wp-content\/uploads\/2020\/12\/86ABDB79-8B4F-40A5-ACA7-83B738FB0E8E.jpeg?resize=300%2C300 300w, https:\/\/i0.wp.com\/blogdalucianaoliveira.com.br\/blog\/wp-content\/uploads\/2020\/12\/86ABDB79-8B4F-40A5-ACA7-83B738FB0E8E.jpeg?resize=1024%2C1024 1024w, https:\/\/i0.wp.com\/blogdalucianaoliveira.com.br\/blog\/wp-content\/uploads\/2020\/12\/86ABDB79-8B4F-40A5-ACA7-83B738FB0E8E.jpeg?resize=150%2C150 150w, https:\/\/i0.wp.com\/blogdalucianaoliveira.com.br\/blog\/wp-content\/uploads\/2020\/12\/86ABDB79-8B4F-40A5-ACA7-83B738FB0E8E.jpeg?resize=768%2C768 768w\" sizes=\"auto, (max-width: 600px) 100vw, 600px\" \/><\/figure>\n","protected":false},"excerpt":{"rendered":"<p>O fato ocorreu no \u00faltimo fim de semana, em evento no munic\u00edpio de Ariquemes, distante cerca de 200 quil\u00f4metros da capital. A profissional de dan\u00e7a, Carolina Silva Knightz, registrou den\u00fancia em delegacia de pol\u00edcia contra o deputado estadual, Geraldo da Rond\u00f4nia, por les\u00e3o corporal, constrangimento e abuso de autoridade.&nbsp;<\/p>\n","protected":false},"author":1,"featured_media":0,"comment_status":"closed","ping_status":"open","sticky":false,"template":"","format":"standard","meta":{"_exactmetrics_skip_tracking":false,"_exactmetrics_sitenote_active":false,"_exactmetrics_sitenote_note":"","_exactmetrics_sitenote_category":0,"jetpack_post_was_ever_published":false,"_jetpack_newsletter_access":"","_jetpack_dont_email_post_to_subs":false,"_jetpack_newsletter_tier_id":0,"_jetpack_memberships_contains_paywalled_content":false,"_jetpack_memberships_contains_paid_content":false,"footnotes":"","jetpack_publicize_message":"","jetpack_publicize_feature_enabled":true,"jetpack_social_post_already_shared":true,"jetpack_social_options":{"image_generator_settings":{"template":"highway","enabled":false},"version":2}},"categories":[1],"tags":[],"class_list":["post-30402","post","type-post","status-publish","format-standard","hentry","category-notas"],"jetpack_publicize_connections":[],"jetpack_sharing_enabled":true,"jetpack_featured_media_url":"","jetpack_shortlink":"https:\/\/wp.me\/p7wKYW-7Um","jetpack-related-posts":[],"_links":{"self":[{"href":"http:\/\/blogdalucianaoliveira.com.br\/blog\/wp-json\/wp\/v2\/posts\/30402","targetHints":{"allow":["GET"]}}],"collection":[{"href":"http:\/\/blogdalucianaoliveira.com.br\/blog\/wp-json\/wp\/v2\/posts"}],"about":[{"href":"http:\/\/blogdalucianaoliveira.com.br\/blog\/wp-json\/wp\/v2\/types\/post"}],"author":[{"embeddable":true,"href":"http:\/\/blogdalucianaoliveira.com.br\/blog\/wp-json\/wp\/v2\/users\/1"}],"replies":[{"embeddable":true,"href":"http:\/\/blogdalucianaoliveira.com.br\/blog\/wp-json\/wp\/v2\/comments?post=30402"}],"version-history":[{"count":2,"href":"http:\/\/blogdalucianaoliveira.com.br\/blog\/wp-json\/wp\/v2\/posts\/30402\/revisions"}],"predecessor-version":[{"id":30407,"href":"http:\/\/blogdalucianaoliveira.com.br\/blog\/wp-json\/wp\/v2\/posts\/30402\/revisions\/30407"}],"wp:attachment":[{"href":"http:\/\/blogdalucianaoliveira.com.br\/blog\/wp-json\/wp\/v2\/media?parent=30402"}],"wp:term":[{"taxonomy":"category","embeddable":true,"href":"http:\/\/blogdalucianaoliveira.com.br\/blog\/wp-json\/wp\/v2\/categories?post=30402"},{"taxonomy":"post_tag","embeddable":true,"href":"http:\/\/blogdalucianaoliveira.com.br\/blog\/wp-json\/wp\/v2\/tags?post=30402"}],"curies":[{"name":"wp","href":"https:\/\/api.w.org\/{rel}","templated":true}]}}