{"id":30408,"date":"2020-12-15T17:46:35","date_gmt":"2020-12-15T21:46:35","guid":{"rendered":"http:\/\/blogdalucianaoliveira.com.br\/blog\/?p=30408"},"modified":"2020-12-15T18:01:36","modified_gmt":"2020-12-15T22:01:36","slug":"pedido-de-providencia-contra-deputado-geraldo-da-rondonia-e-protocolado-na-assembleia-legislativa","status":"publish","type":"post","link":"http:\/\/blogdalucianaoliveira.com.br\/blog\/2020\/12\/15\/pedido-de-providencia-contra-deputado-geraldo-da-rondonia-e-protocolado-na-assembleia-legislativa\/","title":{"rendered":"Pedido de provid\u00eancia contra deputado Geraldo da Rond\u00f4nia \u00e9 protocolado na Assembleia Legislativa"},"content":{"rendered":"\n<figure class=\"wp-block-image size-large\"><img loading=\"lazy\" decoding=\"async\" width=\"2560\" height=\"1920\" data-attachment-id=\"30409\" data-permalink=\"http:\/\/blogdalucianaoliveira.com.br\/blog\/2020\/12\/15\/pedido-de-providencia-contra-deputado-geraldo-da-rondonia-e-protocolado-na-assembleia-legislativa\/2b267f64-0562-486a-980a-8107b0cd0dd1\/\" data-orig-file=\"https:\/\/i0.wp.com\/blogdalucianaoliveira.com.br\/blog\/wp-content\/uploads\/2020\/12\/2B267F64-0562-486A-980A-8107B0CD0DD1-scaled.jpeg?fit=2560%2C1920\" data-orig-size=\"2560,1920\" data-comments-opened=\"0\" data-image-meta=\"{&quot;aperture&quot;:&quot;0&quot;,&quot;credit&quot;:&quot;&quot;,&quot;camera&quot;:&quot;&quot;,&quot;caption&quot;:&quot;&quot;,&quot;created_timestamp&quot;:&quot;0&quot;,&quot;copyright&quot;:&quot;&quot;,&quot;focal_length&quot;:&quot;0&quot;,&quot;iso&quot;:&quot;0&quot;,&quot;shutter_speed&quot;:&quot;0&quot;,&quot;title&quot;:&quot;&quot;,&quot;orientation&quot;:&quot;1&quot;}\" data-image-title=\"2B267F64-0562-486A-980A-8107B0CD0DD1\" data-image-description=\"\" data-image-caption=\"\" data-medium-file=\"https:\/\/i0.wp.com\/blogdalucianaoliveira.com.br\/blog\/wp-content\/uploads\/2020\/12\/2B267F64-0562-486A-980A-8107B0CD0DD1-scaled.jpeg?fit=300%2C225\" data-large-file=\"https:\/\/i0.wp.com\/blogdalucianaoliveira.com.br\/blog\/wp-content\/uploads\/2020\/12\/2B267F64-0562-486A-980A-8107B0CD0DD1-scaled.jpeg?fit=600%2C450\" src=\"https:\/\/i0.wp.com\/blogdalucianaoliveira.com.br\/blog\/wp-content\/uploads\/2020\/12\/2B267F64-0562-486A-980A-8107B0CD0DD1-scaled.jpeg?fit=600%2C450\" alt=\"\" class=\"wp-image-30409\" srcset=\"https:\/\/i0.wp.com\/blogdalucianaoliveira.com.br\/blog\/wp-content\/uploads\/2020\/12\/2B267F64-0562-486A-980A-8107B0CD0DD1-scaled.jpeg?w=2560 2560w, https:\/\/i0.wp.com\/blogdalucianaoliveira.com.br\/blog\/wp-content\/uploads\/2020\/12\/2B267F64-0562-486A-980A-8107B0CD0DD1-scaled.jpeg?resize=300%2C225 300w, https:\/\/i0.wp.com\/blogdalucianaoliveira.com.br\/blog\/wp-content\/uploads\/2020\/12\/2B267F64-0562-486A-980A-8107B0CD0DD1-scaled.jpeg?resize=1024%2C768 1024w, https:\/\/i0.wp.com\/blogdalucianaoliveira.com.br\/blog\/wp-content\/uploads\/2020\/12\/2B267F64-0562-486A-980A-8107B0CD0DD1-scaled.jpeg?resize=768%2C576 768w, https:\/\/i0.wp.com\/blogdalucianaoliveira.com.br\/blog\/wp-content\/uploads\/2020\/12\/2B267F64-0562-486A-980A-8107B0CD0DD1-scaled.jpeg?resize=1536%2C1152 1536w, https:\/\/i0.wp.com\/blogdalucianaoliveira.com.br\/blog\/wp-content\/uploads\/2020\/12\/2B267F64-0562-486A-980A-8107B0CD0DD1-scaled.jpeg?resize=2048%2C1536 2048w, https:\/\/i0.wp.com\/blogdalucianaoliveira.com.br\/blog\/wp-content\/uploads\/2020\/12\/2B267F64-0562-486A-980A-8107B0CD0DD1-scaled.jpeg?resize=400%2C300 400w, https:\/\/i0.wp.com\/blogdalucianaoliveira.com.br\/blog\/wp-content\/uploads\/2020\/12\/2B267F64-0562-486A-980A-8107B0CD0DD1-scaled.jpeg?w=1200 1200w, https:\/\/i0.wp.com\/blogdalucianaoliveira.com.br\/blog\/wp-content\/uploads\/2020\/12\/2B267F64-0562-486A-980A-8107B0CD0DD1-scaled.jpeg?w=1800 1800w\" sizes=\"auto, (max-width: 600px) 100vw, 600px\" \/><\/figure>\n\n\n\n<p>Um ato simb\u00f3lico e um pedido de provid\u00eancias na Assembleia Legislativa do Estado contra o deputado Geraldo da Rond\u00f4nia come\u00e7ou mal e terminou bem. <\/p>\n\n\n\n<p>A seguran\u00e7a tentou impedir o que a presidente do Conselho Estadual dos Direitos da Mulher, acompanhada de representantes de v\u00e1rias entidades, protocolassem o documento. <\/p>\n\n\n\n<!--more-->\n\n\n\n<p>A abertura de uma faixa de protesto foi motivo de censura da seguran\u00e7a da Casa de Leis, tamb\u00e9m chamada de Casa do Povo.<\/p>\n\n\n\n<figure class=\"wp-block-embed-youtube wp-block-embed is-type-video is-provider-youtube wp-embed-aspect-4-3 wp-has-aspect-ratio\"><div class=\"wp-block-embed__wrapper\">\n<div class=\"jetpack-video-wrapper\"><span class=\"embed-youtube\" style=\"text-align:center; display: block;\"><iframe loading=\"lazy\" class=\"youtube-player\" width=\"600\" height=\"338\" src=\"https:\/\/www.youtube.com\/embed\/NZ5QDChFyws?version=3&#038;rel=1&#038;showsearch=0&#038;showinfo=1&#038;iv_load_policy=1&#038;fs=1&#038;hl=pt-BR&#038;autohide=2&#038;wmode=transparent\" allowfullscreen=\"true\" style=\"border:0;\" sandbox=\"allow-scripts allow-same-origin allow-popups allow-presentation allow-popups-to-escape-sandbox\"><\/iframe><\/span><\/div>\n<\/div><\/figure>\n\n\n\n<p>Em fun\u00e7\u00e3o da pandemia o acesso ao legislativo estadual est\u00e1 limitado e foi autorizada a entrada de 10 pessoas, de forma organizada e com as devidas medidas de seguran\u00e7a. <br><br><\/p>\n\n\n\n<figure class=\"wp-block-image size-large\"><img data-recalc-dims=\"1\" loading=\"lazy\" decoding=\"async\" width=\"600\" height=\"450\" data-attachment-id=\"30413\" data-permalink=\"http:\/\/blogdalucianaoliveira.com.br\/blog\/2020\/12\/15\/pedido-de-providencia-contra-deputado-geraldo-da-rondonia-e-protocolado-na-assembleia-legislativa\/5f60c16d-ac4d-4171-99c7-aad3a5573a06\/\" data-orig-file=\"https:\/\/i0.wp.com\/blogdalucianaoliveira.com.br\/blog\/wp-content\/uploads\/2020\/12\/5F60C16D-AC4D-4171-99C7-AAD3A5573A06-scaled.jpeg?fit=2560%2C1920\" data-orig-size=\"2560,1920\" data-comments-opened=\"0\" data-image-meta=\"{&quot;aperture&quot;:&quot;0&quot;,&quot;credit&quot;:&quot;&quot;,&quot;camera&quot;:&quot;&quot;,&quot;caption&quot;:&quot;&quot;,&quot;created_timestamp&quot;:&quot;0&quot;,&quot;copyright&quot;:&quot;&quot;,&quot;focal_length&quot;:&quot;0&quot;,&quot;iso&quot;:&quot;0&quot;,&quot;shutter_speed&quot;:&quot;0&quot;,&quot;title&quot;:&quot;&quot;,&quot;orientation&quot;:&quot;1&quot;}\" data-image-title=\"5F60C16D-AC4D-4171-99C7-AAD3A5573A06\" data-image-description=\"\" data-image-caption=\"\" data-medium-file=\"https:\/\/i0.wp.com\/blogdalucianaoliveira.com.br\/blog\/wp-content\/uploads\/2020\/12\/5F60C16D-AC4D-4171-99C7-AAD3A5573A06-scaled.jpeg?fit=300%2C225\" data-large-file=\"https:\/\/i0.wp.com\/blogdalucianaoliveira.com.br\/blog\/wp-content\/uploads\/2020\/12\/5F60C16D-AC4D-4171-99C7-AAD3A5573A06-scaled.jpeg?fit=600%2C450\" src=\"https:\/\/i0.wp.com\/blogdalucianaoliveira.com.br\/blog\/wp-content\/uploads\/2020\/12\/5F60C16D-AC4D-4171-99C7-AAD3A5573A06.jpeg?resize=600%2C450\" alt=\"\" class=\"wp-image-30413\" srcset=\"https:\/\/i0.wp.com\/blogdalucianaoliveira.com.br\/blog\/wp-content\/uploads\/2020\/12\/5F60C16D-AC4D-4171-99C7-AAD3A5573A06-scaled.jpeg?resize=1024%2C768 1024w, https:\/\/i0.wp.com\/blogdalucianaoliveira.com.br\/blog\/wp-content\/uploads\/2020\/12\/5F60C16D-AC4D-4171-99C7-AAD3A5573A06-scaled.jpeg?resize=300%2C225 300w, https:\/\/i0.wp.com\/blogdalucianaoliveira.com.br\/blog\/wp-content\/uploads\/2020\/12\/5F60C16D-AC4D-4171-99C7-AAD3A5573A06-scaled.jpeg?resize=768%2C576 768w, https:\/\/i0.wp.com\/blogdalucianaoliveira.com.br\/blog\/wp-content\/uploads\/2020\/12\/5F60C16D-AC4D-4171-99C7-AAD3A5573A06-scaled.jpeg?resize=1536%2C1152 1536w, https:\/\/i0.wp.com\/blogdalucianaoliveira.com.br\/blog\/wp-content\/uploads\/2020\/12\/5F60C16D-AC4D-4171-99C7-AAD3A5573A06-scaled.jpeg?resize=2048%2C1536 2048w, https:\/\/i0.wp.com\/blogdalucianaoliveira.com.br\/blog\/wp-content\/uploads\/2020\/12\/5F60C16D-AC4D-4171-99C7-AAD3A5573A06-scaled.jpeg?resize=400%2C300 400w, https:\/\/i0.wp.com\/blogdalucianaoliveira.com.br\/blog\/wp-content\/uploads\/2020\/12\/5F60C16D-AC4D-4171-99C7-AAD3A5573A06-scaled.jpeg?w=1200 1200w, https:\/\/i0.wp.com\/blogdalucianaoliveira.com.br\/blog\/wp-content\/uploads\/2020\/12\/5F60C16D-AC4D-4171-99C7-AAD3A5573A06-scaled.jpeg?w=1800 1800w\" sizes=\"auto, (max-width: 600px) 100vw, 600px\" \/><\/figure>\n\n\n\n<p>Dois irm\u00e3os e outros parentes de B\u00e1rbara participaram do ato e um deles, Oscar Knightz, falou da indigna\u00e7\u00e3o com o tratamento recebido na Assembleia. <br><\/p>\n\n\n\n<figure class=\"wp-block-embed-youtube wp-block-embed is-type-video is-provider-youtube wp-embed-aspect-16-9 wp-has-aspect-ratio\"><div class=\"wp-block-embed__wrapper\">\n<div class=\"jetpack-video-wrapper\"><span class=\"embed-youtube\" style=\"text-align:center; display: block;\"><iframe loading=\"lazy\" class=\"youtube-player\" width=\"600\" height=\"338\" src=\"https:\/\/www.youtube.com\/embed\/D6S0w6xfbHU?version=3&#038;rel=1&#038;showsearch=0&#038;showinfo=1&#038;iv_load_policy=1&#038;fs=1&#038;hl=pt-BR&#038;autohide=2&#038;wmode=transparent\" allowfullscreen=\"true\" style=\"border:0;\" sandbox=\"allow-scripts allow-same-origin allow-popups allow-presentation allow-popups-to-escape-sandbox\"><\/iframe><\/span><\/div>\n<\/div><\/figure>\n\n\n\n<p>Saiba mais sobre o caso no link abaixo:<\/p>\n\n\n\n<p><blockquote class=\"wp-embedded-content\" data-secret=\"d0Ib1Cy5aN\"><a href=\"https:\/\/blogdalucianaoliveira.com.br\/blog\/2020\/12\/15\/denuncia-de-agressao-de-deputado-a-dancarina-gera-forte-reacao-popular-em-rondonia\/\">Den\u00fancia de agress\u00e3o de deputado \u00e0 dan\u00e7arina gera forte rea\u00e7\u00e3o popular em Rond\u00f4nia<\/a><\/blockquote><iframe loading=\"lazy\" class=\"wp-embedded-content\" sandbox=\"allow-scripts\" security=\"restricted\" style=\"position: absolute; clip: rect(1px, 1px, 1px, 1px);\" title=\"&#8220;Den\u00fancia de agress\u00e3o de deputado \u00e0 dan\u00e7arina gera forte rea\u00e7\u00e3o popular em Rond\u00f4nia&#8221; &#8212; Blog da Luciana Oliveira\" src=\"https:\/\/blogdalucianaoliveira.com.br\/blog\/2020\/12\/15\/denuncia-de-agressao-de-deputado-a-dancarina-gera-forte-reacao-popular-em-rondonia\/embed\/#?secret=7wgVMxyvHx#?secret=d0Ib1Cy5aN\" data-secret=\"d0Ib1Cy5aN\" width=\"600\" height=\"338\" frameborder=\"0\" marginwidth=\"0\" marginheight=\"0\" scrolling=\"no\"><\/iframe><\/p>\n","protected":false},"excerpt":{"rendered":"<p>Um ato simb\u00f3lico e um pedido de provid\u00eancias na Assembleia Legislativa do Estado contra o deputado Geraldo da Rond\u00f4nia come\u00e7ou mal e terminou bem. A seguran\u00e7a tentou impedir o que a presidente do Conselho Estadual dos Direitos da Mulher, acompanhada de representantes de v\u00e1rias entidades, protocolassem o documento.<\/p>\n","protected":false},"author":1,"featured_media":0,"comment_status":"closed","ping_status":"open","sticky":false,"template":"","format":"standard","meta":{"_exactmetrics_skip_tracking":false,"_exactmetrics_sitenote_active":false,"_exactmetrics_sitenote_note":"","_exactmetrics_sitenote_category":0,"jetpack_post_was_ever_published":false,"_jetpack_newsletter_access":"","_jetpack_dont_email_post_to_subs":false,"_jetpack_newsletter_tier_id":0,"_jetpack_memberships_contains_paywalled_content":false,"_jetpack_memberships_contains_paid_content":false,"footnotes":"","jetpack_publicize_message":"","jetpack_publicize_feature_enabled":true,"jetpack_social_post_already_shared":true,"jetpack_social_options":{"image_generator_settings":{"template":"highway","enabled":false},"version":2}},"categories":[1],"tags":[],"class_list":["post-30408","post","type-post","status-publish","format-standard","hentry","category-notas"],"jetpack_publicize_connections":[],"jetpack_sharing_enabled":true,"jetpack_featured_media_url":"","jetpack_shortlink":"https:\/\/wp.me\/p7wKYW-7Us","jetpack-related-posts":[],"_links":{"self":[{"href":"http:\/\/blogdalucianaoliveira.com.br\/blog\/wp-json\/wp\/v2\/posts\/30408","targetHints":{"allow":["GET"]}}],"collection":[{"href":"http:\/\/blogdalucianaoliveira.com.br\/blog\/wp-json\/wp\/v2\/posts"}],"about":[{"href":"http:\/\/blogdalucianaoliveira.com.br\/blog\/wp-json\/wp\/v2\/types\/post"}],"author":[{"embeddable":true,"href":"http:\/\/blogdalucianaoliveira.com.br\/blog\/wp-json\/wp\/v2\/users\/1"}],"replies":[{"embeddable":true,"href":"http:\/\/blogdalucianaoliveira.com.br\/blog\/wp-json\/wp\/v2\/comments?post=30408"}],"version-history":[{"count":4,"href":"http:\/\/blogdalucianaoliveira.com.br\/blog\/wp-json\/wp\/v2\/posts\/30408\/revisions"}],"predecessor-version":[{"id":30416,"href":"http:\/\/blogdalucianaoliveira.com.br\/blog\/wp-json\/wp\/v2\/posts\/30408\/revisions\/30416"}],"wp:attachment":[{"href":"http:\/\/blogdalucianaoliveira.com.br\/blog\/wp-json\/wp\/v2\/media?parent=30408"}],"wp:term":[{"taxonomy":"category","embeddable":true,"href":"http:\/\/blogdalucianaoliveira.com.br\/blog\/wp-json\/wp\/v2\/categories?post=30408"},{"taxonomy":"post_tag","embeddable":true,"href":"http:\/\/blogdalucianaoliveira.com.br\/blog\/wp-json\/wp\/v2\/tags?post=30408"}],"curies":[{"name":"wp","href":"https:\/\/api.w.org\/{rel}","templated":true}]}}