{"id":30420,"date":"2020-12-16T06:40:01","date_gmt":"2020-12-16T10:40:01","guid":{"rendered":"http:\/\/blogdalucianaoliveira.com.br\/blog\/?p=30420"},"modified":"2020-12-16T06:40:06","modified_gmt":"2020-12-16T10:40:06","slug":"bolsonaro-desiste-do-novo-programa-social-renda-brasil-e-acaba-auxilio-emergencial","status":"publish","type":"post","link":"http:\/\/blogdalucianaoliveira.com.br\/blog\/2020\/12\/16\/bolsonaro-desiste-do-novo-programa-social-renda-brasil-e-acaba-auxilio-emergencial\/","title":{"rendered":"Bolsonaro desiste do novo programa social \u201cRenda Brasil\u201d e acaba aux\u00edlio emergencial"},"content":{"rendered":"\n<figure class=\"wp-block-image size-large\"><img data-recalc-dims=\"1\" loading=\"lazy\" decoding=\"async\" width=\"600\" height=\"374\" data-attachment-id=\"30421\" data-permalink=\"http:\/\/blogdalucianaoliveira.com.br\/blog\/2020\/12\/16\/bolsonaro-desiste-do-novo-programa-social-renda-brasil-e-acaba-auxilio-emergencial\/image-10-14\/\" data-orig-file=\"https:\/\/i0.wp.com\/blogdalucianaoliveira.com.br\/blog\/wp-content\/uploads\/2020\/12\/image-10.jpeg?fit=610%2C380\" data-orig-size=\"610,380\" data-comments-opened=\"0\" data-image-meta=\"{&quot;aperture&quot;:&quot;0&quot;,&quot;credit&quot;:&quot;&quot;,&quot;camera&quot;:&quot;&quot;,&quot;caption&quot;:&quot;&quot;,&quot;created_timestamp&quot;:&quot;0&quot;,&quot;copyright&quot;:&quot;&quot;,&quot;focal_length&quot;:&quot;0&quot;,&quot;iso&quot;:&quot;0&quot;,&quot;shutter_speed&quot;:&quot;0&quot;,&quot;title&quot;:&quot;&quot;,&quot;orientation&quot;:&quot;0&quot;}\" data-image-title=\"image-10\" data-image-description=\"\" data-image-caption=\"\" data-medium-file=\"https:\/\/i0.wp.com\/blogdalucianaoliveira.com.br\/blog\/wp-content\/uploads\/2020\/12\/image-10.jpeg?fit=300%2C187\" data-large-file=\"https:\/\/i0.wp.com\/blogdalucianaoliveira.com.br\/blog\/wp-content\/uploads\/2020\/12\/image-10.jpeg?fit=600%2C374\" src=\"https:\/\/i0.wp.com\/blogdalucianaoliveira.com.br\/blog\/wp-content\/uploads\/2020\/12\/image-10.jpeg?resize=600%2C374\" alt=\"\" class=\"wp-image-30421\" srcset=\"https:\/\/i0.wp.com\/blogdalucianaoliveira.com.br\/blog\/wp-content\/uploads\/2020\/12\/image-10.jpeg?w=610 610w, https:\/\/i0.wp.com\/blogdalucianaoliveira.com.br\/blog\/wp-content\/uploads\/2020\/12\/image-10.jpeg?resize=300%2C187 300w, https:\/\/i0.wp.com\/blogdalucianaoliveira.com.br\/blog\/wp-content\/uploads\/2020\/12\/image-10.jpeg?resize=482%2C300 482w\" sizes=\"auto, (max-width: 600px) 100vw, 600px\" \/><\/figure>\n\n\n\n<p><strong>247 &#8211;&nbsp;<\/strong>Jair Bolsonaro Bolsonaro anunciou nesta ter\u00e7a-feira (15) que n\u00e3o prorrogar\u00e1 o auxilio emergencial e nem criar\u00e1 um novo programa de distribui\u00e7\u00e3o de renda. O argumento \u00e9 que o pa\u00eds n\u00e3o pode se &#8220;desequilibrar&#8221;<\/p>\n\n\n\n<!--more-->\n\n\n\n<p>&#8220;Quem falar em Renda Brasil, eu vou dar cart\u00e3o vermelho, n\u00e3o tem mais conversa&#8221;, disse Bolsonaro em entrevista ao apresentador Jos\u00e9 Luiz Datena, da TV Band, em refer\u00eancia ao programa que o governo tinha a inten\u00e7\u00e3o de criar para substituir o Bolsa Fam\u00edlia, criado pelo ex-presidente Luiz In\u00e1cio Lula da Silva e que foi respons\u00e1vel por \u00a0tirar cerca de 40 milh\u00f5es de fam\u00edlias da mis\u00e9ria.<\/p>\n\n\n\n<p>&#8220;Aux\u00edlio \u00e9 emergencial, o pr\u00f3prio nome diz: \u00e9 emergencial, N\u00e3o podemos ficar sinalizando em prorrogar e prorrogar e prorrogar&#8221;, disse o presidente, acrescentando que &#8220;acaba agora em dezembro&#8221;.<\/p>\n\n\n\n<p>O presidente argumentou, ainda, que o pa\u00eds tem que manter as contas em ordem para evitar aumento da infla\u00e7\u00e3o.<\/p>\n\n\n\n<p>Bolsonaro ressalvou apenas que vai manter o programa Bolsa Fam\u00edlia e disse que tem orientado a equipe econ\u00f4mica a &#8220;tentar aumentar um pouquinho isso a\u00ed&#8221;, informa a\u00a0<a href=\"https:\/\/https\/\/www1.folha.uol.com.br\/mercado\/2020\/12\/bolsonaro-desiste-de-renda-brasil-e-auxilio-emergencial-mas-quer-aumentar-bolsa-familia.shtml\"><strong>Folha de S.Paulo<\/strong><\/a>.<\/p>\n","protected":false},"excerpt":{"rendered":"<p>247 &#8211;&nbsp;Jair Bolsonaro Bolsonaro anunciou nesta ter\u00e7a-feira (15) que n\u00e3o prorrogar\u00e1 o auxilio emergencial e nem criar\u00e1 um novo programa de distribui\u00e7\u00e3o de renda. O argumento \u00e9 que o pa\u00eds n\u00e3o pode se &#8220;desequilibrar&#8221;<\/p>\n","protected":false},"author":1,"featured_media":0,"comment_status":"closed","ping_status":"open","sticky":false,"template":"","format":"standard","meta":{"_exactmetrics_skip_tracking":false,"_exactmetrics_sitenote_active":false,"_exactmetrics_sitenote_note":"","_exactmetrics_sitenote_category":0,"jetpack_post_was_ever_published":false,"_jetpack_newsletter_access":"","_jetpack_dont_email_post_to_subs":false,"_jetpack_newsletter_tier_id":0,"_jetpack_memberships_contains_paywalled_content":false,"_jetpack_memberships_contains_paid_content":false,"footnotes":"","jetpack_publicize_message":"","jetpack_publicize_feature_enabled":true,"jetpack_social_post_already_shared":true,"jetpack_social_options":{"image_generator_settings":{"template":"highway","enabled":false},"version":2}},"categories":[1],"tags":[],"class_list":["post-30420","post","type-post","status-publish","format-standard","hentry","category-notas"],"jetpack_publicize_connections":[],"jetpack_sharing_enabled":true,"jetpack_featured_media_url":"","jetpack_shortlink":"https:\/\/wp.me\/p7wKYW-7UE","jetpack-related-posts":[],"_links":{"self":[{"href":"http:\/\/blogdalucianaoliveira.com.br\/blog\/wp-json\/wp\/v2\/posts\/30420","targetHints":{"allow":["GET"]}}],"collection":[{"href":"http:\/\/blogdalucianaoliveira.com.br\/blog\/wp-json\/wp\/v2\/posts"}],"about":[{"href":"http:\/\/blogdalucianaoliveira.com.br\/blog\/wp-json\/wp\/v2\/types\/post"}],"author":[{"embeddable":true,"href":"http:\/\/blogdalucianaoliveira.com.br\/blog\/wp-json\/wp\/v2\/users\/1"}],"replies":[{"embeddable":true,"href":"http:\/\/blogdalucianaoliveira.com.br\/blog\/wp-json\/wp\/v2\/comments?post=30420"}],"version-history":[{"count":1,"href":"http:\/\/blogdalucianaoliveira.com.br\/blog\/wp-json\/wp\/v2\/posts\/30420\/revisions"}],"predecessor-version":[{"id":30422,"href":"http:\/\/blogdalucianaoliveira.com.br\/blog\/wp-json\/wp\/v2\/posts\/30420\/revisions\/30422"}],"wp:attachment":[{"href":"http:\/\/blogdalucianaoliveira.com.br\/blog\/wp-json\/wp\/v2\/media?parent=30420"}],"wp:term":[{"taxonomy":"category","embeddable":true,"href":"http:\/\/blogdalucianaoliveira.com.br\/blog\/wp-json\/wp\/v2\/categories?post=30420"},{"taxonomy":"post_tag","embeddable":true,"href":"http:\/\/blogdalucianaoliveira.com.br\/blog\/wp-json\/wp\/v2\/tags?post=30420"}],"curies":[{"name":"wp","href":"https:\/\/api.w.org\/{rel}","templated":true}]}}