{"id":30423,"date":"2020-12-16T06:47:26","date_gmt":"2020-12-16T10:47:26","guid":{"rendered":"http:\/\/blogdalucianaoliveira.com.br\/blog\/?p=30423"},"modified":"2020-12-16T06:47:29","modified_gmt":"2020-12-16T10:47:29","slug":"a-desigualdade-brasileira-vista-do-alto-em-imagens-impressionantes","status":"publish","type":"post","link":"http:\/\/blogdalucianaoliveira.com.br\/blog\/2020\/12\/16\/a-desigualdade-brasileira-vista-do-alto-em-imagens-impressionantes\/","title":{"rendered":"A desigualdade brasileira vista do alto em imagens impressionantes"},"content":{"rendered":"\n<figure class=\"wp-block-image size-large\"><img data-recalc-dims=\"1\" loading=\"lazy\" decoding=\"async\" width=\"600\" height=\"338\" data-attachment-id=\"30424\" data-permalink=\"http:\/\/blogdalucianaoliveira.com.br\/blog\/2020\/12\/16\/a-desigualdade-brasileira-vista-do-alto-em-imagens-impressionantes\/image-11-15\/\" data-orig-file=\"https:\/\/i0.wp.com\/blogdalucianaoliveira.com.br\/blog\/wp-content\/uploads\/2020\/12\/image-11.jpeg?fit=800%2C450\" data-orig-size=\"800,450\" data-comments-opened=\"0\" data-image-meta=\"{&quot;aperture&quot;:&quot;0&quot;,&quot;credit&quot;:&quot;&quot;,&quot;camera&quot;:&quot;&quot;,&quot;caption&quot;:&quot;&quot;,&quot;created_timestamp&quot;:&quot;0&quot;,&quot;copyright&quot;:&quot;&quot;,&quot;focal_length&quot;:&quot;0&quot;,&quot;iso&quot;:&quot;0&quot;,&quot;shutter_speed&quot;:&quot;0&quot;,&quot;title&quot;:&quot;&quot;,&quot;orientation&quot;:&quot;0&quot;}\" data-image-title=\"image-11\" data-image-description=\"\" data-image-caption=\"\" data-medium-file=\"https:\/\/i0.wp.com\/blogdalucianaoliveira.com.br\/blog\/wp-content\/uploads\/2020\/12\/image-11.jpeg?fit=300%2C169\" data-large-file=\"https:\/\/i0.wp.com\/blogdalucianaoliveira.com.br\/blog\/wp-content\/uploads\/2020\/12\/image-11.jpeg?fit=600%2C338\" src=\"https:\/\/i0.wp.com\/blogdalucianaoliveira.com.br\/blog\/wp-content\/uploads\/2020\/12\/image-11.jpeg?resize=600%2C338\" alt=\"\" class=\"wp-image-30424\" srcset=\"https:\/\/i0.wp.com\/blogdalucianaoliveira.com.br\/blog\/wp-content\/uploads\/2020\/12\/image-11.jpeg?w=800 800w, https:\/\/i0.wp.com\/blogdalucianaoliveira.com.br\/blog\/wp-content\/uploads\/2020\/12\/image-11.jpeg?resize=300%2C169 300w, https:\/\/i0.wp.com\/blogdalucianaoliveira.com.br\/blog\/wp-content\/uploads\/2020\/12\/image-11.jpeg?resize=768%2C432 768w, https:\/\/i0.wp.com\/blogdalucianaoliveira.com.br\/blog\/wp-content\/uploads\/2020\/12\/image-11.jpeg?resize=533%2C300 533w\" sizes=\"auto, (max-width: 600px) 100vw, 600px\" \/><\/figure>\n\n\n\n<p><strong>Tudo come\u00e7ou em 2016, quando uma foto tirada pelo americano Johnny Miller na Cidade do Cabo, na \u00c1frica do Sul, viralizou nas redes sociais e ganhou destaque na imprensa.<\/strong><\/p>\n\n\n\n<!--more-->\n\n\n\n<p>Thais Carran\u00e7a &#8211; Da BBC News Brasil em S\u00e3o Paulo<\/p>\n\n\n\n<p>A imagem, produzida com o uso de um drone, mostrava o impressionante contraste entre a vizinhan\u00e7a rica e branca de Lake Michelle, formada por mans\u00f5es milion\u00e1rias \u00e0 beira de um lago, e a comunidade pobre e negra de Masiphumelele, onde 38 mil pessoas vivem em barracos e se estima que at\u00e9 35% da popula\u00e7\u00e3o esteja infectada com HIV ou tuberculose.&nbsp;<\/p>\n\n\n\n<p>A partir da aten\u00e7\u00e3o gerada por essa fotografia, Miller criou o projeto &#8220;Unequal Scenes&#8221; (Cenas Desiguais) e j\u00e1 viajou para oito pa\u00edses retratando, a partir do alto, com o uso de drones ou helic\u00f3pteros, como a desigualdade de renda se expressa na arquitetura e na organiza\u00e7\u00e3o urbana das cidades. Parte do seu trabalho pode ser conferida no&nbsp;<a href=\"https:\/\/www.instagram.com\/johnny_miller_photography\/\">Instagram<\/a>.<\/p>\n\n\n\n<figure class=\"wp-block-image\"><img data-recalc-dims=\"1\" decoding=\"async\" src=\"https:\/\/i0.wp.com\/ichef.bbci.co.uk\/news\/640\/cpsprodpb\/8209\/production\/_116098233_1johnnymillerunequalscenes-cidadedocabo.jpg?w=600&#038;ssl=1\" alt=\"Cidade do Cabo\"\/><figcaption>Legenda da foto,&nbsp;Cidade do Cabo<\/figcaption><\/figure>\n\n\n\n<p>Desde o fim de outubro, Miller est\u00e1 no Brasil, sem data ou endere\u00e7o para voltar, depois de se desfazer de seu apartamento na \u00c1frica do Sul, onde viveu nos \u00faltimos oito anos. Por aqui, ele j\u00e1 fotografou imagens chocantes de desigualdade no Rio de Janeiro, S\u00e3o Paulo e Belo Horizonte e planeja ainda levar seu projeto a Salvador.<\/p>\n\n\n\n<h2 class=\"wp-block-heading\" id=\"Brasil-se-desviou-do-caminho-de-redu\u00e7\u00e3o-da-desigualdade\">Brasil se desviou do caminho de redu\u00e7\u00e3o da desigualdade<\/h2>\n\n\n\n<p>&#8220;O Brasil, infelizmente, n\u00e3o est\u00e1 no caminho certo&#8221;, lamenta Miller.<\/p>\n\n\n\n<p>&#8220;De maneira geral, as solu\u00e7\u00f5es para acabar com a desigualdade envolvem taxar mais os riscos e usar esse dinheiro para redistribuir aos mais pobres. Focar em medidas como bolsas sociais, transporte p\u00fablico e sistemas de sa\u00fade. Nos \u00faltimos quatro anos, ou dois anos, o governo do seu pa\u00eds parece estar se desviando desse caminho.&#8221;<\/p>\n\n\n\n<p>Aos 39 anos, o fot\u00f3grafo e ativista fala com experi\u00eancia. Ele j\u00e1 passou por \u00c1frica do Sul, Nam\u00edbia, Tanz\u00e2nia, Qu\u00eania, \u00cdndia, M\u00e9xico, Estados Unidos e agora pelo Brasil, tirando fotos para seu projeto, tendo recebido diversos pr\u00eamios e bolsas de financiamento.<\/p>\n\n\n\n<p>Tamb\u00e9m trabalha com a ONU Habitat (Programa das Na\u00e7\u00f5es Unidas para os Assentamentos Humanos, ag\u00eancia especializada da ONU dedicada \u00e0 promo\u00e7\u00e3o de cidades social e ambientalmente sustent\u00e1veis), em programa voltado para reduzir as desigualdades espaciais e a pobreza atrav\u00e9s de iniciativas de regenera\u00e7\u00e3o urbana.<\/p>\n\n\n\n<figure class=\"wp-block-image\"><img data-recalc-dims=\"1\" decoding=\"async\" src=\"https:\/\/i0.wp.com\/ichef.bbci.co.uk\/news\/640\/cpsprodpb\/37D1\/production\/_116098241_6unequalscenesbr5-vidigal.jpg?w=600&#038;ssl=1\" alt=\"Vidigal\"\/><figcaption>Legenda da foto,&nbsp;Vidigal<\/figcaption><\/figure>\n\n\n\n<h2 class=\"wp-block-heading\" id=\"Sociedades-atuais-s\u00e3o-insustent\u00e1veis\">Sociedades atuais s\u00e3o insustent\u00e1veis<\/h2>\n\n\n\n<p>Para Miller, a escolha da desigualdade como tema central de seu projeto parte de uma avalia\u00e7\u00e3o de que a forma como as sociedades atuais s\u00e3o organizadas n\u00e3o \u00e9 sustent\u00e1vel.<\/p>\n\n\n\n<p>&#8220;Eu acredito, e muitas pessoas acreditam o mesmo, que da forma como nossas sociedades s\u00e3o organizadas, o status quo n\u00e3o \u00e9 sustent\u00e1vel. N\u00e3o \u00e9 saud\u00e1vel, n\u00e3o \u00e9 t\u00e3o pr\u00f3spero quanto poderia ser, n\u00e3o \u00e9 t\u00e3o seguro quanto poderia ser.&#8221;<\/p>\n\n\n\n<p>&#8220;As pessoas me perguntam: &#8216;Ent\u00e3o voc\u00ea acha que todo mundo deve ser totalmente igual?&#8217; N\u00e3o, eu n\u00e3o acredito nisso. N\u00e3o sou algum tipo de comunista sovi\u00e9tico. Mas o que eu acredito \u00e9 que a propor\u00e7\u00e3o entre riqueza e pobreza atualmente est\u00e1 totalmente desequilibrada e al\u00e9m do razo\u00e1vel.&#8221;<\/p>\n\n\n\n<p>&#8220;Num pa\u00eds como o Brasil, algumas pessoas muito ricas det\u00eam mais de 50% da riqueza. O mesmo acontece na \u00c1frica do Sul e nos EUA e isso est\u00e1 piorando. Acredito que isso \u00e9 um problema e que a mudan\u00e7a clim\u00e1tica e a desigualdade ser\u00e3o os maiores desafios do s\u00e9culo 21.&#8221;<\/p>\n\n\n\n<figure class=\"wp-block-image\"><img data-recalc-dims=\"1\" decoding=\"async\" src=\"https:\/\/i0.wp.com\/ichef.bbci.co.uk\/news\/640\/cpsprodpb\/11E49\/production\/_116098237_3johnnymillerunequalscenes-mumbai.jpg?w=600&#038;ssl=1\" alt=\"Mumbai\"\/><figcaption>Legenda da foto,&nbsp;Mumbai<\/figcaption><\/figure>\n\n\n\n<figure class=\"wp-block-image\"><img data-recalc-dims=\"1\" decoding=\"async\" src=\"https:\/\/i0.wp.com\/ichef.bbci.co.uk\/news\/640\/cpsprodpb\/D029\/production\/_116098235_2johnnymillerunequalscenes-cidadedomxico.jpg?w=600&#038;ssl=1\" alt=\"Cidade do M\u00e9xico\"\/><figcaption>Legenda da foto,&nbsp;Cidade do M\u00e9xico<\/figcaption><\/figure>\n\n\n\n<h2 class=\"wp-block-heading\" id=\"Imagens-t\u00eam-o-prop\u00f3sito-de-gerar-discuss\u00e3o\">Imagens t\u00eam o prop\u00f3sito de gerar discuss\u00e3o<\/h2>\n\n\n\n<p>Segundo o fot\u00f3grafo, seu objetivo ao retratar as cenas de desigualdade n\u00e3o \u00e9 apontar solu\u00e7\u00f5es para o problema, mas fazer com ele seja cada vez mais um tema de discuss\u00e3o.<\/p>\n\n\n\n<p>&#8220;Prefiro que voc\u00ea n\u00e3o me pergunte qual \u00e9 a minha solu\u00e7\u00e3o para a desigualdade, porque, honestamente, h\u00e1 pessoas muito mais inteligentes do que eu trabalhando para resolver a quest\u00e3o e a resposta n\u00e3o ser\u00e1 muito sexy. Ser\u00e1 uma combina\u00e7\u00e3o de reforma tribut\u00e1ria e redistribui\u00e7\u00e3o de renda atrav\u00e9s de instrumentos financeiros e patrimoniais.&#8221;<\/p>\n\n\n\n<p>&#8220;O que eu posso fazer \u00e9 comunicar o tema de uma maneira que fa\u00e7a as pessoas entenderem que se trata de um problema. O que estou tentando fazer com esse projeto \u00e9 provocar uma discuss\u00e3o sobre desigualdade, mas tamb\u00e9m sobre como a arquitetura \u00e9 usada para separar as pessoas.&#8221;<\/p>\n\n\n\n<figure class=\"wp-block-image\"><img data-recalc-dims=\"1\" decoding=\"async\" src=\"https:\/\/i0.wp.com\/ichef.bbci.co.uk\/news\/640\/cpsprodpb\/14559\/production\/_116098238_4unequalscenesbr1-paraispolis.jpg?w=600&#038;ssl=1\" alt=\"Parais\u00f3polis\"\/><figcaption>Legenda da foto,&nbsp;Parais\u00f3polis<\/figcaption><\/figure>\n\n\n\n<h2 class=\"wp-block-heading\" id=\"Fotografias-de-desigualdade-podem-ser-belas\">Fotografias de desigualdade podem ser belas<\/h2>\n\n\n\n<p>Assim, Miller entende que seu trabalho \u00e9 mais do que fazer imagens bonitas, mas ele n\u00e3o tem medo de admitir que suas fotografias, apesar de retratarem realidades terr\u00edveis, tamb\u00e9m s\u00e3o belas.<\/p>\n\n\n\n<p>&#8220;Eu me sinto confort\u00e1vel dizendo que \u00e9 importante para mim que minhas imagens sejam bonitas. Acredito que parte do motivo por que minhas imagens s\u00e3o t\u00e3o populares \u00e9 porque elas s\u00e3o belas. Muitas pessoas n\u00e3o admitem isso, o que \u00e9 interessante. Porque elas acham que n\u00e3o \u00e9 ok dizer que uma imagem de pobreza ou de desigualdade pode ser bonita.&#8221;<\/p>\n\n\n\n<p>&#8220;Mas as pessoas gostam de olhar para coisas bonitas. Se voc\u00ea est\u00e1 nas m\u00eddias sociais e v\u00ea algo que \u00e9 colorido, sim\u00e9trico e belo, mas que tamb\u00e9m tem uma hist\u00f3ria pol\u00edtica, isso vai chegar mais longe do que uma foto que n\u00e3o seja colorida, bem equilibrada e bonita.&#8221;<\/p>\n\n\n\n<figure class=\"wp-block-image\"><img data-recalc-dims=\"1\" decoding=\"async\" src=\"https:\/\/i0.wp.com\/ichef.bbci.co.uk\/news\/640\/cpsprodpb\/7E85\/production\/_116098323_7unequalscenesbr8-rocinha.jpg?w=600&#038;ssl=1\" alt=\"Rocinha\"\/><figcaption>Legenda da foto,&nbsp;Rocinha<\/figcaption><\/figure>\n\n\n\n<h2 class=\"wp-block-heading\" id=\"Uso-de-drones-\u00e9-uma-escolha-pol\u00edtica\">Uso de drones \u00e9 uma escolha pol\u00edtica<\/h2>\n\n\n\n<p>Miller tamb\u00e9m \u00e9 diretor de uma organiza\u00e7\u00e3o n\u00e3o-governamental na Cidade do Cabo chamada African Drone. O fot\u00f3grafo \u00e9 um entusiasta da tecnologia e acredita que o seu uso \u00e9 uma escolha pol\u00edtica, al\u00e9m de est\u00e9tica.<\/p>\n\n\n\n<p>&#8220;Acredito que drones s\u00e3o uma tecnologia muito democr\u00e1tica. Eles permitem ver a partir de cima, de uma forma que n\u00e3o seria poss\u00edvel cerca de quatro anos atr\u00e1s sem tecnologias muito caras.&#8221;<\/p>\n\n\n\n<p>Para Miller, o drone \u00e9 uma tecnologia &#8220;empoderadora&#8221;, aliada da luta pela desconcentra\u00e7\u00e3o da posse de terras, do jornalismo e da ajuda humanit\u00e1ria.<\/p>\n\n\n\n<p>&#8220;Voc\u00ea pode mapear com drones, ent\u00e3o pessoas que n\u00e3o det\u00eam a posse de sua terra ou o t\u00edtulo de sua resid\u00eancia podem provar com o uso de GPS que aquela \u00e1rea \u00e9 delas, que aquela casa \u00e9 delas.&#8221;<\/p>\n\n\n\n<p>&#8220;Para jornalistas e outros comunicadores, \u00e9 muito importante poder voar sobre muros e ver coisas que pessoas querem manter em segredo&#8221;, afirma. &#8220;Tamb\u00e9m h\u00e1 todo um terreno em expans\u00e3o de entregas. Est\u00e1 reduzindo o custo de entregar suprimentos m\u00e9dicos e infraestruturas cr\u00edticas na \u00c1frica.&#8221;<\/p>\n\n\n\n<h2 class=\"wp-block-heading\" id=\"Vinda-ao-Brasil\">Vinda ao Brasil<\/h2>\n\n\n\n<figure class=\"wp-block-image\"><img data-recalc-dims=\"1\" decoding=\"async\" src=\"https:\/\/i0.wp.com\/ichef.bbci.co.uk\/news\/640\/cpsprodpb\/CCA5\/production\/_116098325_8unequalscenesbr10-donamarta.jpg?w=600&#038;ssl=1\" alt=\"Dona Marta\"\/><figcaption>Legenda da foto,&nbsp;Dona Marta<\/figcaption><\/figure>\n\n\n\n<p>O fot\u00f3grafo conta que queria vir ao Brasil h\u00e1 muitos anos, em parte pelo desejo de conhecer o brasileiro Tuca Vieira, autor do&nbsp;<a href=\"https:\/\/www.bbc.com\/portuguese\/brasil-50666148\">mais ic\u00f4nico retrato da desigualdade nacional<\/a>, que captou, em 2004, o contraste entre a favela de Parais\u00f3polis e os pr\u00e9dios de luxo do bairro rico do Morumbi, em S\u00e3o Paulo.<\/p>\n\n\n\n<p>Ap\u00f3s passar sete meses de 2020 &#8220;preso&#8221; nos EUA, ao ir visitar sua av\u00f3 e ser impedido de voltar \u00e0 \u00c1frica do Sul pela pandemia, Miller resolveu realizar o desejo antigo.<\/p>\n\n\n\n<p>Em S\u00e3o Paulo, conheceu Vieira e voou com ele de helic\u00f3ptero para refazer a hist\u00f3rica foto 16 anos depois. &#8220;Ainda \u00e9 igual, completamente. Nada mudou&#8221;, afirma.<\/p>\n\n\n\n<p>Mas foi no Rio de Janeiro que Miller viu as imagens de desigualdade que mais o impressionaram.<\/p>\n\n\n\n<p>&#8220;Uma das coisas interessantes sobre o Brasil, e especificamente Copacabana \u2014 estou sentado aqui ao lado de uma janela, atrav\u00e9s da qual posso ver uma favela &#8211; \u00e9 que aqui \u00e9 muito mais misturado do que na \u00c1frica do Sul, por exemplo.&#8221;<\/p>\n\n\n\n<p>&#8220;A \u00c1frica do Sul tem uma sociedade muito dividida. H\u00e1 uma classe trabalhadora, toda negra e muito pobre. E uma elite, que \u00e9 muito branca e muito rica. Eles n\u00e3o se misturam. E \u00e9 terr\u00edvel. Sinto que a \u00cdndia e o Brasil s\u00e3o mais parecidos. No sentido que as pessoas tendem a interagir mais.&#8221;<\/p>\n\n\n\n<p>&#8220;Favelas s\u00e3o um fen\u00f4meno \u00fanico. Especificamente no Rio de Janeiro. N\u00e3o acho que nenhum outro lugar do mundo se parece com isso.&#8221;<\/p>\n","protected":false},"excerpt":{"rendered":"<p>Tudo come\u00e7ou em 2016, quando uma foto tirada pelo americano Johnny Miller na Cidade do Cabo, na \u00c1frica do Sul, viralizou nas redes sociais e ganhou destaque na imprensa.<\/p>\n","protected":false},"author":1,"featured_media":0,"comment_status":"closed","ping_status":"open","sticky":false,"template":"","format":"standard","meta":{"_exactmetrics_skip_tracking":false,"_exactmetrics_sitenote_active":false,"_exactmetrics_sitenote_note":"","_exactmetrics_sitenote_category":0,"jetpack_post_was_ever_published":false,"_jetpack_newsletter_access":"","_jetpack_dont_email_post_to_subs":false,"_jetpack_newsletter_tier_id":0,"_jetpack_memberships_contains_paywalled_content":false,"_jetpack_memberships_contains_paid_content":false,"footnotes":"","jetpack_publicize_message":"","jetpack_publicize_feature_enabled":true,"jetpack_social_post_already_shared":true,"jetpack_social_options":{"image_generator_settings":{"template":"highway","enabled":false},"version":2}},"categories":[1],"tags":[],"class_list":["post-30423","post","type-post","status-publish","format-standard","hentry","category-notas"],"jetpack_publicize_connections":[],"jetpack_sharing_enabled":true,"jetpack_featured_media_url":"","jetpack_shortlink":"https:\/\/wp.me\/p7wKYW-7UH","jetpack-related-posts":[],"_links":{"self":[{"href":"http:\/\/blogdalucianaoliveira.com.br\/blog\/wp-json\/wp\/v2\/posts\/30423","targetHints":{"allow":["GET"]}}],"collection":[{"href":"http:\/\/blogdalucianaoliveira.com.br\/blog\/wp-json\/wp\/v2\/posts"}],"about":[{"href":"http:\/\/blogdalucianaoliveira.com.br\/blog\/wp-json\/wp\/v2\/types\/post"}],"author":[{"embeddable":true,"href":"http:\/\/blogdalucianaoliveira.com.br\/blog\/wp-json\/wp\/v2\/users\/1"}],"replies":[{"embeddable":true,"href":"http:\/\/blogdalucianaoliveira.com.br\/blog\/wp-json\/wp\/v2\/comments?post=30423"}],"version-history":[{"count":1,"href":"http:\/\/blogdalucianaoliveira.com.br\/blog\/wp-json\/wp\/v2\/posts\/30423\/revisions"}],"predecessor-version":[{"id":30425,"href":"http:\/\/blogdalucianaoliveira.com.br\/blog\/wp-json\/wp\/v2\/posts\/30423\/revisions\/30425"}],"wp:attachment":[{"href":"http:\/\/blogdalucianaoliveira.com.br\/blog\/wp-json\/wp\/v2\/media?parent=30423"}],"wp:term":[{"taxonomy":"category","embeddable":true,"href":"http:\/\/blogdalucianaoliveira.com.br\/blog\/wp-json\/wp\/v2\/categories?post=30423"},{"taxonomy":"post_tag","embeddable":true,"href":"http:\/\/blogdalucianaoliveira.com.br\/blog\/wp-json\/wp\/v2\/tags?post=30423"}],"curies":[{"name":"wp","href":"https:\/\/api.w.org\/{rel}","templated":true}]}}