{"id":30426,"date":"2020-12-16T11:05:17","date_gmt":"2020-12-16T15:05:17","guid":{"rendered":"http:\/\/blogdalucianaoliveira.com.br\/blog\/?p=30426"},"modified":"2020-12-16T11:05:23","modified_gmt":"2020-12-16T15:05:23","slug":"em-rondonia-mpf-processa-funai-e-incra-por-norma-que-incentiva-grilagem-em-terra-indigena","status":"publish","type":"post","link":"http:\/\/blogdalucianaoliveira.com.br\/blog\/2020\/12\/16\/em-rondonia-mpf-processa-funai-e-incra-por-norma-que-incentiva-grilagem-em-terra-indigena\/","title":{"rendered":"Em Rond\u00f4nia, MPF processa Funai e Incra por norma que incentiva grilagem em terra ind\u00edgena"},"content":{"rendered":"\n<figure class=\"wp-block-image size-large\"><img data-recalc-dims=\"1\" loading=\"lazy\" decoding=\"async\" width=\"600\" height=\"355\" data-attachment-id=\"30427\" data-permalink=\"http:\/\/blogdalucianaoliveira.com.br\/blog\/2020\/12\/16\/em-rondonia-mpf-processa-funai-e-incra-por-norma-que-incentiva-grilagem-em-terra-indigena\/b1943865-a9df-4ce4-8fdf-9ae487a2e206\/\" data-orig-file=\"https:\/\/i0.wp.com\/blogdalucianaoliveira.com.br\/blog\/wp-content\/uploads\/2020\/12\/B1943865-A9DF-4CE4-8FDF-9AE487A2E206.jpeg?fit=845%2C500\" data-orig-size=\"845,500\" data-comments-opened=\"0\" data-image-meta=\"{&quot;aperture&quot;:&quot;0&quot;,&quot;credit&quot;:&quot;&quot;,&quot;camera&quot;:&quot;&quot;,&quot;caption&quot;:&quot;&quot;,&quot;created_timestamp&quot;:&quot;0&quot;,&quot;copyright&quot;:&quot;&quot;,&quot;focal_length&quot;:&quot;0&quot;,&quot;iso&quot;:&quot;0&quot;,&quot;shutter_speed&quot;:&quot;0&quot;,&quot;title&quot;:&quot;&quot;,&quot;orientation&quot;:&quot;1&quot;}\" data-image-title=\"B1943865-A9DF-4CE4-8FDF-9AE487A2E206\" data-image-description=\"\" data-image-caption=\"\" data-medium-file=\"https:\/\/i0.wp.com\/blogdalucianaoliveira.com.br\/blog\/wp-content\/uploads\/2020\/12\/B1943865-A9DF-4CE4-8FDF-9AE487A2E206.jpeg?fit=300%2C178\" data-large-file=\"https:\/\/i0.wp.com\/blogdalucianaoliveira.com.br\/blog\/wp-content\/uploads\/2020\/12\/B1943865-A9DF-4CE4-8FDF-9AE487A2E206.jpeg?fit=600%2C355\" src=\"https:\/\/i0.wp.com\/blogdalucianaoliveira.com.br\/blog\/wp-content\/uploads\/2020\/12\/B1943865-A9DF-4CE4-8FDF-9AE487A2E206.jpeg?resize=600%2C355\" alt=\"\" class=\"wp-image-30427\" srcset=\"https:\/\/i0.wp.com\/blogdalucianaoliveira.com.br\/blog\/wp-content\/uploads\/2020\/12\/B1943865-A9DF-4CE4-8FDF-9AE487A2E206.jpeg?w=845 845w, https:\/\/i0.wp.com\/blogdalucianaoliveira.com.br\/blog\/wp-content\/uploads\/2020\/12\/B1943865-A9DF-4CE4-8FDF-9AE487A2E206.jpeg?resize=300%2C178 300w, https:\/\/i0.wp.com\/blogdalucianaoliveira.com.br\/blog\/wp-content\/uploads\/2020\/12\/B1943865-A9DF-4CE4-8FDF-9AE487A2E206.jpeg?resize=768%2C454 768w, https:\/\/i0.wp.com\/blogdalucianaoliveira.com.br\/blog\/wp-content\/uploads\/2020\/12\/B1943865-A9DF-4CE4-8FDF-9AE487A2E206.jpeg?resize=507%2C300 507w\" sizes=\"auto, (max-width: 600px) 100vw, 600px\" \/><\/figure>\n\n\n\n<p>O Minist\u00e9rio P\u00fablico Federal (MPF) est\u00e1 processando a Funai e o Incra devido \u00e0 Instru\u00e7\u00e3o Normativa&nbsp;09 (IN&nbsp;09) que&nbsp;excluiu as&nbsp;terras ind\u00edgenas n\u00e3o homologadas&nbsp;do Sistema de Gest\u00e3o Fundi\u00e1ria&nbsp;(Sigef).&nbsp;Para o MPF, a&nbsp;IN 09&nbsp;incentiva a grilagem em terras ind\u00edgenas porque&nbsp;permite que&nbsp;posseiros&nbsp;tenham uma&nbsp;declara\u00e7\u00e3o&nbsp;emitida pela Funai&nbsp;de que os limites de determinado&nbsp;im\u00f3vel&nbsp;n\u00e3o est\u00e3o dentro de terra ind\u00edgena homologada, mesmo que estejam&nbsp;em \u00e1reas&nbsp;reivindicadas&nbsp;por ind\u00edgenas, em processo de delimita\u00e7\u00e3o e de demarca\u00e7\u00e3o.<\/p>\n\n\n\n<!--more-->\n\n\n\n<p>A procuradora da Rep\u00fablica Gisele Bleggi\u00a0e o procurador da Rep\u00fablica Raphael Bevilaqua\u00a0argumentam\u00a0na a\u00e7\u00e3o\u00a0que \u201ca IN 09, ao retirar do Sigef as terras ind\u00edgenas nas demais fases do processo de demarca\u00e7\u00e3o, gera uma grav\u00edssima inseguran\u00e7a jur\u00eddica, pois atestar\u00e1 para terceiros a falsa aus\u00eancia de sobreposi\u00e7\u00e3o com terras ind\u00edgenas quando,\u00a0na\u00a0verdade, a Funai j\u00e1 tem conhecimento dessa sobreposi\u00e7\u00e3o\u201d.<\/p>\n\n\n\n<p>Na\u00a0<strong><a rel=\"noreferrer noopener\" href=\"http:\/\/www.mpf.mp.br\/ro\/sala-de-imprensa\/docs\/2020\/acao-civil-publica-contra-in-09\" target=\"_blank\">a\u00e7\u00e3o civil p\u00fablica<\/a>,<\/strong>\u00a0o MPF pede que a Justi\u00e7a obrigue a Funai e o Incra a inclu\u00edrem todas as terras ind\u00edgenas no Sigef e no Sistema Nacional de Cadastro Ambiental Rural (Sicar), mesmo que o processo de demarca\u00e7\u00e3o n\u00e3o esteja conclu\u00eddo\u00a0(como \u00e1reas\u00a0formalmente reivindicadas\u00a0por ind\u00edgenas, em estudo de identifica\u00e7\u00e3o e delimita\u00e7\u00e3o, delimitada com os limites aprovados pela Funai,\u00a0declarada com limites estabelecidos por\u00a0portaria declarat\u00f3ria do ministro da Justi\u00e7a, com portaria de restri\u00e7\u00e3o de uso para localiza\u00e7\u00e3o e prote\u00e7\u00e3o de \u00edndios isolados\u00a0ou\u00a0em processo de revis\u00e3o de limites, visando a amplia\u00e7\u00e3o da \u00e1rea).<\/p>\n\n\n\n<p>Assim, ao emitir a declara\u00e7\u00e3o de reconhecimento de limites&nbsp;de algum&nbsp;im\u00f3vel&nbsp;rural, a Funai dever\u00e1 informar a real situa\u00e7\u00e3o&nbsp;desse im\u00f3vel&nbsp;em rela\u00e7\u00e3o a terras ind\u00edgenas&nbsp;j\u00e1&nbsp;homologadas ou&nbsp;em outras etapas de homologa\u00e7\u00e3o.<\/p>\n\n\n\n<p>O Sistema de Gest\u00e3o Fundi\u00e1ria (Sigef) \u00e9 uma ferramenta eletr\u00f4nica desenvolvida pelo Incra e pelo Minist\u00e9rio do Desenvolvimento Agr\u00e1rio (MDA) para subsidiar a governan\u00e7a fundi\u00e1ria do territ\u00f3rio nacional. O Sigef funciona como uma base de dados centralizada que armazena informa\u00e7\u00f5es fundi\u00e1rias que servem, inclusive, para orientar pol\u00edticas de destina\u00e7\u00e3o de terras e regulariza\u00e7\u00e3o fundi\u00e1ria.<\/p>\n\n\n\n<p><strong>R<\/strong><strong>evis\u00e3o territorial<\/strong>&nbsp;&#8211;&nbsp;Na regi\u00e3o Norte de Rond\u00f4nia, as terras ind\u00edgenas que devem ser inclu\u00eddas no Sigef s\u00e3o&nbsp;Igarap\u00e9 Lage, Paca\u00e1s Novos, Rio Guapor\u00e9, Sagarana, Rio Negro Ocaia&nbsp;(localizadas em&nbsp;Guajar\u00e1-Mirim), Karitiana&nbsp;(em Porto Velho e Candeias do Jamari)&nbsp;e a Reserva Ind\u00edgena Cassup\u00e1\/Salam\u00e3i&nbsp;(Porto Velho).<\/p>\n\n\n\n<p>Essas terras ind\u00edgenas s\u00e3o ocupadas tradicionalmente, homologadas e registradas, entretanto, t\u00eam processos de revis\u00e3o de limites territoriais em andamento. A IN 09 da Funai orienta aos servidores a n\u00e3o levarem em considera\u00e7\u00e3o os novos limites para a emiss\u00e3o de declara\u00e7\u00f5es de aus\u00eancia de sobreposi\u00e7\u00e3o de im\u00f3veis de terceiros em terras ind\u00edgenas.<\/p>\n\n\n\n<p>O MPF afirma na a\u00e7\u00e3o que a IN 09 contraria o car\u00e1ter origin\u00e1rio do direito dos ind\u00edgenas \u00e0s suas terras e a natureza declarat\u00f3ria do ato de demarca\u00e7\u00e3o, al\u00e9m de criar uma \u201cindevida preced\u00eancia da propriedade privada sobre as terras ind\u00edgenas, em flagrante ofensa \u00e0 Constitui\u00e7\u00e3o, cuja aplicabilidade se imp\u00f5e inclusive aos territ\u00f3rios n\u00e3o demarcados\u201d.<\/p>\n\n\n\n<p><strong>PL 481<\/strong>&nbsp;&#8211;&nbsp;Quase simultaneamente \u00e0 edi\u00e7\u00e3o da IN&nbsp;09, o&nbsp;governo de Rond\u00f4nia enviou \u00e0 Assembleia Legislativa o Projeto de Lei&nbsp;481\/2020 que \u201cinstitui a pol\u00edtica de regulariza\u00e7\u00e3o fundi\u00e1ria de terras p\u00fablicas rurais e urbanas pertencentes ao estado de Rond\u00f4nia\u201d. Se aprovado o projeto de lei conforme proposto, as&nbsp;terras&nbsp;ind\u00edgenas que estiverem em outras etapas do processo de demarca\u00e7\u00e3o territorial&nbsp;ficar\u00e3o juridicamente desprotegidas.&nbsp;Ou seja, terras&nbsp;ind\u00edgenas&nbsp;poder\u00e3o ser alvo de destina\u00e7\u00e3o irregular&nbsp;a&nbsp;terceiros&nbsp;(grilagem)&nbsp;em&nbsp;Rond\u00f4nia.<\/p>\n\n\n\n<p>Por meio de um&nbsp;<strong><a href=\"http:\/\/www.mpf.mp.br\/ro\/sala-de-imprensa\/docs\/2020\/oficio-recomendatorio-ao-presidente-da-assembleia-legislativa-de-rondonia\" target=\"_blank\" rel=\"noreferrer noopener\">of\u00edcio recomendat\u00f3rio<\/a><\/strong>, o&nbsp;MPF alertou o presidente da Assembleia Legislativa sobre a ilegalidade da proposta ao n\u00e3o incluir todas as terras ind\u00edgenas,&nbsp;homologadas ou em fase de homologa\u00e7\u00e3o.<\/p>\n\n\n\n<p><strong>Liminares<\/strong>&nbsp;&#8211;&nbsp;Nacionalmente, o MPF j\u00e1 havia tentando resolver&nbsp;esse&nbsp;assunto de forma administrativa, sem recorrer \u00e0 Justi\u00e7a. Logo que a IN 09 foi publicada,&nbsp;49 procuradores e procuradoras da Rep\u00fablica lotados em 23&nbsp;estados&nbsp;do Brasil&nbsp;enviaram recomenda\u00e7\u00e3o \u00e0 Funai e ao Incra para que se&nbsp;n\u00e3o cumprissem&nbsp;essa nova norma. Tanto a Funai quanto o Incra informaram que n\u00e3o acatariam a recomenda\u00e7\u00e3o.<\/p>\n\n\n\n<p>At\u00e9 o momento, j\u00e1 foram&nbsp;ajuizadas&nbsp;24 a\u00e7\u00f5es judiciais em 13 estados brasileiros &#8211; Par\u00e1, Roraima, Amazonas, Acre, Rond\u00f4nia, Mato Grosso, Mato Grosso do Sul, Cear\u00e1, Bahia, S\u00e3o Paulo, Paran\u00e1, Santa Catarina e Rio Grande do Sul &#8211; perante a Justi\u00e7a Federal buscando o retorno dos registros das&nbsp;terras&nbsp;ind\u00edgenas para os cadastros fundi\u00e1rios p\u00fablicos. Destas, foram concedidas 15 decis\u00f5es liminares, outra parte das a\u00e7\u00f5es ainda se encontra sob an\u00e1lise judicial, sendo que apenas duas tiveram os pleitos liminares indeferidos.&nbsp;Em Rond\u00f4nia,&nbsp;as unidades do MPF em Ji-Paran\u00e1 e Vilhena&nbsp;tamb\u00e9m&nbsp;ajuizaram&nbsp;a\u00e7\u00f5es civis p\u00fablicas&nbsp;para prote\u00e7\u00e3o das terras ind\u00edgenas das regi\u00f5es Central e Sul de Rond\u00f4nia.<\/p>\n\n\n\n<p>As a\u00e7\u00f5es civis p\u00fablicas de Rond\u00f4nia podem ser consultadas no site do\u00a0<strong><a rel=\"noreferrer noopener\" href=\"https:\/\/pje1g.trf1.jus.br\/consultapublica\/ConsultaPublica\/listView.seam\" target=\"_blank\">Processo Judicial Eletr\u00f4nico da Justi\u00e7a Federal<\/a><\/strong>\u00a0com os n\u00fameros\u00a01004701-37.2020.4.01.4101, 1001758-41.2020.4.01.4103\u00a0e\u00a01015110-75.2020.4.01.4100.<\/p>\n\n\n\n<p><\/p>\n\n\n\n<p>Da assessoria <\/p>\n","protected":false},"excerpt":{"rendered":"<p>O Minist\u00e9rio P\u00fablico Federal (MPF) est\u00e1 processando a Funai e o Incra devido \u00e0 Instru\u00e7\u00e3o Normativa&nbsp;09 (IN&nbsp;09) que&nbsp;excluiu as&nbsp;terras ind\u00edgenas n\u00e3o homologadas&nbsp;do Sistema de Gest\u00e3o Fundi\u00e1ria&nbsp;(Sigef).&nbsp;Para o MPF, a&nbsp;IN 09&nbsp;incentiva a grilagem em terras ind\u00edgenas porque&nbsp;permite que&nbsp;posseiros&nbsp;tenham uma&nbsp;declara\u00e7\u00e3o&nbsp;emitida pela Funai&nbsp;de que os limites de determinado&nbsp;im\u00f3vel&nbsp;n\u00e3o est\u00e3o dentro de terra ind\u00edgena homologada, mesmo que estejam&nbsp;em \u00e1reas&nbsp;reivindicadas&nbsp;por&#8230;<a class=\"more-link\" href=\"http:\/\/blogdalucianaoliveira.com.br\/blog\/2020\/12\/16\/em-rondonia-mpf-processa-funai-e-incra-por-norma-que-incentiva-grilagem-em-terra-indigena\/\">Continue a leitura <span class=\"meta-nav\">&raquo;<\/span><\/a><\/p>\n","protected":false},"author":1,"featured_media":0,"comment_status":"closed","ping_status":"open","sticky":false,"template":"","format":"standard","meta":{"_exactmetrics_skip_tracking":false,"_exactmetrics_sitenote_active":false,"_exactmetrics_sitenote_note":"","_exactmetrics_sitenote_category":0,"jetpack_post_was_ever_published":false,"_jetpack_newsletter_access":"","_jetpack_dont_email_post_to_subs":false,"_jetpack_newsletter_tier_id":0,"_jetpack_memberships_contains_paywalled_content":false,"_jetpack_memberships_contains_paid_content":false,"footnotes":"","jetpack_publicize_message":"","jetpack_publicize_feature_enabled":true,"jetpack_social_post_already_shared":true,"jetpack_social_options":{"image_generator_settings":{"template":"highway","enabled":false},"version":2}},"categories":[1],"tags":[],"class_list":["post-30426","post","type-post","status-publish","format-standard","hentry","category-notas"],"jetpack_publicize_connections":[],"jetpack_sharing_enabled":true,"jetpack_featured_media_url":"","jetpack_shortlink":"https:\/\/wp.me\/p7wKYW-7UK","jetpack-related-posts":[],"_links":{"self":[{"href":"http:\/\/blogdalucianaoliveira.com.br\/blog\/wp-json\/wp\/v2\/posts\/30426","targetHints":{"allow":["GET"]}}],"collection":[{"href":"http:\/\/blogdalucianaoliveira.com.br\/blog\/wp-json\/wp\/v2\/posts"}],"about":[{"href":"http:\/\/blogdalucianaoliveira.com.br\/blog\/wp-json\/wp\/v2\/types\/post"}],"author":[{"embeddable":true,"href":"http:\/\/blogdalucianaoliveira.com.br\/blog\/wp-json\/wp\/v2\/users\/1"}],"replies":[{"embeddable":true,"href":"http:\/\/blogdalucianaoliveira.com.br\/blog\/wp-json\/wp\/v2\/comments?post=30426"}],"version-history":[{"count":1,"href":"http:\/\/blogdalucianaoliveira.com.br\/blog\/wp-json\/wp\/v2\/posts\/30426\/revisions"}],"predecessor-version":[{"id":30428,"href":"http:\/\/blogdalucianaoliveira.com.br\/blog\/wp-json\/wp\/v2\/posts\/30426\/revisions\/30428"}],"wp:attachment":[{"href":"http:\/\/blogdalucianaoliveira.com.br\/blog\/wp-json\/wp\/v2\/media?parent=30426"}],"wp:term":[{"taxonomy":"category","embeddable":true,"href":"http:\/\/blogdalucianaoliveira.com.br\/blog\/wp-json\/wp\/v2\/categories?post=30426"},{"taxonomy":"post_tag","embeddable":true,"href":"http:\/\/blogdalucianaoliveira.com.br\/blog\/wp-json\/wp\/v2\/tags?post=30426"}],"curies":[{"name":"wp","href":"https:\/\/api.w.org\/{rel}","templated":true}]}}