{"id":30432,"date":"2020-12-17T07:59:11","date_gmt":"2020-12-17T11:59:11","guid":{"rendered":"http:\/\/blogdalucianaoliveira.com.br\/blog\/?p=30432"},"modified":"2020-12-17T07:59:18","modified_gmt":"2020-12-17T11:59:18","slug":"globo-renova-guerra-com-bolsonaro-e-pedro-bial-o-chama-de-desgovernante-inominavel-e-acefalo","status":"publish","type":"post","link":"http:\/\/blogdalucianaoliveira.com.br\/blog\/2020\/12\/17\/globo-renova-guerra-com-bolsonaro-e-pedro-bial-o-chama-de-desgovernante-inominavel-e-acefalo\/","title":{"rendered":"Globo renova guerra com Bolsonaro e Pedro Bial o chama de &#8220;desgovernante&#8221;, &#8220;inomin\u00e1vel&#8221; e &#8220;ac\u00e9falo&#8221;"},"content":{"rendered":"\n<figure class=\"wp-block-image size-large\"><img data-recalc-dims=\"1\" loading=\"lazy\" decoding=\"async\" width=\"530\" height=\"380\" data-attachment-id=\"30433\" data-permalink=\"http:\/\/blogdalucianaoliveira.com.br\/blog\/2020\/12\/17\/globo-renova-guerra-com-bolsonaro-e-pedro-bial-o-chama-de-desgovernante-inominavel-e-acefalo\/4d7f3cdc-e261-4380-ae73-8c234edfb002\/\" data-orig-file=\"https:\/\/i0.wp.com\/blogdalucianaoliveira.com.br\/blog\/wp-content\/uploads\/2020\/12\/4D7F3CDC-E261-4380-AE73-8C234EDFB002.jpeg?fit=530%2C380\" data-orig-size=\"530,380\" data-comments-opened=\"0\" data-image-meta=\"{&quot;aperture&quot;:&quot;0&quot;,&quot;credit&quot;:&quot;&quot;,&quot;camera&quot;:&quot;&quot;,&quot;caption&quot;:&quot;&quot;,&quot;created_timestamp&quot;:&quot;0&quot;,&quot;copyright&quot;:&quot;&quot;,&quot;focal_length&quot;:&quot;0&quot;,&quot;iso&quot;:&quot;0&quot;,&quot;shutter_speed&quot;:&quot;0&quot;,&quot;title&quot;:&quot;&quot;,&quot;orientation&quot;:&quot;0&quot;}\" data-image-title=\"4D7F3CDC-E261-4380-AE73-8C234EDFB002\" data-image-description=\"\" data-image-caption=\"\" data-medium-file=\"https:\/\/i0.wp.com\/blogdalucianaoliveira.com.br\/blog\/wp-content\/uploads\/2020\/12\/4D7F3CDC-E261-4380-AE73-8C234EDFB002.jpeg?fit=300%2C215\" data-large-file=\"https:\/\/i0.wp.com\/blogdalucianaoliveira.com.br\/blog\/wp-content\/uploads\/2020\/12\/4D7F3CDC-E261-4380-AE73-8C234EDFB002.jpeg?fit=530%2C380\" src=\"https:\/\/i0.wp.com\/blogdalucianaoliveira.com.br\/blog\/wp-content\/uploads\/2020\/12\/4D7F3CDC-E261-4380-AE73-8C234EDFB002.jpeg?resize=530%2C380\" alt=\"\" class=\"wp-image-30433\" srcset=\"https:\/\/i0.wp.com\/blogdalucianaoliveira.com.br\/blog\/wp-content\/uploads\/2020\/12\/4D7F3CDC-E261-4380-AE73-8C234EDFB002.jpeg?w=530 530w, https:\/\/i0.wp.com\/blogdalucianaoliveira.com.br\/blog\/wp-content\/uploads\/2020\/12\/4D7F3CDC-E261-4380-AE73-8C234EDFB002.jpeg?resize=300%2C215 300w, https:\/\/i0.wp.com\/blogdalucianaoliveira.com.br\/blog\/wp-content\/uploads\/2020\/12\/4D7F3CDC-E261-4380-AE73-8C234EDFB002.jpeg?resize=418%2C300 418w\" sizes=\"auto, (max-width: 530px) 100vw, 530px\" \/><\/figure>\n\n\n\n<p><strong>247 \u2013<\/strong>&nbsp;A guerra entre o governo Bolsonaro e a Globo, que apoiou o golpe de estado de 2016 e hoje atravessa profunda crise financeira, ganhou um novo cap\u00edtulo na noite de ontem, quando o apresentador leu um duro editorial contra o presidente que ajudou a eleger. Bial classificou Bolsonaro como &#8220;inomin\u00e1vel&#8221; e &#8220;desgovernante&#8221;.<\/p>\n\n\n\n<!--more-->\n\n\n\n<p>&#8220;Na pandemia desse 2020 nefasto, o Brasil se destacou. Desde o in\u00edcio, nosso desgovernante tentou negar a gravidade da crise, seguiu inventando rem\u00e9dios milagrosos, sabotou ministros da sa\u00fade e educa\u00e7\u00e3o. Deu os piores exemplos&#8221;, afirmou o jornalista.<\/p>\n\n\n\n<p>&#8220;Sem m\u00e1scara e sem no\u00e7\u00e3o, ele causou aglomera\u00e7\u00e3o. O inomin\u00e1vel contribuiu de forma decisiva para que mais gente morresse. Agora se supera, delirante, ao desprezar a \u00fanica solu\u00e7\u00e3o: a vacina. Como disse o pr\u00f3prio ac\u00e9falo que hoje ocupa o Pal\u00e1cio do Planalto: morrer todo mundo vai morrer mesmo. Pior quem tem uma vida pela frente&#8221;, disse ainda Bial. Confira um trecho:<\/p>\n\n\n\n<figure class=\"wp-block-embed-twitter wp-block-embed is-type-rich is-provider-twitter\"><div class=\"wp-block-embed__wrapper\">\n<blockquote class=\"twitter-tweet\" data-width=\"550\" data-dnt=\"true\"><p lang=\"pt\" dir=\"ltr\">Agora, <a href=\"https:\/\/twitter.com\/PBiaL?ref_src=twsrc%5Etfw\">@PBiaL<\/a>, arrasador: \u201cO ac\u00e9falo que hoje ocupa o pal\u00e1cio do planalto (\u2026) Dif\u00edcil encontrar desgoverno que se compara no mundo (\u2026) Nosso desgovernante tentou negar a gravidade da crise (\u2026) Dif\u00edcil encontrar desgoverno que se compara no mundo (\u2026) o inominado contribuiu &#8230; <a href=\"https:\/\/t.co\/I5Fo1MFcey\">pic.twitter.com\/I5Fo1MFcey<\/a><\/p>&mdash; Afonso Borges (@afonsoborges) <a href=\"https:\/\/twitter.com\/afonsoborges\/status\/1339439737816399872?ref_src=twsrc%5Etfw\">December 17, 2020<\/a><\/blockquote><script async src=\"https:\/\/platform.twitter.com\/widgets.js\" charset=\"utf-8\"><\/script>\n<\/div><\/figure>\n","protected":false},"excerpt":{"rendered":"<p>247 \u2013&nbsp;A guerra entre o governo Bolsonaro e a Globo, que apoiou o golpe de estado de 2016 e hoje atravessa profunda crise financeira, ganhou um novo cap\u00edtulo na noite de ontem, quando o apresentador leu um duro editorial contra o presidente que ajudou a eleger. Bial classificou Bolsonaro como &#8220;inomin\u00e1vel&#8221; e &#8220;desgovernante&#8221;.<\/p>\n","protected":false},"author":1,"featured_media":0,"comment_status":"closed","ping_status":"open","sticky":false,"template":"","format":"standard","meta":{"_exactmetrics_skip_tracking":false,"_exactmetrics_sitenote_active":false,"_exactmetrics_sitenote_note":"","_exactmetrics_sitenote_category":0,"jetpack_post_was_ever_published":false,"_jetpack_newsletter_access":"","_jetpack_dont_email_post_to_subs":false,"_jetpack_newsletter_tier_id":0,"_jetpack_memberships_contains_paywalled_content":false,"_jetpack_memberships_contains_paid_content":false,"footnotes":"","jetpack_publicize_message":"","jetpack_publicize_feature_enabled":true,"jetpack_social_post_already_shared":true,"jetpack_social_options":{"image_generator_settings":{"template":"highway","enabled":false},"version":2}},"categories":[1],"tags":[],"class_list":["post-30432","post","type-post","status-publish","format-standard","hentry","category-notas"],"jetpack_publicize_connections":[],"jetpack_sharing_enabled":true,"jetpack_featured_media_url":"","jetpack_shortlink":"https:\/\/wp.me\/p7wKYW-7UQ","jetpack-related-posts":[],"_links":{"self":[{"href":"http:\/\/blogdalucianaoliveira.com.br\/blog\/wp-json\/wp\/v2\/posts\/30432","targetHints":{"allow":["GET"]}}],"collection":[{"href":"http:\/\/blogdalucianaoliveira.com.br\/blog\/wp-json\/wp\/v2\/posts"}],"about":[{"href":"http:\/\/blogdalucianaoliveira.com.br\/blog\/wp-json\/wp\/v2\/types\/post"}],"author":[{"embeddable":true,"href":"http:\/\/blogdalucianaoliveira.com.br\/blog\/wp-json\/wp\/v2\/users\/1"}],"replies":[{"embeddable":true,"href":"http:\/\/blogdalucianaoliveira.com.br\/blog\/wp-json\/wp\/v2\/comments?post=30432"}],"version-history":[{"count":1,"href":"http:\/\/blogdalucianaoliveira.com.br\/blog\/wp-json\/wp\/v2\/posts\/30432\/revisions"}],"predecessor-version":[{"id":30434,"href":"http:\/\/blogdalucianaoliveira.com.br\/blog\/wp-json\/wp\/v2\/posts\/30432\/revisions\/30434"}],"wp:attachment":[{"href":"http:\/\/blogdalucianaoliveira.com.br\/blog\/wp-json\/wp\/v2\/media?parent=30432"}],"wp:term":[{"taxonomy":"category","embeddable":true,"href":"http:\/\/blogdalucianaoliveira.com.br\/blog\/wp-json\/wp\/v2\/categories?post=30432"},{"taxonomy":"post_tag","embeddable":true,"href":"http:\/\/blogdalucianaoliveira.com.br\/blog\/wp-json\/wp\/v2\/tags?post=30432"}],"curies":[{"name":"wp","href":"https:\/\/api.w.org\/{rel}","templated":true}]}}