{"id":30438,"date":"2020-12-17T14:02:27","date_gmt":"2020-12-17T18:02:27","guid":{"rendered":"http:\/\/blogdalucianaoliveira.com.br\/blog\/?p=30438"},"modified":"2020-12-17T15:17:31","modified_gmt":"2020-12-17T19:17:31","slug":"plano-diretor-e-aprovado-com-emendas-sem-participacao-popular-e-movimentos-sociais-pedem-revogacao","status":"publish","type":"post","link":"http:\/\/blogdalucianaoliveira.com.br\/blog\/2020\/12\/17\/plano-diretor-e-aprovado-com-emendas-sem-participacao-popular-e-movimentos-sociais-pedem-revogacao\/","title":{"rendered":"Plano Diretor da capital \u00e9 aprovado com emendas sem participa\u00e7\u00e3o popular e movimentos sociais pedem revoga\u00e7\u00e3o"},"content":{"rendered":"\n<figure class=\"wp-block-image size-large\"><img loading=\"lazy\" decoding=\"async\" width=\"1280\" height=\"960\" data-attachment-id=\"30439\" data-permalink=\"http:\/\/blogdalucianaoliveira.com.br\/blog\/2020\/12\/17\/plano-diretor-e-aprovado-com-emendas-sem-participacao-popular-e-movimentos-sociais-pedem-revogacao\/ato-2\/\" data-orig-file=\"https:\/\/i0.wp.com\/blogdalucianaoliveira.com.br\/blog\/wp-content\/uploads\/2020\/12\/ato.jpeg?fit=1280%2C960\" data-orig-size=\"1280,960\" data-comments-opened=\"0\" data-image-meta=\"{&quot;aperture&quot;:&quot;0&quot;,&quot;credit&quot;:&quot;&quot;,&quot;camera&quot;:&quot;&quot;,&quot;caption&quot;:&quot;&quot;,&quot;created_timestamp&quot;:&quot;0&quot;,&quot;copyright&quot;:&quot;&quot;,&quot;focal_length&quot;:&quot;0&quot;,&quot;iso&quot;:&quot;0&quot;,&quot;shutter_speed&quot;:&quot;0&quot;,&quot;title&quot;:&quot;&quot;,&quot;orientation&quot;:&quot;0&quot;}\" data-image-title=\"ato\" data-image-description=\"\" data-image-caption=\"\" data-medium-file=\"https:\/\/i0.wp.com\/blogdalucianaoliveira.com.br\/blog\/wp-content\/uploads\/2020\/12\/ato.jpeg?fit=300%2C225\" data-large-file=\"https:\/\/i0.wp.com\/blogdalucianaoliveira.com.br\/blog\/wp-content\/uploads\/2020\/12\/ato.jpeg?fit=600%2C450\" src=\"https:\/\/i2.wp.com\/blogdalucianaoliveira.com.br\/blog\/wp-content\/uploads\/2020\/12\/ato.jpeg?fit=600%2C450\" alt=\"\" class=\"wp-image-30439\" srcset=\"https:\/\/i0.wp.com\/blogdalucianaoliveira.com.br\/blog\/wp-content\/uploads\/2020\/12\/ato.jpeg?w=1280 1280w, https:\/\/i0.wp.com\/blogdalucianaoliveira.com.br\/blog\/wp-content\/uploads\/2020\/12\/ato.jpeg?resize=300%2C225 300w, https:\/\/i0.wp.com\/blogdalucianaoliveira.com.br\/blog\/wp-content\/uploads\/2020\/12\/ato.jpeg?resize=1024%2C768 1024w, https:\/\/i0.wp.com\/blogdalucianaoliveira.com.br\/blog\/wp-content\/uploads\/2020\/12\/ato.jpeg?resize=768%2C576 768w, https:\/\/i0.wp.com\/blogdalucianaoliveira.com.br\/blog\/wp-content\/uploads\/2020\/12\/ato.jpeg?resize=400%2C300 400w, https:\/\/i0.wp.com\/blogdalucianaoliveira.com.br\/blog\/wp-content\/uploads\/2020\/12\/ato.jpeg?w=1200 1200w\" sizes=\"auto, (max-width: 600px) 100vw, 600px\" \/><\/figure>\n\n\n\n<p><\/p>\n\n\n\n<p>A vontade do Conselho Municipal da Cidade formado com representantes do poder p\u00fabico e de movimentos sociais e populares era a de que a aprecia\u00e7\u00e3o e vota\u00e7\u00e3o do Plano Diretor de Porto Velho fosse feita na pr\u00f3xima legislatura.<\/p>\n\n\n\n<p>Em recomenda\u00e7\u00e3o \u00e0 C\u00e2mara de Vereadores o Concidade solicitou\no adiamento de audi\u00eancias p\u00fablicas que antecederam a vota\u00e7\u00e3o, sem ampla\ndivulga\u00e7\u00e3o e durante uma pandemia que restringe a participa\u00e7\u00e3o popular.<\/p>\n\n\n\n<!--more-->\n\n\n\n<p>O alerta tamb\u00e9m foi dado em nota p\u00fablica e of\u00edcios encaminhados ao Minist\u00e9rio P\u00fablico e Defensoria P\u00fablica do Estado.<\/p>\n\n\n\n<p>A vota\u00e7\u00e3o do Projeto de Lei Complementar 1139\/2020, de autoria do executivo municipal que \u201caltera dispositivos da Lei Complementar n\u00b0 134, de 27 de dezembro de 2001, ocorreu nesta ter\u00e7a-feira, 15, sem sess\u00e3o online.<\/p>\n\n\n\n<p>Sem leitura e discuss\u00e3o das mais de cem emendas apresentadas, aprovaram tr\u00eas modificativas que segundo membros do Concidade prejudicam a cidade e a popula\u00e7\u00e3o.<\/p>\n\n\n\n<p><strong>Veja emendas: <\/strong><\/p>\n\n\n\n<p><a href=\"file:\/\/\/C:\/Users\/tecni\/Downloads\/EMENDA%20ADITIVA%203.pdf\">file:\/\/\/C:\/Users\/tecni\/Downloads\/EMENDA%20ADITIVA%203.pdf<\/a><\/p>\n\n\n\n<p><a href=\"file:\/\/\/C:\/Users\/tecni\/Downloads\/EMENDA%20MODIFICATIVA%20001.pdf\">file:\/\/\/C:\/Users\/tecni\/Downloads\/EMENDA%20MODIFICATIVA%20001.pdf<\/a><\/p>\n\n\n\n<p><a href=\"file:\/\/\/C:\/Users\/tecni\/Downloads\/EMENDA%20SUPRESSIVA%20002.pdf\">file:\/\/\/C:\/Users\/tecni\/Downloads\/EMENDA%20SUPRESSIVA%20002.pdf<\/a><\/p>\n\n\n\n<p><\/p>\n\n\n\n<figure class=\"wp-block-image size-large\"><img loading=\"lazy\" decoding=\"async\" width=\"1280\" height=\"1039\" data-attachment-id=\"30440\" data-permalink=\"http:\/\/blogdalucianaoliveira.com.br\/blog\/2020\/12\/17\/plano-diretor-e-aprovado-com-emendas-sem-participacao-popular-e-movimentos-sociais-pedem-revogacao\/ato2\/\" data-orig-file=\"https:\/\/i0.wp.com\/blogdalucianaoliveira.com.br\/blog\/wp-content\/uploads\/2020\/12\/ato2.jpeg?fit=1280%2C1039\" data-orig-size=\"1280,1039\" data-comments-opened=\"0\" data-image-meta=\"{&quot;aperture&quot;:&quot;0&quot;,&quot;credit&quot;:&quot;&quot;,&quot;camera&quot;:&quot;&quot;,&quot;caption&quot;:&quot;&quot;,&quot;created_timestamp&quot;:&quot;0&quot;,&quot;copyright&quot;:&quot;&quot;,&quot;focal_length&quot;:&quot;0&quot;,&quot;iso&quot;:&quot;0&quot;,&quot;shutter_speed&quot;:&quot;0&quot;,&quot;title&quot;:&quot;&quot;,&quot;orientation&quot;:&quot;0&quot;}\" data-image-title=\"ato2\" data-image-description=\"\" data-image-caption=\"\" data-medium-file=\"https:\/\/i0.wp.com\/blogdalucianaoliveira.com.br\/blog\/wp-content\/uploads\/2020\/12\/ato2.jpeg?fit=300%2C244\" data-large-file=\"https:\/\/i0.wp.com\/blogdalucianaoliveira.com.br\/blog\/wp-content\/uploads\/2020\/12\/ato2.jpeg?fit=600%2C487\" src=\"https:\/\/i0.wp.com\/blogdalucianaoliveira.com.br\/blog\/wp-content\/uploads\/2020\/12\/ato2.jpeg?fit=600%2C487\" alt=\"\" class=\"wp-image-30440\" srcset=\"https:\/\/i0.wp.com\/blogdalucianaoliveira.com.br\/blog\/wp-content\/uploads\/2020\/12\/ato2.jpeg?w=1280 1280w, https:\/\/i0.wp.com\/blogdalucianaoliveira.com.br\/blog\/wp-content\/uploads\/2020\/12\/ato2.jpeg?resize=300%2C244 300w, https:\/\/i0.wp.com\/blogdalucianaoliveira.com.br\/blog\/wp-content\/uploads\/2020\/12\/ato2.jpeg?resize=1024%2C831 1024w, https:\/\/i0.wp.com\/blogdalucianaoliveira.com.br\/blog\/wp-content\/uploads\/2020\/12\/ato2.jpeg?resize=768%2C623 768w, https:\/\/i0.wp.com\/blogdalucianaoliveira.com.br\/blog\/wp-content\/uploads\/2020\/12\/ato2.jpeg?resize=370%2C300 370w, https:\/\/i0.wp.com\/blogdalucianaoliveira.com.br\/blog\/wp-content\/uploads\/2020\/12\/ato2.jpeg?w=1200 1200w\" sizes=\"auto, (max-width: 600px) 100vw, 600px\" \/><\/figure>\n\n\n\n<p>Na manh\u00e3 desta quinta-feira, 17, um ato simb\u00f3lico de protesto foi feito por dirigentes sindicais em frente \u00e0 C\u00e2mara.<\/p>\n\n\n\n<p>Com faixas e cartazes denunciaram o que chamam de \u2018trai\u00e7\u00e3o\u2019 ao pactuado na revis\u00e3o com ampla participa\u00e7\u00e3o da sociedade e com base em an\u00e1lises t\u00e9cnicas. <\/p>\n\n\n\n<p>Uma grave altera\u00e7\u00e3o de texto diz respeito ao Coeficiente B\u00e1sico de Aproveitamento, que gera uma contrapartida (taxa) do setor da constru\u00e7\u00e3o civil ao munic\u00edpio. O pactuado com participa\u00e7\u00e3o popular na revis\u00e3o do Plano Diretor era o coeficiente 1, agora alterado para 3,5.<\/p>\n\n\n\n<p>Isso permite construir mais, pagando menos.<\/p>\n\n\n\n<p>A Outorga Onerosa do Direito de Construir gera receita para\no Fundo Municipal de Habita\u00e7\u00e3o de Interesse Social (FMHIS). A mudan\u00e7a gera b\u00f4nus\npara o setor da constru\u00e7\u00e3o civil e \u00f4nus para o munic\u00edpio.<\/p>\n\n\n\n<p>Os vereadores tamb\u00e9m modificaram o texto original para\npromover a expans\u00e3o urbana na margem esquerda do rio Madeira e na regi\u00e3o do\nsetor chacareiro. Com isso o munic\u00edpio vai precisar prover de infraestrutura todas\nessas regi\u00f5es, com uma imensid\u00e3o de vazios urbanos que precisariam ser ocupados\ne melhorados.<\/p>\n\n\n\n<p>Os movimentos populares e sociais prometem reagir com campanhas e protestos pedindo a revoga\u00e7\u00e3o do Plano Diretor que deixou de ser participativo com emendas que n\u00e3o foram discutidas com a sociedade e nem em plen\u00e1rio.<\/p>\n\n\n\n<p>S\u00f3 o vereador Aleks Palitot votou contra as emendas. <\/p>\n\n\n\n<p>Veja trecho da vota\u00e7\u00e3o em que, inclusive, o vereador Maur\u00edcio Carvalho sugere ao colega M\u00e1rcio Miranda que desligue a c\u00e2mera por estar deitado na cama. <\/p>\n\n\n\n<figure class=\"wp-block-embed-youtube wp-block-embed is-type-video is-provider-youtube wp-embed-aspect-16-9 wp-has-aspect-ratio\"><div class=\"wp-block-embed__wrapper\">\n<div class=\"jetpack-video-wrapper\"><span class=\"embed-youtube\" style=\"text-align:center; display: block;\"><iframe loading=\"lazy\" class=\"youtube-player\" width=\"600\" height=\"338\" src=\"https:\/\/www.youtube.com\/embed\/iM9uwbX4oRw?version=3&#038;rel=1&#038;showsearch=0&#038;showinfo=1&#038;iv_load_policy=1&#038;fs=1&#038;hl=pt-BR&#038;autohide=2&#038;wmode=transparent\" allowfullscreen=\"true\" style=\"border:0;\" sandbox=\"allow-scripts allow-same-origin allow-popups allow-presentation allow-popups-to-escape-sandbox\"><\/iframe><\/span><\/div>\n<\/div><\/figure>\n","protected":false},"excerpt":{"rendered":"<p>A vontade do Conselho Municipal da Cidade formado com representantes do poder p\u00fabico e de movimentos sociais e populares era a de que a aprecia\u00e7\u00e3o e vota\u00e7\u00e3o do Plano Diretor de Porto Velho fosse feita na pr\u00f3xima legislatura. Em recomenda\u00e7\u00e3o \u00e0 C\u00e2mara de Vereadores o Concidade solicitou o adiamento de audi\u00eancias p\u00fablicas que antecederam a&#8230;<a class=\"more-link\" href=\"http:\/\/blogdalucianaoliveira.com.br\/blog\/2020\/12\/17\/plano-diretor-e-aprovado-com-emendas-sem-participacao-popular-e-movimentos-sociais-pedem-revogacao\/\">Continue a leitura <span class=\"meta-nav\">&raquo;<\/span><\/a><\/p>\n","protected":false},"author":1,"featured_media":0,"comment_status":"closed","ping_status":"open","sticky":false,"template":"","format":"standard","meta":{"_exactmetrics_skip_tracking":false,"_exactmetrics_sitenote_active":false,"_exactmetrics_sitenote_note":"","_exactmetrics_sitenote_category":0,"jetpack_post_was_ever_published":false,"_jetpack_newsletter_access":"","_jetpack_dont_email_post_to_subs":false,"_jetpack_newsletter_tier_id":0,"_jetpack_memberships_contains_paywalled_content":false,"_jetpack_memberships_contains_paid_content":false,"footnotes":"","jetpack_publicize_message":"","jetpack_publicize_feature_enabled":true,"jetpack_social_post_already_shared":true,"jetpack_social_options":{"image_generator_settings":{"template":"highway","enabled":false},"version":2}},"categories":[1],"tags":[],"class_list":["post-30438","post","type-post","status-publish","format-standard","hentry","category-notas"],"jetpack_publicize_connections":[],"jetpack_sharing_enabled":true,"jetpack_featured_media_url":"","jetpack_shortlink":"https:\/\/wp.me\/p7wKYW-7UW","jetpack-related-posts":[],"_links":{"self":[{"href":"http:\/\/blogdalucianaoliveira.com.br\/blog\/wp-json\/wp\/v2\/posts\/30438","targetHints":{"allow":["GET"]}}],"collection":[{"href":"http:\/\/blogdalucianaoliveira.com.br\/blog\/wp-json\/wp\/v2\/posts"}],"about":[{"href":"http:\/\/blogdalucianaoliveira.com.br\/blog\/wp-json\/wp\/v2\/types\/post"}],"author":[{"embeddable":true,"href":"http:\/\/blogdalucianaoliveira.com.br\/blog\/wp-json\/wp\/v2\/users\/1"}],"replies":[{"embeddable":true,"href":"http:\/\/blogdalucianaoliveira.com.br\/blog\/wp-json\/wp\/v2\/comments?post=30438"}],"version-history":[{"count":10,"href":"http:\/\/blogdalucianaoliveira.com.br\/blog\/wp-json\/wp\/v2\/posts\/30438\/revisions"}],"predecessor-version":[{"id":30452,"href":"http:\/\/blogdalucianaoliveira.com.br\/blog\/wp-json\/wp\/v2\/posts\/30438\/revisions\/30452"}],"wp:attachment":[{"href":"http:\/\/blogdalucianaoliveira.com.br\/blog\/wp-json\/wp\/v2\/media?parent=30438"}],"wp:term":[{"taxonomy":"category","embeddable":true,"href":"http:\/\/blogdalucianaoliveira.com.br\/blog\/wp-json\/wp\/v2\/categories?post=30438"},{"taxonomy":"post_tag","embeddable":true,"href":"http:\/\/blogdalucianaoliveira.com.br\/blog\/wp-json\/wp\/v2\/tags?post=30438"}],"curies":[{"name":"wp","href":"https:\/\/api.w.org\/{rel}","templated":true}]}}