{"id":3045,"date":"2016-08-12T08:46:00","date_gmt":"2016-08-12T12:46:00","guid":{"rendered":"http:\/\/blogdalucianaoliveira.com.br\/blog\/?p=3045"},"modified":"2016-08-12T17:19:33","modified_gmt":"2016-08-12T21:19:33","slug":"casa-do-povo-e-covil-irrecuperavel-e-esse-congresso-nacional-diz-advogado-de-ro-em-audiencia-sobre-a-reducao-da-maioridade-penal-no-senado","status":"publish","type":"post","link":"http:\/\/blogdalucianaoliveira.com.br\/blog\/2016\/08\/12\/casa-do-povo-e-covil-irrecuperavel-e-esse-congresso-nacional-diz-advogado-de-ro-em-audiencia-sobre-a-reducao-da-maioridade-penal-no-senado\/","title":{"rendered":"&#8220;Casa do Povo \u00e9 covil! Irrecuper\u00e1vel \u00e9 esse Congresso Nacional&#8221;, diz advogado de RO em audi\u00eancia sobre a redu\u00e7\u00e3o da maioridade penal no Senado"},"content":{"rendered":"<p>O advogado Vinicius Valentin Raduan Miguel participou da audi\u00eancia como um dos representantes da Associa\u00e7\u00e3o Nacional dos Centros de Defesa da Crian\u00e7a e do Adolescente (ANCED Se\u00e7\u00e3o DCI Brasil). Ele tamb\u00e9m \u00e9 professor de Ci\u00eancia Pol\u00edtica do DCS da Universidade Federal de Rond\u00f4nia.<!--more--><\/p>\n<p>N\u00e3o \u00e9 a primeira vez que Vinicius participa de debates nacionais. Em 2015, foi um dos convidados para falar na Comiss\u00e3o Parlamentar de Inqu\u00e9rito (CPI) que investigou os elevados indicadores de assassinato de jovens no pa\u00eds, em audi\u00eancia p\u00fablica realizada em 2015.<\/p>\n<p>O advogado \u00e9 militante ativo pelos Direitos Humanos, membro do Comit\u00ea Nacional de Combate \u00e0 Tortura. <\/p>\n<div style=\"width: 480px;\" class=\"wp-video\"><video class=\"wp-video-shortcode\" id=\"video-3045-1\" width=\"480\" height=\"480\" preload=\"metadata\" controls=\"controls\"><source type=\"video\/mp4\" src=\"http:\/\/blogdalucianaoliveira.com.br\/blog\/wp-content\/uploads\/2016\/08\/IMG_3149.mp4?_=1\" \/><a href=\"http:\/\/blogdalucianaoliveira.com.br\/blog\/wp-content\/uploads\/2016\/08\/IMG_3149.mp4\">http:\/\/blogdalucianaoliveira.com.br\/blog\/wp-content\/uploads\/2016\/08\/IMG_3149.mp4<\/a><\/video><\/div>\n<p>A PEC que reduz a maioridade penal de 18 para 16 anos, foi aprovada na C\u00e2mara com os votos da bancada de Rond\u00f4nia. S\u00f3 a deputada Marinha Raupp, votou contra.<\/p>\n<p>No debate sobre a redu\u00e7\u00e3o da maioridade proposto pelos senadores Telm\u00e1rio Mota (PDT-RR) e Jorge Viana (PT-AC), na Comiss\u00e3o de Constitui\u00e7\u00e3o, Justi\u00e7a e Cidadania (CCJ) do Senado Federal, foi dele a fala mais dura. <\/p>\n<p>Em tom de protesto, disse que o atual Congresso Nacional \u00e9 irrecuper\u00e1vel. <\/p>\n<div style=\"width: 600px;\" class=\"wp-video\"><video class=\"wp-video-shortcode\" id=\"video-3045-2\" width=\"600\" height=\"338\" preload=\"metadata\" controls=\"controls\"><source type=\"video\/mp4\" src=\"http:\/\/blogdalucianaoliveira.com.br\/blog\/wp-content\/uploads\/2016\/08\/IMG_3151.mp4?_=2\" \/><a href=\"http:\/\/blogdalucianaoliveira.com.br\/blog\/wp-content\/uploads\/2016\/08\/IMG_3151.mp4\">http:\/\/blogdalucianaoliveira.com.br\/blog\/wp-content\/uploads\/2016\/08\/IMG_3151.mp4<\/a><\/video><\/div>\n","protected":false},"excerpt":{"rendered":"<p>O advogado Vinicius Valentin Raduan Miguel participou da audi\u00eancia como um dos representantes da Associa\u00e7\u00e3o Nacional dos Centros de Defesa da Crian\u00e7a e do Adolescente (ANCED Se\u00e7\u00e3o DCI Brasil). Ele tamb\u00e9m \u00e9 professor de Ci\u00eancia Pol\u00edtica do DCS da Universidade Federal de Rond\u00f4nia.<\/p>\n","protected":false},"author":1,"featured_media":0,"comment_status":"closed","ping_status":"open","sticky":false,"template":"","format":"standard","meta":{"_exactmetrics_skip_tracking":false,"_exactmetrics_sitenote_active":false,"_exactmetrics_sitenote_note":"","_exactmetrics_sitenote_category":0,"jetpack_post_was_ever_published":false,"_jetpack_newsletter_access":"","_jetpack_dont_email_post_to_subs":false,"_jetpack_newsletter_tier_id":0,"_jetpack_memberships_contains_paywalled_content":false,"_jetpack_memberships_contains_paid_content":false,"footnotes":"","jetpack_publicize_message":"","jetpack_publicize_feature_enabled":true,"jetpack_social_post_already_shared":true,"jetpack_social_options":{"image_generator_settings":{"template":"highway","enabled":false},"version":2}},"categories":[1],"tags":[],"class_list":["post-3045","post","type-post","status-publish","format-standard","hentry","category-notas"],"jetpack_publicize_connections":[],"jetpack_sharing_enabled":true,"jetpack_featured_media_url":"","jetpack_shortlink":"https:\/\/wp.me\/p7wKYW-N7","jetpack-related-posts":[],"_links":{"self":[{"href":"http:\/\/blogdalucianaoliveira.com.br\/blog\/wp-json\/wp\/v2\/posts\/3045","targetHints":{"allow":["GET"]}}],"collection":[{"href":"http:\/\/blogdalucianaoliveira.com.br\/blog\/wp-json\/wp\/v2\/posts"}],"about":[{"href":"http:\/\/blogdalucianaoliveira.com.br\/blog\/wp-json\/wp\/v2\/types\/post"}],"author":[{"embeddable":true,"href":"http:\/\/blogdalucianaoliveira.com.br\/blog\/wp-json\/wp\/v2\/users\/1"}],"replies":[{"embeddable":true,"href":"http:\/\/blogdalucianaoliveira.com.br\/blog\/wp-json\/wp\/v2\/comments?post=3045"}],"version-history":[{"count":7,"href":"http:\/\/blogdalucianaoliveira.com.br\/blog\/wp-json\/wp\/v2\/posts\/3045\/revisions"}],"predecessor-version":[{"id":3071,"href":"http:\/\/blogdalucianaoliveira.com.br\/blog\/wp-json\/wp\/v2\/posts\/3045\/revisions\/3071"}],"wp:attachment":[{"href":"http:\/\/blogdalucianaoliveira.com.br\/blog\/wp-json\/wp\/v2\/media?parent=3045"}],"wp:term":[{"taxonomy":"category","embeddable":true,"href":"http:\/\/blogdalucianaoliveira.com.br\/blog\/wp-json\/wp\/v2\/categories?post=3045"},{"taxonomy":"post_tag","embeddable":true,"href":"http:\/\/blogdalucianaoliveira.com.br\/blog\/wp-json\/wp\/v2\/tags?post=3045"}],"curies":[{"name":"wp","href":"https:\/\/api.w.org\/{rel}","templated":true}]}}