{"id":30453,"date":"2020-12-17T16:16:41","date_gmt":"2020-12-17T20:16:41","guid":{"rendered":"http:\/\/blogdalucianaoliveira.com.br\/blog\/?p=30453"},"modified":"2020-12-17T16:16:48","modified_gmt":"2020-12-17T20:16:48","slug":"amazonia-registra-em-novembro-o-maior-desmatamento-em-10-anos","status":"publish","type":"post","link":"http:\/\/blogdalucianaoliveira.com.br\/blog\/2020\/12\/17\/amazonia-registra-em-novembro-o-maior-desmatamento-em-10-anos\/","title":{"rendered":"Amaz\u00f4nia registra em novembro o maior desmatamento em 10 anos"},"content":{"rendered":"\n<figure class=\"wp-block-image size-large\"><img data-recalc-dims=\"1\" loading=\"lazy\" decoding=\"async\" width=\"600\" height=\"374\" data-attachment-id=\"30454\" data-permalink=\"http:\/\/blogdalucianaoliveira.com.br\/blog\/2020\/12\/17\/amazonia-registra-em-novembro-o-maior-desmatamento-em-10-anos\/image-12-14\/\" data-orig-file=\"https:\/\/i0.wp.com\/blogdalucianaoliveira.com.br\/blog\/wp-content\/uploads\/2020\/12\/image-12.jpeg?fit=610%2C380\" data-orig-size=\"610,380\" data-comments-opened=\"0\" data-image-meta=\"{&quot;aperture&quot;:&quot;0&quot;,&quot;credit&quot;:&quot;&quot;,&quot;camera&quot;:&quot;&quot;,&quot;caption&quot;:&quot;&quot;,&quot;created_timestamp&quot;:&quot;0&quot;,&quot;copyright&quot;:&quot;&quot;,&quot;focal_length&quot;:&quot;0&quot;,&quot;iso&quot;:&quot;0&quot;,&quot;shutter_speed&quot;:&quot;0&quot;,&quot;title&quot;:&quot;&quot;,&quot;orientation&quot;:&quot;0&quot;}\" data-image-title=\"image-12\" data-image-description=\"\" data-image-caption=\"\" data-medium-file=\"https:\/\/i0.wp.com\/blogdalucianaoliveira.com.br\/blog\/wp-content\/uploads\/2020\/12\/image-12.jpeg?fit=300%2C187\" data-large-file=\"https:\/\/i0.wp.com\/blogdalucianaoliveira.com.br\/blog\/wp-content\/uploads\/2020\/12\/image-12.jpeg?fit=600%2C374\" src=\"https:\/\/i0.wp.com\/blogdalucianaoliveira.com.br\/blog\/wp-content\/uploads\/2020\/12\/image-12.jpeg?resize=600%2C374\" alt=\"\" class=\"wp-image-30454\" srcset=\"https:\/\/i0.wp.com\/blogdalucianaoliveira.com.br\/blog\/wp-content\/uploads\/2020\/12\/image-12.jpeg?w=610 610w, https:\/\/i0.wp.com\/blogdalucianaoliveira.com.br\/blog\/wp-content\/uploads\/2020\/12\/image-12.jpeg?resize=300%2C187 300w, https:\/\/i0.wp.com\/blogdalucianaoliveira.com.br\/blog\/wp-content\/uploads\/2020\/12\/image-12.jpeg?resize=482%2C300 482w\" sizes=\"auto, (max-width: 600px) 100vw, 600px\" \/><\/figure>\n\n\n\n<p><strong>247 &#8211;\u00a0<\/strong>O desmatamento na Amaz\u00f4nia, que vem crescendo de maneira desenfreada gra\u00e7as \u00e0 suspens\u00e3o de diversos programas de conserva\u00e7\u00e3o ambiental e ao apoio aberto do governo Bolsonaro a grupos de grileiros e agropecuaristas, bateu no \u00faltimo novembro mais um triste recorde.<\/p>\n\n\n\n<!--more-->\n\n\n\n<p>Segundo dados do Sistema de Alerta de Desmatamento (SAD), ocorreu um aumento de 23% no desmatamento em rela\u00e7\u00e3o ao mesmo per\u00edodo no ano passado, no que constitui a maior taxa em 10 anos.<\/p>\n\n\n\n<p>Segundo os dados do levantamento, o Par\u00e1 \u00e9 o estado brasileiro que mais desmata, com 48% de todo o desmatamento registrado na Amaz\u00f4nia legal ocorrendo l\u00e1. Em seguida, est\u00e3o Mato Grosso do Sul (19%), Rond\u00f4nia (10%), Maranh\u00e3o (9%), Amazonas (8%), Acre (3%), Roraima (2%) e Amap\u00e1 (1%).<\/p>\n\n\n\n<p>O principal motivo pelo aumento hist\u00f3rico, conclui o estudo, s\u00e3o queimadas em \u00e1reas privadas, controladas pelo setor da agropecu\u00e1ria e da grilagem. Ambos os grupos t\u00eam o apoio do governo, que, al\u00e9m de destruir ativamente a floresta, promove a desinforma\u00e7\u00e3o sobre dados de desmatamento e grupos que visam realmente salv\u00e1-la.\u00a0<\/p>\n","protected":false},"excerpt":{"rendered":"<p>247 &#8211;\u00a0O desmatamento na Amaz\u00f4nia, que vem crescendo de maneira desenfreada gra\u00e7as \u00e0 suspens\u00e3o de diversos programas de conserva\u00e7\u00e3o ambiental e ao apoio aberto do governo Bolsonaro a grupos de grileiros e agropecuaristas, bateu no \u00faltimo novembro mais um triste recorde.<\/p>\n","protected":false},"author":1,"featured_media":0,"comment_status":"closed","ping_status":"open","sticky":false,"template":"","format":"standard","meta":{"_exactmetrics_skip_tracking":false,"_exactmetrics_sitenote_active":false,"_exactmetrics_sitenote_note":"","_exactmetrics_sitenote_category":0,"jetpack_post_was_ever_published":false,"_jetpack_newsletter_access":"","_jetpack_dont_email_post_to_subs":false,"_jetpack_newsletter_tier_id":0,"_jetpack_memberships_contains_paywalled_content":false,"_jetpack_memberships_contains_paid_content":false,"footnotes":"","jetpack_publicize_message":"","jetpack_publicize_feature_enabled":true,"jetpack_social_post_already_shared":true,"jetpack_social_options":{"image_generator_settings":{"template":"highway","enabled":false},"version":2}},"categories":[1],"tags":[],"class_list":["post-30453","post","type-post","status-publish","format-standard","hentry","category-notas"],"jetpack_publicize_connections":[],"jetpack_sharing_enabled":true,"jetpack_featured_media_url":"","jetpack_shortlink":"https:\/\/wp.me\/p7wKYW-7Vb","jetpack-related-posts":[],"_links":{"self":[{"href":"http:\/\/blogdalucianaoliveira.com.br\/blog\/wp-json\/wp\/v2\/posts\/30453","targetHints":{"allow":["GET"]}}],"collection":[{"href":"http:\/\/blogdalucianaoliveira.com.br\/blog\/wp-json\/wp\/v2\/posts"}],"about":[{"href":"http:\/\/blogdalucianaoliveira.com.br\/blog\/wp-json\/wp\/v2\/types\/post"}],"author":[{"embeddable":true,"href":"http:\/\/blogdalucianaoliveira.com.br\/blog\/wp-json\/wp\/v2\/users\/1"}],"replies":[{"embeddable":true,"href":"http:\/\/blogdalucianaoliveira.com.br\/blog\/wp-json\/wp\/v2\/comments?post=30453"}],"version-history":[{"count":1,"href":"http:\/\/blogdalucianaoliveira.com.br\/blog\/wp-json\/wp\/v2\/posts\/30453\/revisions"}],"predecessor-version":[{"id":30455,"href":"http:\/\/blogdalucianaoliveira.com.br\/blog\/wp-json\/wp\/v2\/posts\/30453\/revisions\/30455"}],"wp:attachment":[{"href":"http:\/\/blogdalucianaoliveira.com.br\/blog\/wp-json\/wp\/v2\/media?parent=30453"}],"wp:term":[{"taxonomy":"category","embeddable":true,"href":"http:\/\/blogdalucianaoliveira.com.br\/blog\/wp-json\/wp\/v2\/categories?post=30453"},{"taxonomy":"post_tag","embeddable":true,"href":"http:\/\/blogdalucianaoliveira.com.br\/blog\/wp-json\/wp\/v2\/tags?post=30453"}],"curies":[{"name":"wp","href":"https:\/\/api.w.org\/{rel}","templated":true}]}}