{"id":30456,"date":"2020-12-17T16:26:58","date_gmt":"2020-12-17T20:26:58","guid":{"rendered":"http:\/\/blogdalucianaoliveira.com.br\/blog\/?p=30456"},"modified":"2020-12-17T16:27:04","modified_gmt":"2020-12-17T20:27:04","slug":"deputados-bolsonaristas-lideram-desinformacao-sobre-a-covid-mostra-levantamento","status":"publish","type":"post","link":"http:\/\/blogdalucianaoliveira.com.br\/blog\/2020\/12\/17\/deputados-bolsonaristas-lideram-desinformacao-sobre-a-covid-mostra-levantamento\/","title":{"rendered":"Deputados bolsonaristas lideram desinforma\u00e7\u00e3o sobre a Covid, mostra levantamento"},"content":{"rendered":"\n<figure class=\"wp-block-image size-large\"><img data-recalc-dims=\"1\" loading=\"lazy\" decoding=\"async\" width=\"277\" height=\"178\" data-attachment-id=\"30457\" data-permalink=\"http:\/\/blogdalucianaoliveira.com.br\/blog\/2020\/12\/17\/deputados-bolsonaristas-lideram-desinformacao-sobre-a-covid-mostra-levantamento\/97fafb46-134a-4199-b7cc-f985e4a540fb\/\" data-orig-file=\"https:\/\/i0.wp.com\/blogdalucianaoliveira.com.br\/blog\/wp-content\/uploads\/2020\/12\/97FAFB46-134A-4199-B7CC-F985E4A540FB.jpeg?fit=277%2C178\" data-orig-size=\"277,178\" data-comments-opened=\"0\" data-image-meta=\"{&quot;aperture&quot;:&quot;0&quot;,&quot;credit&quot;:&quot;&quot;,&quot;camera&quot;:&quot;&quot;,&quot;caption&quot;:&quot;&quot;,&quot;created_timestamp&quot;:&quot;0&quot;,&quot;copyright&quot;:&quot;&quot;,&quot;focal_length&quot;:&quot;0&quot;,&quot;iso&quot;:&quot;0&quot;,&quot;shutter_speed&quot;:&quot;0&quot;,&quot;title&quot;:&quot;&quot;,&quot;orientation&quot;:&quot;0&quot;}\" data-image-title=\"97FAFB46-134A-4199-B7CC-F985E4A540FB\" data-image-description=\"\" data-image-caption=\"\" data-medium-file=\"https:\/\/i0.wp.com\/blogdalucianaoliveira.com.br\/blog\/wp-content\/uploads\/2020\/12\/97FAFB46-134A-4199-B7CC-F985E4A540FB.jpeg?fit=277%2C178\" data-large-file=\"https:\/\/i0.wp.com\/blogdalucianaoliveira.com.br\/blog\/wp-content\/uploads\/2020\/12\/97FAFB46-134A-4199-B7CC-F985E4A540FB.jpeg?fit=277%2C178\" src=\"https:\/\/i0.wp.com\/blogdalucianaoliveira.com.br\/blog\/wp-content\/uploads\/2020\/12\/97FAFB46-134A-4199-B7CC-F985E4A540FB.jpeg?resize=277%2C178\" alt=\"\" class=\"wp-image-30457\"\/><\/figure>\n\n\n\n<p>Osmar Terra, Eduardo Bolsonaro e Carla Zambelli aparecem no topo de monitoramento do portal Aos Fatos.<\/p>\n\n\n\n<!--more-->\n\n\n\n<p>Carta Capital <\/p>\n\n\n\n<p>Os deputados federais\u00a0<a href=\"https:\/\/www.cartacapital.com.br\/tag\/osmar-terra\"><strong>Osmar Terra<\/strong><\/a>\u00a0(MDB-RS),\u00a0<a href=\"https:\/\/www.cartacapital.com.br\/tag\/eduardo-bolsonaro\"><strong>Eduardo Bolsonaro<\/strong><\/a>\u00a0(PSL-SP) e\u00a0<a href=\"https:\/\/www.cartacapital.com.br\/tag\/carla-zambelli\"><strong>Carla Zambelli<\/strong><\/a>\u00a0(PSL-SP), todos da base de apoio do presidente\u00a0<a href=\"https:\/\/www.cartacapital.com.br\/tag\/jair-bolsonaro\/\"><strong>Jair Bolsonaro<\/strong><\/a>\u00a0na C\u00e2mara, s\u00e3o os parlamentares que mais geraram engajamento ao postar no Twitter desinforma\u00e7\u00e3o sobre a Covid-19 entre 11 de mar\u00e7o e 15 de dezembro, conforme levantamento do site de checagens<em>\u00a0Aos Fatos<\/em>.<\/p>\n\n\n\n<p>Com 104 mensagens desinformativas, Osmar Terra gerou mais de um milh\u00e3o de intera\u00e7\u00f5es. Eduardo Bolsonaro, por sua vez, postou 42 mensagens com informa\u00e7\u00f5es falsas ou imprecisas e atingiu 621 mil intera\u00e7\u00f5es. J\u00e1 as 27 postagens de Zambelli chegaram a 312 mil curtidas e&nbsp;<em>retweets<\/em>.<\/p>\n\n\n\n<p>Na sequ\u00eancia da lista aparecem a deputada&nbsp;<a href=\"https:\/\/www.cartacapital.com.br\/tag\/bia-kicis\"><strong>Bia Kicis<\/strong><\/a>(PSL-DF) e o senador&nbsp;<a href=\"https:\/\/www.cartacapital.com.br\/tag\/flavio-bolsonaro\"><strong>Fl\u00e1vio Bolsonaro<\/strong><\/a>&nbsp;(Republicanos-RJ), que tamb\u00e9m comp\u00f5em a base do presidente. Segundo o estudo, esses cinco parlamentares produziram 71,8% de todas as intera\u00e7\u00f5es obtidas com conte\u00fado falso, impreciso ou insustent\u00e1vel.<\/p>\n\n\n\n<p>O levantamento ainda indica que dos 37 deputados e senadores que publicaram ao menos uma mensagem desinformativa no per\u00edodo, 29 (ou 78%) s\u00e3o apoiadores de Jair Bolsonaro.<\/p>\n\n\n\n<p>O tema mais recorrente nas publica\u00e7\u00f5es com desinforma\u00e7\u00e3o \u00e9 a defesa do uso de medicamentos sem efic\u00e1cia comprovada contra o novo coronav\u00edrus. Sobre esse assunto, houve desinforma\u00e7\u00e3o em 38,1% das postagens de deputados ou senadores. O maior defensor de \u201ctratamento\u201d da Covid-19 \u00e0 base de medicamentos foi Eduardo Bolsonaro, com 28&nbsp;<em>tweets<\/em>, seguido por Carla Zambelli (21) e Bia Kicis (14).<\/p>\n","protected":false},"excerpt":{"rendered":"<p>Osmar Terra, Eduardo Bolsonaro e Carla Zambelli aparecem no topo de monitoramento do portal Aos Fatos.<\/p>\n","protected":false},"author":1,"featured_media":0,"comment_status":"closed","ping_status":"open","sticky":false,"template":"","format":"standard","meta":{"_exactmetrics_skip_tracking":false,"_exactmetrics_sitenote_active":false,"_exactmetrics_sitenote_note":"","_exactmetrics_sitenote_category":0,"jetpack_post_was_ever_published":false,"_jetpack_newsletter_access":"","_jetpack_dont_email_post_to_subs":false,"_jetpack_newsletter_tier_id":0,"_jetpack_memberships_contains_paywalled_content":false,"_jetpack_memberships_contains_paid_content":false,"footnotes":"","jetpack_publicize_message":"","jetpack_publicize_feature_enabled":true,"jetpack_social_post_already_shared":true,"jetpack_social_options":{"image_generator_settings":{"template":"highway","enabled":false},"version":2}},"categories":[1],"tags":[],"class_list":["post-30456","post","type-post","status-publish","format-standard","hentry","category-notas"],"jetpack_publicize_connections":[],"jetpack_sharing_enabled":true,"jetpack_featured_media_url":"","jetpack_shortlink":"https:\/\/wp.me\/p7wKYW-7Ve","jetpack-related-posts":[],"_links":{"self":[{"href":"http:\/\/blogdalucianaoliveira.com.br\/blog\/wp-json\/wp\/v2\/posts\/30456","targetHints":{"allow":["GET"]}}],"collection":[{"href":"http:\/\/blogdalucianaoliveira.com.br\/blog\/wp-json\/wp\/v2\/posts"}],"about":[{"href":"http:\/\/blogdalucianaoliveira.com.br\/blog\/wp-json\/wp\/v2\/types\/post"}],"author":[{"embeddable":true,"href":"http:\/\/blogdalucianaoliveira.com.br\/blog\/wp-json\/wp\/v2\/users\/1"}],"replies":[{"embeddable":true,"href":"http:\/\/blogdalucianaoliveira.com.br\/blog\/wp-json\/wp\/v2\/comments?post=30456"}],"version-history":[{"count":1,"href":"http:\/\/blogdalucianaoliveira.com.br\/blog\/wp-json\/wp\/v2\/posts\/30456\/revisions"}],"predecessor-version":[{"id":30458,"href":"http:\/\/blogdalucianaoliveira.com.br\/blog\/wp-json\/wp\/v2\/posts\/30456\/revisions\/30458"}],"wp:attachment":[{"href":"http:\/\/blogdalucianaoliveira.com.br\/blog\/wp-json\/wp\/v2\/media?parent=30456"}],"wp:term":[{"taxonomy":"category","embeddable":true,"href":"http:\/\/blogdalucianaoliveira.com.br\/blog\/wp-json\/wp\/v2\/categories?post=30456"},{"taxonomy":"post_tag","embeddable":true,"href":"http:\/\/blogdalucianaoliveira.com.br\/blog\/wp-json\/wp\/v2\/tags?post=30456"}],"curies":[{"name":"wp","href":"https:\/\/api.w.org\/{rel}","templated":true}]}}