{"id":30459,"date":"2020-12-18T19:48:37","date_gmt":"2020-12-18T23:48:37","guid":{"rendered":"http:\/\/blogdalucianaoliveira.com.br\/blog\/?p=30459"},"modified":"2020-12-18T19:48:41","modified_gmt":"2020-12-18T23:48:41","slug":"jair-o-terrorista","status":"publish","type":"post","link":"http:\/\/blogdalucianaoliveira.com.br\/blog\/2020\/12\/18\/jair-o-terrorista\/","title":{"rendered":"Jair, o terrorista"},"content":{"rendered":"\n<figure class=\"wp-block-image size-large\"><img data-recalc-dims=\"1\" loading=\"lazy\" decoding=\"async\" width=\"600\" height=\"343\" data-attachment-id=\"30460\" data-permalink=\"http:\/\/blogdalucianaoliveira.com.br\/blog\/2020\/12\/18\/jair-o-terrorista\/220d935e-cfa0-4400-a96c-32c0a2be87db\/\" data-orig-file=\"https:\/\/i0.wp.com\/blogdalucianaoliveira.com.br\/blog\/wp-content\/uploads\/2020\/12\/220D935E-CFA0-4400-A96C-32C0A2BE87DB.jpeg?fit=628%2C359\" data-orig-size=\"628,359\" data-comments-opened=\"0\" data-image-meta=\"{&quot;aperture&quot;:&quot;0&quot;,&quot;credit&quot;:&quot;&quot;,&quot;camera&quot;:&quot;&quot;,&quot;caption&quot;:&quot;&quot;,&quot;created_timestamp&quot;:&quot;0&quot;,&quot;copyright&quot;:&quot;&quot;,&quot;focal_length&quot;:&quot;0&quot;,&quot;iso&quot;:&quot;0&quot;,&quot;shutter_speed&quot;:&quot;0&quot;,&quot;title&quot;:&quot;&quot;,&quot;orientation&quot;:&quot;0&quot;}\" data-image-title=\"220D935E-CFA0-4400-A96C-32C0A2BE87DB\" data-image-description=\"\" data-image-caption=\"\" data-medium-file=\"https:\/\/i0.wp.com\/blogdalucianaoliveira.com.br\/blog\/wp-content\/uploads\/2020\/12\/220D935E-CFA0-4400-A96C-32C0A2BE87DB.jpeg?fit=300%2C171\" data-large-file=\"https:\/\/i0.wp.com\/blogdalucianaoliveira.com.br\/blog\/wp-content\/uploads\/2020\/12\/220D935E-CFA0-4400-A96C-32C0A2BE87DB.jpeg?fit=600%2C343\" src=\"https:\/\/i0.wp.com\/blogdalucianaoliveira.com.br\/blog\/wp-content\/uploads\/2020\/12\/220D935E-CFA0-4400-A96C-32C0A2BE87DB.jpeg?resize=600%2C343\" alt=\"\" class=\"wp-image-30460\" srcset=\"https:\/\/i0.wp.com\/blogdalucianaoliveira.com.br\/blog\/wp-content\/uploads\/2020\/12\/220D935E-CFA0-4400-A96C-32C0A2BE87DB.jpeg?w=628 628w, https:\/\/i0.wp.com\/blogdalucianaoliveira.com.br\/blog\/wp-content\/uploads\/2020\/12\/220D935E-CFA0-4400-A96C-32C0A2BE87DB.jpeg?resize=300%2C171 300w, https:\/\/i0.wp.com\/blogdalucianaoliveira.com.br\/blog\/wp-content\/uploads\/2020\/12\/220D935E-CFA0-4400-A96C-32C0A2BE87DB.jpeg?resize=525%2C300 525w\" sizes=\"auto, (max-width: 600px) 100vw, 600px\" \/><\/figure>\n\n\n\n<p>Tijola\u00e7o, por Fernando Brito &#8211; Passo mais uma tarde lendo artigos e ouvindo comentaristas pol\u00edticos na tev\u00ea tentando entender \u201cqual \u00e9 o pensamento\u201d de Jair Bolsonaro.<\/p>\n\n\n\n<p>H\u00e1 tal perplexidade que me sinto perdendo tempo em ouvir observa\u00e7\u00f5es sobre como ele se contradiz e fala hoje o inverso do que falou ontem.<\/p>\n\n\n\n<!--more-->\n\n\n\n<p>Porque \u00e9 in\u00fatil tentar entender Jair Bolsonaro como se ele fosse um ser humano, ainda que com baixo grau de empatia, de humanidade e, at\u00e9, de intelig\u00eancia.<\/p>\n\n\n\n<p>Ele \u00e9, mas n\u00e3o \u00e9 esta a chave para compreender o que faz.<\/p>\n\n\n\n<p>O tra\u00e7o essencial de Bolsonaro \u00e9 ser \u2013 ali\u00e1s, j\u00e1 o provou quando queria explodir latrinas de quart\u00e9is \u2013 um terrorista.<\/p>\n\n\n\n<p>Sim, Jair Bolsonaro n\u00e3o encara a pol\u00edtica no sentido aristot\u00e9lico, como uma associa\u00e7\u00e3o de seres humanos procurando uma ideia de bem comum. \u00c9, antes, o que sugeria Homero, ao falar dos que \u201ct\u00eam sede de combates e, como as aves rapinantes, n\u00e3o \u00e9 capaz de se submeter a nenhuma obedi\u00eancia\u201d.<\/p>\n\n\n\n<p>A pol\u00edtica, portanto, \u00e9 para ele apenas uma forma de enfraquecer a resist\u00eancia da presa, acoss\u00e1-la, confundi-la, usando as hienas do senso comum que comanda com seus zurros est\u00fapidos.<\/p>\n\n\n\n<p>Percebeu a presa \u2013 isto \u00e9, a Na\u00e7\u00e3o \u2013 ferida e confusa pelo espancamento em pra\u00e7a p\u00fablica da pol\u00edtica promovida por S\u00e9rgio Moro, trouxe para si a alma e depois o pr\u00f3prio corpo do chefe dos linchadores, sugou-lhe o significado e o descartou.<\/p>\n\n\n\n<p>Realismo, em Bolsonaro, \u00e9 apenas o grau de dissimula\u00e7\u00e3o necess\u00e1ria para impulsionar seus del\u00edrios. Apedreja e a afaga com a mesma facilidade, porque nenhum dos gestos \u00e9 sincero, apenas \u00e9 \u00fatil para seus objetivos autocr\u00e1ticos.<\/p>\n\n\n\n<p>N\u00e3o teve, nunca teve, e n\u00e3o tem partido, n\u00e3o tem a associa\u00e7\u00e3o como forma de pol\u00edtica, mas a desagrega\u00e7\u00e3o \u00e9 sua verdadeira estrat\u00e9gia de poder. Em grau de \u201cpureza\u201d, diga-se, bem superior aos seus contendores nesta via, como os Moro, Huck e Doria que nos abundam.<\/p>\n\n\n\n<p>Bolsonaro \u00e9 o produto depurado da estupidez que remanesceu numa sociedade \u00e0 qual o moralismo empolgou.<\/p>\n\n\n\n<p>Esta madrugada, para ilustrar o que pretendiam dizer ao defender que era preciso \u201cucranizar\u201d o Brasil, para lev\u00e1-lo ao clima neonazista daquela ex-rep\u00fablica sovi\u00e9tica, usavam e abusavam das imagem das chamadas \u201cjornadas de junho\u201d de 2013.<\/p>\n\n\n\n<p>N\u00e3o \u00e9 o golpe militar que Bolsonaro pretende, mas a imobilidade das For\u00e7as Armadas, corrompidas pela ideia de uma apropria\u00e7\u00e3o indireta do poder \u2013 a direta \u00e9, hoje, politicamente impens\u00e1vel \u2013 diante da a\u00e7\u00e3o de falanges que colocam o pa\u00eds sob amea\u00e7a e, assim, ref\u00e9m de sua vontade primitiva.<ins><\/ins><\/p>\n\n\n\n<p>O bolsonarismo n\u00e3o \u00e9 apenas um c\u00e2ncer enquistado, \u00e9 a sua met\u00e1stase em todo o organismo social.<\/p>\n\n\n\n<p>Uma parte do Brasil, como na S\u00edndrome de Estocolmo, apaixonou-se por que a sequestrou de sua capacidade de sentir e refletir corretamente a dor que sente.<\/p>\n","protected":false},"excerpt":{"rendered":"<p>Tijola\u00e7o, por Fernando Brito &#8211; Passo mais uma tarde lendo artigos e ouvindo comentaristas pol\u00edticos na tev\u00ea tentando entender \u201cqual \u00e9 o pensamento\u201d de Jair Bolsonaro. H\u00e1 tal perplexidade que me sinto perdendo tempo em ouvir observa\u00e7\u00f5es sobre como ele se contradiz e fala hoje o inverso do que falou ontem.<\/p>\n","protected":false},"author":1,"featured_media":0,"comment_status":"closed","ping_status":"open","sticky":false,"template":"","format":"standard","meta":{"_exactmetrics_skip_tracking":false,"_exactmetrics_sitenote_active":false,"_exactmetrics_sitenote_note":"","_exactmetrics_sitenote_category":0,"jetpack_post_was_ever_published":false,"_jetpack_newsletter_access":"","_jetpack_dont_email_post_to_subs":false,"_jetpack_newsletter_tier_id":0,"_jetpack_memberships_contains_paywalled_content":false,"_jetpack_memberships_contains_paid_content":false,"footnotes":"","jetpack_publicize_message":"","jetpack_publicize_feature_enabled":true,"jetpack_social_post_already_shared":true,"jetpack_social_options":{"image_generator_settings":{"template":"highway","enabled":false},"version":2}},"categories":[1],"tags":[],"class_list":["post-30459","post","type-post","status-publish","format-standard","hentry","category-notas"],"jetpack_publicize_connections":[],"jetpack_sharing_enabled":true,"jetpack_featured_media_url":"","jetpack_shortlink":"https:\/\/wp.me\/p7wKYW-7Vh","jetpack-related-posts":[],"_links":{"self":[{"href":"http:\/\/blogdalucianaoliveira.com.br\/blog\/wp-json\/wp\/v2\/posts\/30459","targetHints":{"allow":["GET"]}}],"collection":[{"href":"http:\/\/blogdalucianaoliveira.com.br\/blog\/wp-json\/wp\/v2\/posts"}],"about":[{"href":"http:\/\/blogdalucianaoliveira.com.br\/blog\/wp-json\/wp\/v2\/types\/post"}],"author":[{"embeddable":true,"href":"http:\/\/blogdalucianaoliveira.com.br\/blog\/wp-json\/wp\/v2\/users\/1"}],"replies":[{"embeddable":true,"href":"http:\/\/blogdalucianaoliveira.com.br\/blog\/wp-json\/wp\/v2\/comments?post=30459"}],"version-history":[{"count":1,"href":"http:\/\/blogdalucianaoliveira.com.br\/blog\/wp-json\/wp\/v2\/posts\/30459\/revisions"}],"predecessor-version":[{"id":30461,"href":"http:\/\/blogdalucianaoliveira.com.br\/blog\/wp-json\/wp\/v2\/posts\/30459\/revisions\/30461"}],"wp:attachment":[{"href":"http:\/\/blogdalucianaoliveira.com.br\/blog\/wp-json\/wp\/v2\/media?parent=30459"}],"wp:term":[{"taxonomy":"category","embeddable":true,"href":"http:\/\/blogdalucianaoliveira.com.br\/blog\/wp-json\/wp\/v2\/categories?post=30459"},{"taxonomy":"post_tag","embeddable":true,"href":"http:\/\/blogdalucianaoliveira.com.br\/blog\/wp-json\/wp\/v2\/tags?post=30459"}],"curies":[{"name":"wp","href":"https:\/\/api.w.org\/{rel}","templated":true}]}}