{"id":30466,"date":"2020-12-20T07:39:39","date_gmt":"2020-12-20T11:39:39","guid":{"rendered":"http:\/\/blogdalucianaoliveira.com.br\/blog\/?p=30466"},"modified":"2020-12-20T07:39:44","modified_gmt":"2020-12-20T11:39:44","slug":"bolsonaro-pode-mandar-17-milhoes-de-brasileiros-de-volta-a-pobreza-com-fim-do-auxilio","status":"publish","type":"post","link":"http:\/\/blogdalucianaoliveira.com.br\/blog\/2020\/12\/20\/bolsonaro-pode-mandar-17-milhoes-de-brasileiros-de-volta-a-pobreza-com-fim-do-auxilio\/","title":{"rendered":"Bolsonaro pode mandar 17 milh\u00f5es de brasileiros de volta \u00e0 pobreza com fim do aux\u00edlio"},"content":{"rendered":"\n<figure class=\"wp-block-image size-large\"><img data-recalc-dims=\"1\" loading=\"lazy\" decoding=\"async\" width=\"470\" height=\"240\" data-attachment-id=\"30467\" data-permalink=\"http:\/\/blogdalucianaoliveira.com.br\/blog\/2020\/12\/20\/bolsonaro-pode-mandar-17-milhoes-de-brasileiros-de-volta-a-pobreza-com-fim-do-auxilio\/f32a0c34-872c-4d7e-b1a2-33b53090846c\/\" data-orig-file=\"https:\/\/i0.wp.com\/blogdalucianaoliveira.com.br\/blog\/wp-content\/uploads\/2020\/12\/F32A0C34-872C-4D7E-B1A2-33B53090846C.jpeg?fit=470%2C240\" data-orig-size=\"470,240\" data-comments-opened=\"0\" data-image-meta=\"{&quot;aperture&quot;:&quot;0&quot;,&quot;credit&quot;:&quot;&quot;,&quot;camera&quot;:&quot;&quot;,&quot;caption&quot;:&quot;&quot;,&quot;created_timestamp&quot;:&quot;0&quot;,&quot;copyright&quot;:&quot;&quot;,&quot;focal_length&quot;:&quot;0&quot;,&quot;iso&quot;:&quot;0&quot;,&quot;shutter_speed&quot;:&quot;0&quot;,&quot;title&quot;:&quot;&quot;,&quot;orientation&quot;:&quot;0&quot;}\" data-image-title=\"F32A0C34-872C-4D7E-B1A2-33B53090846C\" data-image-description=\"\" data-image-caption=\"\" data-medium-file=\"https:\/\/i0.wp.com\/blogdalucianaoliveira.com.br\/blog\/wp-content\/uploads\/2020\/12\/F32A0C34-872C-4D7E-B1A2-33B53090846C.jpeg?fit=300%2C153\" data-large-file=\"https:\/\/i0.wp.com\/blogdalucianaoliveira.com.br\/blog\/wp-content\/uploads\/2020\/12\/F32A0C34-872C-4D7E-B1A2-33B53090846C.jpeg?fit=470%2C240\" src=\"https:\/\/i0.wp.com\/blogdalucianaoliveira.com.br\/blog\/wp-content\/uploads\/2020\/12\/F32A0C34-872C-4D7E-B1A2-33B53090846C.jpeg?resize=470%2C240\" alt=\"\" class=\"wp-image-30467\" srcset=\"https:\/\/i0.wp.com\/blogdalucianaoliveira.com.br\/blog\/wp-content\/uploads\/2020\/12\/F32A0C34-872C-4D7E-B1A2-33B53090846C.jpeg?w=470 470w, https:\/\/i0.wp.com\/blogdalucianaoliveira.com.br\/blog\/wp-content\/uploads\/2020\/12\/F32A0C34-872C-4D7E-B1A2-33B53090846C.jpeg?resize=300%2C153 300w\" sizes=\"auto, (max-width: 470px) 100vw, 470px\" \/><\/figure>\n\n\n\n<p><strong>247 &#8211;\u00a0<\/strong>A decis\u00e3o da equipe econ\u00f4mica que resultou na redu\u00e7\u00e3o do valor do auxilio emergencial pago durante a pandemia fez com que a renda de cerca de 7 milh\u00f5es de brasileiros ficasse abaixo do n\u00edvel de pobreza, de at\u00e9 R$ 5,50 por dia, no m\u00eas de outubro, em rela\u00e7\u00e3o ao m\u00eas anterior. A estimativa \u00e9 que este contingente chegue a 17 milh\u00f5es com o fim definitivo do benef\u00edcio, no come\u00e7o de 2021.\u00a0<\/p>\n\n\n\n<!--more-->\n\n\n\n<p>Segundo reportagem do jornal&nbsp;<a target=\"_blank\" rel=\"noreferrer noopener\" href=\"https:\/\/www1.folha.uol.com.br\/mercado\/2020\/12\/reducao-do-auxilio-emergencial-ja-devolveu-7-milhoes-a-pobreza.shtml#:~:text=A%20redu%C3%A7%C3%A3o%20do%20aux%C3%ADlio%20emergencial,benef%C3%ADcio%2C%20no%20in%C3%ADcio%20de%202021.\">Folha de S. Paulo<\/a>, o n\u00famero representa 26,2% da popula\u00e7\u00e3o, um ponto percentual mais elevado que o registrado em 2019. Em setembro, devido ao aux\u00edlio emergencial, o indicador estava em 18,3%, menor valor dos \u00faltimos dez anos.&nbsp;<\/p>\n\n\n\n<p>De acordo com o estudo do pesquisador do FGV Ibre, \u00a0(Instituto Brasileiro de Economia da Funda\u00e7\u00e3o Getulio Vargas) Vin\u00edcius Botelho, 6,5 milh\u00f5es de brasileiros deixaram a linha de extrema pobreza, representada por renda de at\u00e9 US$ 1 por dia, em fun\u00e7\u00e3o do aux\u00edlio de R$ 600. A redu\u00e7\u00e3o do valor pela metade, por\u00e9m, fez com 800 mil brasileiros voltassem a este patamar. O fim definitivo do benef\u00edcio dever\u00e1 fazer que mais oito milh\u00f5es voltem a este patamar.\u00a0<br><\/p>\n\n\n\n<p>O levantamento aponta, ainda, que esta parcela da popula\u00e7\u00e3o havia passado de 4,3% para 1,2% de 2019 at\u00e9 setembro deste ano, deixando o pa\u00eds pr\u00f3ximo de zerar a extrema pobreza. O percentual, por\u00e9m, subiu para 1,6% em outubro e dever\u00e1 chegar a 5,3% em 2021.<\/p>\n\n\n\n<p>De acordo com Botelho, o Produto Interno Bruto (PIB) per capita teria que crescer 7,1% sobre o resultado de 2019 para que a pobreza voltasse ao n\u00edvel de 2014, quando foram registrados os melhores resultados na redu\u00e7\u00e3o da pobreza. Para que a extrema pobreza fosse zerada, o Brasil teria que crescer 16,3%. E para que todas as fam\u00edlias tenham renda per capita acima de US$ 5,50, o crescimento teria que ser de quase 60%.<\/p>\n","protected":false},"excerpt":{"rendered":"<p>247 &#8211;\u00a0A decis\u00e3o da equipe econ\u00f4mica que resultou na redu\u00e7\u00e3o do valor do auxilio emergencial pago durante a pandemia fez com que a renda de cerca de 7 milh\u00f5es de brasileiros ficasse abaixo do n\u00edvel de pobreza, de at\u00e9 R$ 5,50 por dia, no m\u00eas de outubro, em rela\u00e7\u00e3o ao m\u00eas anterior. A estimativa \u00e9&#8230;<a class=\"more-link\" href=\"http:\/\/blogdalucianaoliveira.com.br\/blog\/2020\/12\/20\/bolsonaro-pode-mandar-17-milhoes-de-brasileiros-de-volta-a-pobreza-com-fim-do-auxilio\/\">Continue a leitura <span class=\"meta-nav\">&raquo;<\/span><\/a><\/p>\n","protected":false},"author":1,"featured_media":0,"comment_status":"closed","ping_status":"open","sticky":false,"template":"","format":"standard","meta":{"_exactmetrics_skip_tracking":false,"_exactmetrics_sitenote_active":false,"_exactmetrics_sitenote_note":"","_exactmetrics_sitenote_category":0,"jetpack_post_was_ever_published":false,"_jetpack_newsletter_access":"","_jetpack_dont_email_post_to_subs":false,"_jetpack_newsletter_tier_id":0,"_jetpack_memberships_contains_paywalled_content":false,"_jetpack_memberships_contains_paid_content":false,"footnotes":"","jetpack_publicize_message":"","jetpack_publicize_feature_enabled":true,"jetpack_social_post_already_shared":true,"jetpack_social_options":{"image_generator_settings":{"template":"highway","enabled":false},"version":2}},"categories":[1],"tags":[],"class_list":["post-30466","post","type-post","status-publish","format-standard","hentry","category-notas"],"jetpack_publicize_connections":[],"jetpack_sharing_enabled":true,"jetpack_featured_media_url":"","jetpack_shortlink":"https:\/\/wp.me\/p7wKYW-7Vo","jetpack-related-posts":[],"_links":{"self":[{"href":"http:\/\/blogdalucianaoliveira.com.br\/blog\/wp-json\/wp\/v2\/posts\/30466","targetHints":{"allow":["GET"]}}],"collection":[{"href":"http:\/\/blogdalucianaoliveira.com.br\/blog\/wp-json\/wp\/v2\/posts"}],"about":[{"href":"http:\/\/blogdalucianaoliveira.com.br\/blog\/wp-json\/wp\/v2\/types\/post"}],"author":[{"embeddable":true,"href":"http:\/\/blogdalucianaoliveira.com.br\/blog\/wp-json\/wp\/v2\/users\/1"}],"replies":[{"embeddable":true,"href":"http:\/\/blogdalucianaoliveira.com.br\/blog\/wp-json\/wp\/v2\/comments?post=30466"}],"version-history":[{"count":1,"href":"http:\/\/blogdalucianaoliveira.com.br\/blog\/wp-json\/wp\/v2\/posts\/30466\/revisions"}],"predecessor-version":[{"id":30468,"href":"http:\/\/blogdalucianaoliveira.com.br\/blog\/wp-json\/wp\/v2\/posts\/30466\/revisions\/30468"}],"wp:attachment":[{"href":"http:\/\/blogdalucianaoliveira.com.br\/blog\/wp-json\/wp\/v2\/media?parent=30466"}],"wp:term":[{"taxonomy":"category","embeddable":true,"href":"http:\/\/blogdalucianaoliveira.com.br\/blog\/wp-json\/wp\/v2\/categories?post=30466"},{"taxonomy":"post_tag","embeddable":true,"href":"http:\/\/blogdalucianaoliveira.com.br\/blog\/wp-json\/wp\/v2\/tags?post=30466"}],"curies":[{"name":"wp","href":"https:\/\/api.w.org\/{rel}","templated":true}]}}