{"id":30469,"date":"2020-12-20T07:45:02","date_gmt":"2020-12-20T11:45:02","guid":{"rendered":"http:\/\/blogdalucianaoliveira.com.br\/blog\/?p=30469"},"modified":"2020-12-20T07:45:06","modified_gmt":"2020-12-20T11:45:06","slug":"por-que-especialistas-defendem-que-presos-estejam-entre-grupos-prioritarios-na-vacinacao-contra-a-covid-19","status":"publish","type":"post","link":"http:\/\/blogdalucianaoliveira.com.br\/blog\/2020\/12\/20\/por-que-especialistas-defendem-que-presos-estejam-entre-grupos-prioritarios-na-vacinacao-contra-a-covid-19\/","title":{"rendered":"Por que especialistas defendem que presos estejam entre grupos priorit\u00e1rios na vacina\u00e7\u00e3o contra a covid-19"},"content":{"rendered":"\n<figure class=\"wp-block-image size-large\"><img data-recalc-dims=\"1\" loading=\"lazy\" decoding=\"async\" width=\"600\" height=\"338\" data-attachment-id=\"30470\" data-permalink=\"http:\/\/blogdalucianaoliveira.com.br\/blog\/2020\/12\/20\/por-que-especialistas-defendem-que-presos-estejam-entre-grupos-prioritarios-na-vacinacao-contra-a-covid-19\/ef43ce81-5bfd-4f12-80f1-dc4d677cf167\/\" data-orig-file=\"https:\/\/i0.wp.com\/blogdalucianaoliveira.com.br\/blog\/wp-content\/uploads\/2020\/12\/EF43CE81-5BFD-4F12-80F1-DC4D677CF167.jpeg?fit=800%2C450\" data-orig-size=\"800,450\" data-comments-opened=\"0\" data-image-meta=\"{&quot;aperture&quot;:&quot;0&quot;,&quot;credit&quot;:&quot;&quot;,&quot;camera&quot;:&quot;&quot;,&quot;caption&quot;:&quot;&quot;,&quot;created_timestamp&quot;:&quot;0&quot;,&quot;copyright&quot;:&quot;&quot;,&quot;focal_length&quot;:&quot;0&quot;,&quot;iso&quot;:&quot;0&quot;,&quot;shutter_speed&quot;:&quot;0&quot;,&quot;title&quot;:&quot;&quot;,&quot;orientation&quot;:&quot;0&quot;}\" data-image-title=\"EF43CE81-5BFD-4F12-80F1-DC4D677CF167\" data-image-description=\"\" data-image-caption=\"\" data-medium-file=\"https:\/\/i0.wp.com\/blogdalucianaoliveira.com.br\/blog\/wp-content\/uploads\/2020\/12\/EF43CE81-5BFD-4F12-80F1-DC4D677CF167.jpeg?fit=300%2C169\" data-large-file=\"https:\/\/i0.wp.com\/blogdalucianaoliveira.com.br\/blog\/wp-content\/uploads\/2020\/12\/EF43CE81-5BFD-4F12-80F1-DC4D677CF167.jpeg?fit=600%2C338\" src=\"https:\/\/i0.wp.com\/blogdalucianaoliveira.com.br\/blog\/wp-content\/uploads\/2020\/12\/EF43CE81-5BFD-4F12-80F1-DC4D677CF167.jpeg?resize=600%2C338\" alt=\"\" class=\"wp-image-30470\" srcset=\"https:\/\/i0.wp.com\/blogdalucianaoliveira.com.br\/blog\/wp-content\/uploads\/2020\/12\/EF43CE81-5BFD-4F12-80F1-DC4D677CF167.jpeg?w=800 800w, https:\/\/i0.wp.com\/blogdalucianaoliveira.com.br\/blog\/wp-content\/uploads\/2020\/12\/EF43CE81-5BFD-4F12-80F1-DC4D677CF167.jpeg?resize=300%2C169 300w, https:\/\/i0.wp.com\/blogdalucianaoliveira.com.br\/blog\/wp-content\/uploads\/2020\/12\/EF43CE81-5BFD-4F12-80F1-DC4D677CF167.jpeg?resize=768%2C432 768w, https:\/\/i0.wp.com\/blogdalucianaoliveira.com.br\/blog\/wp-content\/uploads\/2020\/12\/EF43CE81-5BFD-4F12-80F1-DC4D677CF167.jpeg?resize=533%2C300 533w\" sizes=\"auto, (max-width: 600px) 100vw, 600px\" \/><\/figure>\n\n\n\n<p><strong>Em um momento em que governantes em diversos pa\u00edses decidem quem ser\u00e3o os primeiros a receber as ainda escassas doses de vacina contra a covid-19, cresce o debate sobre a inclus\u00e3o da popula\u00e7\u00e3o carcer\u00e1ria entre os grupos priorit\u00e1rios.\u00a0<\/strong><br><\/p>\n\n\n\n<!--more-->\n\n\n\n<p>BBC <\/p>\n\n\n\n<p>Especialistas em sa\u00fade p\u00fablica ressaltam que o alto risco de exposi\u00e7\u00e3o nas pris\u00f5es e o impacto n\u00e3o apenas sobre detentos e funcion\u00e1rios, mas tamb\u00e9m na popula\u00e7\u00e3o das cidades onde est\u00e3o localizadas, fazem com que seja crucial incluir os presidi\u00e1rios entre os primeiros a serem imunizados.<\/p>\n\n\n\n<p>&#8220;Pris\u00f5es s\u00e3o incubadoras de doen\u00e7as, incluindo a covid-19&#8221;, diz \u00e0 BBC News Brasil o especialista em bio\u00e9tica Arthur Caplan, professor da Escola de Medicina da Universidade de Nova York.&nbsp;<\/p>\n\n\n\n<p>&#8220;Voc\u00ea n\u00e3o vai querer ter em sua regi\u00e3o um lugar que est\u00e1 espalhando a doen\u00e7a. Guardas, pessoal de limpeza, fornecedores de comida, visitantes, muita gente entra e sai das pris\u00f5es. \u00c9 preciso controlar (a propaga\u00e7\u00e3o da doen\u00e7a nas pris\u00f5es).&#8221;<\/p>\n\n\n\n<p>O especialista em sa\u00fade p\u00fablica William Lopez, professor da Universidade de Michigan, observa que \u00e9 comum a ideia de pris\u00f5es como fortalezas onde ningu\u00e9m entra ou sai, mas na realidade essas instala\u00e7\u00f5es costumam ter grande movimento de pessoas.<\/p>\n\n\n\n<p>&#8220;H\u00e1 pessoas entrando e saindo de pris\u00f5es o dia inteiro, como presos que foram libertados, guardas ou outros funcion\u00e1rios. Essas pessoas est\u00e3o entrando em um local de alta densidade e risco e depois voltando para casa em suas comunidades&#8221;, diz Lopez \u00e0 BBC News Brasil.<\/p>\n\n\n\n<h2 class=\"wp-block-heading\" id=\"Resist\u00eancia\">Resist\u00eancia<\/h2>\n\n\n\n<p>Mas a ideia de vacinar presidi\u00e1rios antes de outras parcelas da popula\u00e7\u00e3o \u00e9 muitas vezes recebida com resist\u00eancia, principalmente enquanto ainda n\u00e3o h\u00e1 doses suficientes para todos.<\/p>\n\n\n\n<p>Nos Estados Unidos, somente seis dos 50 Estados anunciaram a inclus\u00e3o da popula\u00e7\u00e3o carcer\u00e1ria em seus planos para a primeira fase de vacina\u00e7\u00e3o. Em outros 19 Estados, os presos dever\u00e3o ser imunizados em uma segunda fase, quando maior n\u00famero de doses estiver dispon\u00edvel.&nbsp;<\/p>\n\n\n\n<p>Nas instala\u00e7\u00f5es governadas pelo Federal Bureau of Prisons, a ag\u00eancia do Departamento de Justi\u00e7a respons\u00e1vel pelas pris\u00f5es federais americanas, o plano inicial \u00e9 distribuir as primeiras doses a agentes e funcion\u00e1rios. Os detentos seriam inclu\u00eddos em uma fase posterior, ainda sem previs\u00e3o.<\/p>\n\n\n\n<figure class=\"wp-block-image\"><img data-recalc-dims=\"1\" decoding=\"async\" src=\"https:\/\/i0.wp.com\/ichef.bbci.co.uk\/news\/640\/cpsprodpb\/1297E\/production\/_116085167_8855a0d6-f195-4335-9cb3-db4182f55b3c.jpg?w=600&#038;ssl=1\" alt=\"profissional de sa\u00fade segura uma seringa\"\/><figcaption>Legenda da foto,&nbsp;Brasil ainda n\u00e3o iniciou seu programa de vacina\u00e7\u00e3o contra a covid-19, como fizeram os EUA e o Reino Unido<\/figcaption><\/figure>\n\n\n\n<p>No Brasil, o plano nacional de vacina\u00e7\u00e3o apresentado na quarta-feira (16\/12) pelo Minist\u00e9rio da Sa\u00fade incluiu presos entre os grupos priorit\u00e1rios. Eles j\u00e1 estavam entre as categorias priorit\u00e1rias em um plano preliminar, mas foram posteriormente retirados da lista. Ap\u00f3s cr\u00edticas, voltaram a ser inclu\u00eddos na vers\u00e3o final.&nbsp;<\/p>\n\n\n\n<p>Tamb\u00e9m ter\u00e3o prioridade trabalhadores de sa\u00fade, educa\u00e7\u00e3o e transporte, idosos, funcion\u00e1rios do sistema carcer\u00e1rio, membros de for\u00e7as de seguran\u00e7a e salvamento, pessoas com comorbidades e com defici\u00eancia severa, ind\u00edgenas, popula\u00e7\u00f5es quilombolas, ribeirinhas e em situa\u00e7\u00e3o de rua. Esses grupos ser\u00e3o vacinados em etapas, mas ainda n\u00e3o h\u00e1 cronograma final.&nbsp;<\/p>\n\n\n\n<h2 class=\"wp-block-heading\" id=\"Surtos-em-pris\u00f5es-\">Surtos em pris\u00f5es&nbsp;<\/h2>\n\n\n\n<p>As pris\u00f5es americanas estiveram no centro de alguns dos maiores surtos registrados ao redor do pa\u00eds desde o in\u00edcio da pandemia, com cerca de 250 mil casos e 1.657 mortes entre a popula\u00e7\u00e3o carcer\u00e1ria e mais de 62 mil casos confirmados e 108 mortes entre funcion\u00e1rios.&nbsp;<\/p>\n\n\n\n<p>Os Estados Unidos t\u00eam a maior popula\u00e7\u00e3o carcer\u00e1ria per capita do mundo, com cerca de 2,3 milh\u00f5es de detentos em pris\u00f5es federais e estaduais e outros centros de deten\u00e7\u00e3o. Entre eles, cerca de 500 mil est\u00e3o presos enquanto aguardam julgamento, sem terem sido condenados por nenhum crime.&nbsp;<\/p>\n\n\n\n<p>No Brasil, segundo dados do Departamento Penitenci\u00e1rio Nacional (Depen), h\u00e1 cerca de 760 mil presos, com 39.905 casos confirmados e 126 mortes por covid-19. Segundo o Conselho Nacional de Justi\u00e7a (CNJ), h\u00e1 ainda cerca de 12,5 mil casos e 90 mortes entre servidores no sistema prisional. Mas os n\u00fameros podem ser maiores, devido a fatores como o \u00edndice de testagem.<\/p>\n\n\n\n<p>No ambiente superlotado das pris\u00f5es, onde os detentos compartilham dormit\u00f3rios, refeit\u00f3rios e banheiros, \u00e9 imposs\u00edvel manter o distanciamento social recomendado para evitar o cont\u00e1gio pelo coronav\u00edrus.&nbsp;<\/p>\n\n\n\n<figure class=\"wp-block-image\"><img data-recalc-dims=\"1\" decoding=\"async\" src=\"https:\/\/i0.wp.com\/ichef.bbci.co.uk\/news\/640\/cpsprodpb\/9198\/production\/_109527273_presos_-_wilson_dias.jpg?w=600&#038;ssl=1\" alt=\"Presos em cela\"\/><figcaption>Legenda da foto,&nbsp;Muitos pres\u00eddios sofrem com falta de material b\u00e1sico, como m\u00e1scaras, luvas e sabonetes<\/figcaption><\/figure>\n\n\n\n<p>Al\u00e9m disso, muitas vezes h\u00e1 escassez de testes, de equipamentos de prote\u00e7\u00e3o, como m\u00e1scaras, e de artigos de higiene. Nos meses iniciais da pandemia, algumas pris\u00f5es americanas registravam falta de sabonete para lavar as m\u00e3os.<\/p>\n\n\n\n<p>Grande parte dos presos nos Estados Unidos tem comorbidades, como diabetes, asma ou doen\u00e7as card\u00edacas, e muitos s\u00e3o idosos, o que aumenta o risco de complica\u00e7\u00f5es e morte por covid-19. A falta de acesso a cuidados m\u00e9dicos adequados tamb\u00e9m \u00e9 comum, o que agrava a situa\u00e7\u00e3o.&nbsp;<\/p>\n\n\n\n<p>Segundo estudo da Comiss\u00e3o Nacional sobre Covid-19 e Justi\u00e7a Criminal, ligada ao centro de pesquisas Council on Criminal Justice (Conselho sobre Justi\u00e7a Criminal), presos nos Estados Unidos t\u00eam quatro vezes mais chance de serem infectados pelo coronav\u00edrus do que a popula\u00e7\u00e3o geral. A taxa de mortalidade \u00e9 duas vezes maior.<\/p>\n\n\n\n<h2 class=\"wp-block-heading\" id=\"Vacina\u00e7\u00e3o-nos-EUA-\">Vacina\u00e7\u00e3o nos EUA&nbsp;<\/h2>\n\n\n\n<p>As primeiras doses da vacina contra a covid-19 come\u00e7aram a ser distribu\u00eddas nos Estados Unidos na segunda-feira (14\/12), mas ainda s\u00e3o escassas, e sua disponibilidade dever\u00e1 permanecer limitada por meses.&nbsp;<\/p>\n\n\n\n<p>A vacina \u00e9 aplicada em duas doses, e estima-se que at\u00e9 o fim deste ano cerca de 20 milh\u00f5es de pessoas poder\u00e3o ser imunizadas, n\u00famero pequeno diante de uma popula\u00e7\u00e3o de 330 milh\u00f5es e de uma doen\u00e7a que j\u00e1 infectou mais de 17 milh\u00f5es e deixou mais de 300 mil mortos no pa\u00eds.&nbsp;<\/p>\n\n\n\n<p>Profissionais de sa\u00fade e idosos em casas de repouso ser\u00e3o os primeiros a receber as doses. Depois disso, cada Estado decidir\u00e1 como ser\u00e1 a distribui\u00e7\u00e3o para o restante da popula\u00e7\u00e3o, incluindo os presos. Diversas entidades m\u00e9dicas recomendam que os Estados incluam detentos entre os grupos priorit\u00e1rios.&nbsp;<\/p>\n\n\n\n<p>A Associa\u00e7\u00e3o M\u00e9dica Americana (AMA), maior associa\u00e7\u00e3o de m\u00e9dicos nos Estados Unidos, divulgou em novembro sua pol\u00edtica oficial em rela\u00e7\u00e3o \u00e0 pandemia, na qual ressalta o alto risco para presos, imigrantes em centros de deten\u00e7\u00e3o e agentes que trabalham nesses locais.&nbsp;<\/p>\n\n\n\n<p>&#8220;Esses indiv\u00edduos devem ter prioridade no acesso a vacinas seguras e eficazes contra a covid-19 nas fases iniciais de distribui\u00e7\u00e3o&#8221;, afirma a associa\u00e7\u00e3o. &#8220;Ao longo da pandemia de covid-19, vimos que o v\u00edrus se propaga rapidamente em popula\u00e7\u00f5es de alta densidade, particularmente em unidades correcionais.&#8221;&nbsp;<\/p>\n\n\n\n<h2 class=\"wp-block-heading\" id=\"Congresso-\">Congresso&nbsp;<\/h2>\n\n\n\n<p>Um relat\u00f3rio das Academias Nacionais de Ci\u00eancias, Engenharia e Medicina dos Estados Unidos, elaborado por um comit\u00ea de mais de 20 especialistas e divulgado em outubro, traz recomenda\u00e7\u00e3o semelhante.&nbsp;<\/p>\n\n\n\n<p>Segundo o documento, presos com mais de 65 anos deveriam ser inclu\u00eddos na primeira fase de vacina\u00e7\u00e3o, atr\u00e1s de profissionais de sa\u00fade e ao lado de moradores de casas de repouso e pessoas com comorbidades.&nbsp;<\/p>\n\n\n\n<p>O restante da popula\u00e7\u00e3o carcer\u00e1ria e agentes penitenci\u00e1rios deveriam ser inclu\u00eddos na segunda fase, ao lado de idosos e pessoas que trabalham em ambientes de risco, como escolas, transporte p\u00fablico e na cadeia de suprimento de alimentos. Os autores dizem que as recomenda\u00e7\u00f5es s\u00e3o &#8220;guiadas por evid\u00eancias para maximizar benef\u00edcios \u00e0 sociedade&#8221;.&nbsp;<\/p>\n\n\n\n<p>Nesta semana, 26 congressistas americanos enviaram uma carta ao CDC (Centros de Controle e Preven\u00e7\u00e3o de Doen\u00e7as, ag\u00eancia de pesquisa em sa\u00fade p\u00fablica ligada ao Departamento de Sa\u00fade) e ao Federal Bureau of Prisons manifestando preocupa\u00e7\u00e3o e pedindo esclarecimentos sobre os planos para vacinar os detentos.&nbsp;<\/p>\n\n\n\n<p>Na carta, os parlamentares ressaltam que o coronav\u00edrus est\u00e1 se espalhando &#8220;quatro vezes mais r\u00e1pido nas pris\u00f5es do que entre a popula\u00e7\u00e3o geral&#8221;.<\/p>\n\n\n\n<h2 class=\"wp-block-heading\" id=\"Ideia-impopular-\">Ideia impopular&nbsp;<\/h2>\n\n\n\n<p>Mas, apesar dos argumentos do ponto de vista \u00e9tico e de sa\u00fade p\u00fablica, a ideia de vacinar presidi\u00e1rios antes de pessoas que n\u00e3o cometeram crimes n\u00e3o costuma ser popular politicamente.&nbsp;<\/p>\n\n\n\n<p>Um exemplo recente \u00e9 o caso do Colorado, onde j\u00e1 foram registrados v\u00e1rios surtos de covid-19 em pris\u00f5es e onde os quase 6 mil casos entre detentos representam uma taxa de casos 720% maior do que a verificada na popula\u00e7\u00e3o geral. Mais de mil agentes penitenci\u00e1rios tamb\u00e9m j\u00e1 foram infectados no Estado.&nbsp;<\/p>\n\n\n\n<figure class=\"wp-block-image\"><img data-recalc-dims=\"1\" decoding=\"async\" src=\"https:\/\/i0.wp.com\/ichef.bbci.co.uk\/news\/640\/cpsprodpb\/139C7\/production\/_114872308_gettyimages-1212213050.jpg?w=600&#038;ssl=1\" alt=\"Coronavirus\"\/><figcaption>Legenda da foto,&nbsp;Coronav\u00edrus matou mais de 1,6 milh\u00e3o de pessoas desde o in\u00edcio da pandemia<\/figcaption><\/figure>\n\n\n\n<p>Em outubro, o Departamento de Sa\u00fade do Colorado havia divulgado um plano preliminar segundo o qual pessoas que vivem em locais onde h\u00e1 aglomera\u00e7\u00e3o (entre eles abrigos para moradores de rua, dormit\u00f3rios de universidades e pris\u00f5es) estariam entre as primeiras a serem imunizadas, logo ap\u00f3s trabalhadores do setor de sa\u00fade e residentes de lares de idosos.&nbsp;<\/p>\n\n\n\n<p>Enquanto presidi\u00e1rios estavam no grupo de prioridade 2A, indiv\u00edduos na popula\u00e7\u00e3o geral considerados de alto risco, como pessoas com comorbidades, estavam no grupo 2B.&nbsp;<\/p>\n\n\n\n<p>Mas o plano imediatamente gerou cr\u00edticas, principalmente por parte de pol\u00edticos e ve\u00edculos de imprensa conservadores, que passaram a dizer que &#8220;assassinos e estupradores&#8221; receberiam a vacina antes de &#8220;av\u00f3s&#8221;. No in\u00edcio deste m\u00eas, o governador democrata Jared Polis acabou rejeitando a recomenda\u00e7\u00e3o de seu pr\u00f3prio Estado.&nbsp;<\/p>\n\n\n\n<p>&#8220;De jeito nenhum (a vacina) ir\u00e1 para prisioneiros antes de pessoas que n\u00e3o cometeram nenhum crime&#8221;, disse o governador, esclarecendo apenas que presos com mais de 65 anos dever\u00e3o receber a vacina ao mesmo tempo que o restante da popula\u00e7\u00e3o nessa faixa et\u00e1ria.<\/p>\n\n\n\n<h2 class=\"wp-block-heading\" id=\"Estigma-\">Estigma&nbsp;<\/h2>\n\n\n\n<p>Caplan, da Universidade de Nova York, salienta que a popula\u00e7\u00e3o carcer\u00e1ria costuma ser estigmatizada, e que muitas pessoas n\u00e3o acham que os presos merecem receber a vacina.&nbsp;<\/p>\n\n\n\n<p>&#8220;N\u00e3o estou dizendo que morro de amores por todos os prisioneiros. Mas simplesmente ressaltando que h\u00e1 uma ampla gama de pessoas na pris\u00e3o. Em muitos pa\u00edses, voc\u00ea poderia argumentar que elas n\u00e3o deveriam estar presas&#8221;, afirma.<\/p>\n\n\n\n<p>Caplan observa que muitas pessoas est\u00e3o presas sem terem ainda sido condenadas por qualquer crime. Outras est\u00e3o na pris\u00e3o por crimes menores e sem viol\u00eancia. Em alguns pa\u00edses, h\u00e1 prisioneiros pol\u00edticos.&nbsp;<\/p>\n\n\n\n<p>&#8220;E h\u00e1 outras pessoas que est\u00e3o presas por crimes graves. Mas, diante da quest\u00e3o se prisioneiros devem ser vacinados, as pessoas n\u00e3o deveriam pensar que s\u00e3o todos assassinos em s\u00e9rie. Isso simplesmente n\u00e3o \u00e9 verdade&#8221;, observa.<\/p>\n\n\n\n<p>&#8220;Em segundo lugar, as pessoas na pris\u00e3o n\u00e3o receberam senten\u00e7a de morte. Elas t\u00eam direito de receber cuidados de sa\u00fade&#8221;, afirma Caplan.<\/p>\n\n\n\n<p>Depois que a vacina estiver dispon\u00edvel, restar\u00e1 a quest\u00e3o sobre o percentual de presos dispostos a serem imunizados. Entre a popula\u00e7\u00e3o geral americana, pesquisa Gallup deste m\u00eas indica que 63% pretendem ser vacinados. Especialistas apontam para a desconfian\u00e7a que muitos presos t\u00eam em rela\u00e7\u00e3o ao governo.<\/p>\n\n\n\n<p>&#8220;\u00c9 muitas vezes dif\u00edcil para os presos confiar que um local que \u00e9 fundamentalmente ruim para a sua sa\u00fade ser\u00e1 capaz de cuidar da sua sa\u00fade&#8221;, afirma Lopez.<\/p>\n\n\n\n<p>&#8220;Alguns talvez ir\u00e3o recusar (a vacina). Mas acho que muitos ir\u00e3o aceitar, depois de terem visto tantas pessoas que conhecem na pris\u00e3o morrer (em decorr\u00eancia da covid-19).&#8221;<\/p>\n","protected":false},"excerpt":{"rendered":"<p>Em um momento em que governantes em diversos pa\u00edses decidem quem ser\u00e3o os primeiros a receber as ainda escassas doses de vacina contra a covid-19, cresce o debate sobre a inclus\u00e3o da popula\u00e7\u00e3o carcer\u00e1ria entre os grupos priorit\u00e1rios.\u00a0<\/p>\n","protected":false},"author":1,"featured_media":0,"comment_status":"closed","ping_status":"open","sticky":false,"template":"","format":"standard","meta":{"_exactmetrics_skip_tracking":false,"_exactmetrics_sitenote_active":false,"_exactmetrics_sitenote_note":"","_exactmetrics_sitenote_category":0,"jetpack_post_was_ever_published":false,"_jetpack_newsletter_access":"","_jetpack_dont_email_post_to_subs":false,"_jetpack_newsletter_tier_id":0,"_jetpack_memberships_contains_paywalled_content":false,"_jetpack_memberships_contains_paid_content":false,"footnotes":"","jetpack_publicize_message":"","jetpack_publicize_feature_enabled":true,"jetpack_social_post_already_shared":true,"jetpack_social_options":{"image_generator_settings":{"template":"highway","enabled":false},"version":2}},"categories":[1],"tags":[],"class_list":["post-30469","post","type-post","status-publish","format-standard","hentry","category-notas"],"jetpack_publicize_connections":[],"jetpack_sharing_enabled":true,"jetpack_featured_media_url":"","jetpack_shortlink":"https:\/\/wp.me\/p7wKYW-7Vr","jetpack-related-posts":[],"_links":{"self":[{"href":"http:\/\/blogdalucianaoliveira.com.br\/blog\/wp-json\/wp\/v2\/posts\/30469","targetHints":{"allow":["GET"]}}],"collection":[{"href":"http:\/\/blogdalucianaoliveira.com.br\/blog\/wp-json\/wp\/v2\/posts"}],"about":[{"href":"http:\/\/blogdalucianaoliveira.com.br\/blog\/wp-json\/wp\/v2\/types\/post"}],"author":[{"embeddable":true,"href":"http:\/\/blogdalucianaoliveira.com.br\/blog\/wp-json\/wp\/v2\/users\/1"}],"replies":[{"embeddable":true,"href":"http:\/\/blogdalucianaoliveira.com.br\/blog\/wp-json\/wp\/v2\/comments?post=30469"}],"version-history":[{"count":1,"href":"http:\/\/blogdalucianaoliveira.com.br\/blog\/wp-json\/wp\/v2\/posts\/30469\/revisions"}],"predecessor-version":[{"id":30471,"href":"http:\/\/blogdalucianaoliveira.com.br\/blog\/wp-json\/wp\/v2\/posts\/30469\/revisions\/30471"}],"wp:attachment":[{"href":"http:\/\/blogdalucianaoliveira.com.br\/blog\/wp-json\/wp\/v2\/media?parent=30469"}],"wp:term":[{"taxonomy":"category","embeddable":true,"href":"http:\/\/blogdalucianaoliveira.com.br\/blog\/wp-json\/wp\/v2\/categories?post=30469"},{"taxonomy":"post_tag","embeddable":true,"href":"http:\/\/blogdalucianaoliveira.com.br\/blog\/wp-json\/wp\/v2\/tags?post=30469"}],"curies":[{"name":"wp","href":"https:\/\/api.w.org\/{rel}","templated":true}]}}