{"id":30475,"date":"2020-12-20T08:05:22","date_gmt":"2020-12-20T12:05:22","guid":{"rendered":"http:\/\/blogdalucianaoliveira.com.br\/blog\/?p=30475"},"modified":"2020-12-20T08:05:27","modified_gmt":"2020-12-20T12:05:27","slug":"sem-distanciamento-social-imediato-brasil-pode-chegar-a-25-mil-mortos-por-dia","status":"publish","type":"post","link":"http:\/\/blogdalucianaoliveira.com.br\/blog\/2020\/12\/20\/sem-distanciamento-social-imediato-brasil-pode-chegar-a-25-mil-mortos-por-dia\/","title":{"rendered":"Sem distanciamento social imediato, Brasil pode chegar a 2,5 mil mortos por dia"},"content":{"rendered":"\n<figure class=\"wp-block-image size-large\"><img loading=\"lazy\" decoding=\"async\" width=\"1200\" height=\"754\" data-attachment-id=\"30476\" data-permalink=\"http:\/\/blogdalucianaoliveira.com.br\/blog\/2020\/12\/20\/sem-distanciamento-social-imediato-brasil-pode-chegar-a-25-mil-mortos-por-dia\/973e1783-20f0-484f-b3ae-291d79cc870b\/\" data-orig-file=\"https:\/\/i0.wp.com\/blogdalucianaoliveira.com.br\/blog\/wp-content\/uploads\/2020\/12\/973E1783-20F0-484F-B3AE-291D79CC870B.jpeg?fit=1200%2C754\" data-orig-size=\"1200,754\" data-comments-opened=\"0\" data-image-meta=\"{&quot;aperture&quot;:&quot;0&quot;,&quot;credit&quot;:&quot;&quot;,&quot;camera&quot;:&quot;&quot;,&quot;caption&quot;:&quot;&quot;,&quot;created_timestamp&quot;:&quot;0&quot;,&quot;copyright&quot;:&quot;&quot;,&quot;focal_length&quot;:&quot;0&quot;,&quot;iso&quot;:&quot;0&quot;,&quot;shutter_speed&quot;:&quot;0&quot;,&quot;title&quot;:&quot;&quot;,&quot;orientation&quot;:&quot;0&quot;}\" data-image-title=\"973E1783-20F0-484F-B3AE-291D79CC870B\" data-image-description=\"\" data-image-caption=\"\" data-medium-file=\"https:\/\/i0.wp.com\/blogdalucianaoliveira.com.br\/blog\/wp-content\/uploads\/2020\/12\/973E1783-20F0-484F-B3AE-291D79CC870B.jpeg?fit=300%2C189\" data-large-file=\"https:\/\/i0.wp.com\/blogdalucianaoliveira.com.br\/blog\/wp-content\/uploads\/2020\/12\/973E1783-20F0-484F-B3AE-291D79CC870B.jpeg?fit=600%2C377\" src=\"https:\/\/i0.wp.com\/blogdalucianaoliveira.com.br\/blog\/wp-content\/uploads\/2020\/12\/973E1783-20F0-484F-B3AE-291D79CC870B.jpeg?fit=600%2C377\" alt=\"\" class=\"wp-image-30476\" srcset=\"https:\/\/i0.wp.com\/blogdalucianaoliveira.com.br\/blog\/wp-content\/uploads\/2020\/12\/973E1783-20F0-484F-B3AE-291D79CC870B.jpeg?w=1200 1200w, https:\/\/i0.wp.com\/blogdalucianaoliveira.com.br\/blog\/wp-content\/uploads\/2020\/12\/973E1783-20F0-484F-B3AE-291D79CC870B.jpeg?resize=300%2C189 300w, https:\/\/i0.wp.com\/blogdalucianaoliveira.com.br\/blog\/wp-content\/uploads\/2020\/12\/973E1783-20F0-484F-B3AE-291D79CC870B.jpeg?resize=1024%2C643 1024w, https:\/\/i0.wp.com\/blogdalucianaoliveira.com.br\/blog\/wp-content\/uploads\/2020\/12\/973E1783-20F0-484F-B3AE-291D79CC870B.jpeg?resize=768%2C483 768w, https:\/\/i0.wp.com\/blogdalucianaoliveira.com.br\/blog\/wp-content\/uploads\/2020\/12\/973E1783-20F0-484F-B3AE-291D79CC870B.jpeg?resize=477%2C300 477w\" sizes=\"auto, (max-width: 600px) 100vw, 600px\" \/><\/figure>\n\n\n\n<p>Proje\u00e7\u00e3o do coordenador da Rede An\u00e1lise Covid-19 leva em conta a transmiss\u00e3o entre os jovens e o aumento dos casos, que j\u00e1 colocam a rede de sa\u00fade em colapso, com as festas de fim de ano<\/p>\n\n\n\n<!--more-->\n\n\n\n<p>Rede Brasil Atual \u2013 O Brasil volta a rondar a m\u00e9dia de mil mortos por dia em decorr\u00eancia da covid-19. Nesta quinta-feira (17), o pa\u00eds voltou a ultrapassar a marca das mil mortes (foram 1.091) em 24 horas, segundo o Conselho Nacional dos Secret\u00e1rios de Sa\u00fade (Conass). As v\u00edtimas di\u00e1rias da infec\u00e7\u00e3o n\u00e3o atingiam esse patamar h\u00e1 mais de dois meses. A m\u00e9dia m\u00f3vel de \u00f3bitos \u2013 soma de todas as confirma\u00e7\u00f5es dos \u00faltimos sete dias, dividida por sete \u2013 chegou a 723, pior resultado em quase tr\u00eas meses.<\/p>\n\n\n\n<p>Naquela quinta-feira, al\u00e9m das 1.091 mortes, foram registrados ainda 69.825 novos casos da doen\u00e7a no pa\u00eds. J\u00e1 na sexta (18), os novos \u00f3bitos foram 824 e os novos casos notificados, 52.545. Com isso, j\u00e1 s\u00e3o 185.650 vidas perdidas e 7.1162.978 infectados pelo novo coronav\u00edrus desde o in\u00edcio da pandemia, em mar\u00e7o.\u00a0<br><\/p>\n\n\n\n<p>Sem&nbsp;<a rel=\"noreferrer noopener\" href=\"https:\/\/www.redebrasilatual.com.br\/saude-e-ciencia\/2020\/12\/covid-brasil-casos-iguala-agosto-pazuello-plano-vacinacao-sem-data\/\" target=\"_blank\">mudan\u00e7as de rumo na condu\u00e7\u00e3o da pandemia<\/a>, a previs\u00e3o \u00e9 que a situa\u00e7\u00e3o possa se agravar com resultados ainda mais tr\u00e1gicos para o in\u00edcio do pr\u00f3ximo ano. Em entrevista nesta sexta-feira (18) a Glauco Faria, do<strong>&nbsp;Jornal Brasil Atual<\/strong>, o cientista de dados Isaac Schrarstzhaupt, coordenador da Rede An\u00e1lise Covid-19 \u2013 grupo multidisciplinar que coleta e analisa dados relativos \u00e0 pandemia no Brasil \u2013 alerta que o crescimento de casos e de mortos, que pode ser ainda maior ap\u00f3s as festas de fim de ano com as aglomera\u00e7\u00f5es previstas, tem o risco de ser emendado por um&nbsp;<a rel=\"noreferrer noopener\" href=\"https:\/\/www.redebrasilatual.com.br\/saude-e-ciencia\/2020\/11\/sem-sair-da-primeira-onda-de-covid-19-brasil-ja-enfrenta-a-segunda\/\" target=\"_blank\">pico de notifica\u00e7\u00f5es da S\u00edndrome Respirat\u00f3ria Aguda Grave<\/a>&nbsp;(SRAG) que acontece todos os anos, a partir da 7\u00aa semana do ano, de 9 a 15 de fevereiro.&nbsp;<\/p>\n\n\n\n<h2 class=\"wp-block-heading\"><strong>SRAG e Covid&nbsp;<\/strong><\/h2>\n\n\n\n<p>A SRAG tem um \u201ccomportamento padr\u00e3o\u201d, como explica Isaac, em que os casos costumam disparar da 7\u00aa at\u00e9 a 15\u00ba semana, at\u00e9 por conta da mudan\u00e7a de esta\u00e7\u00e3o clim\u00e1tica para o outono. Dados do sistema Infogripe da Funda\u00e7\u00e3o Oswaldo Cruz (Fiocruz) mostram que a queda de notifica\u00e7\u00f5es se acentua de vez por volta da 26\u00aa semana, atingindo baixos n\u00edveis em novembro e dezembro. Uma tend\u00eancia que n\u00e3o se concretizou em 2020 por conta da pandemia, que, ao contr\u00e1rio,&nbsp;<a href=\"https:\/\/www.redebrasilatual.com.br\/saude-e-ciencia\/2020\/09\/mortes-sindrome-respiratoria-2019-2020\/\" target=\"_blank\" rel=\"noreferrer noopener\">fez disparar os casos de SRAG<\/a>, principalmente a partir da 43\u00aa semana epidemiol\u00f3gica.&nbsp;<\/p>\n\n\n\n<p>O cientista alerta que o Brasil vive um aumento da s\u00edndrome \u201ctotalmente fora de \u00e9poca, que est\u00e1 se prolongando devido ao comportamento da popula\u00e7\u00e3o e \u00e0s poucas medidas de restri\u00e7\u00e3o de mobilidade\u201d. Em seu&nbsp;<a rel=\"noreferrer noopener\" href=\"https:\/\/twitter.com\/schrarstzhaupt\/status\/1339637458959556610\" target=\"_blank\"><em>twitter<\/em><\/a><em>,<\/em>&nbsp;Isaac j\u00e1 havia alertado que, ao manter esse n\u00famero elevado, o risco \u00e9 de \u201ccat\u00e1strofe\u201d caso esse aumento permane\u00e7a at\u00e9 as semanas 7 a 12 de 2021. \u201cSe estamos com 900 \u00f3bitos (de covid-19) por dia agora (em dezembro), poderemos ter tr\u00eas vezes isso l\u00e1 no in\u00edcio de 2021. Ou seja, em torno de 2.500 \u00f3bitos, como os Estados Unidos\u201d, projetou o coordenador da Rede An\u00e1lise Covid-19.<\/p>\n\n\n\n<h2 class=\"wp-block-heading\"><strong>Jovens contaminados<\/strong><\/h2>\n\n\n\n<p>Esse crescimento do n\u00famero de casos acompanha n\u00e3o apenas o relaxamento da quarentena, mas tamb\u00e9m uma mudan\u00e7a no perfil de infectados. Na cidade de S\u00e3o Paulo, por exemplo, desde outubro, s\u00e3o os mais&nbsp;<a href=\"https:\/\/www.redebrasilatual.com.br\/saude-e-ciencia\/2020\/12\/jovens-covid-19-maioria-dos-casos-sao-paulo-brasil\/\" target=\"_blank\" rel=\"noreferrer noopener\">jovens que passaram a ser os respons\u00e1veis pela maior parte das infec\u00e7\u00f5es e interna\u00e7\u00f5es&nbsp;<\/a>em decorr\u00eancia da covid-19. Conforme reportado pela&nbsp;<strong>RBA<\/strong>, os pacientes dos 20 aos 39 anos representam atualmente 40% dos casos.&nbsp;<\/p>\n\n\n\n<p>Entre mar\u00e7o a novembro, o principal volume de interna\u00e7\u00f5es era de pacientes que tinham entre 55 a 75 anos. O grupo ainda representava 77% dos infectados com quadros graves que compuseram as principais estat\u00edsticas de mortalidade da covid-19. O cen\u00e1rio \u00e9 semelhante em outras capitais brasileiras, como Belo Horizonte, que v\u00eam concentrando casos na parcela jovem da popula\u00e7\u00e3o. O que tamb\u00e9m tem contribu\u00eddo para um percentual menor de \u00f3bitos. Em S\u00e3o Paulo, eles representam 3,6% das mortes contabilizadas.\u00a0<br><\/p>\n\n\n\n<p>H\u00e1, no entanto, algumas implica\u00e7\u00f5es na&nbsp;<a rel=\"noreferrer noopener\" href=\"https:\/\/www.redebrasilatual.com.br\/saude-e-ciencia\/2020\/05\/letalidade-covid-19-jovens-adultos\/\" target=\"_blank\">alto grau de contamina\u00e7\u00e3o dos jovens<\/a>, observa Isaac. De acordo com ele esse \u00e9 o grupo com maior mobilidade. Frequentam \u201cfestas e bares, e como eles ficam com poucos sintomas continuam m\u00f3veis. E agora estamos chegando numa \u00e9poca, com natal e ano novo, que geralmente tem a tradi\u00e7\u00e3o de reunir todas as gera\u00e7\u00f5es da fam\u00edlia. Se encontram com av\u00f4s, av\u00f3s, tios, m\u00e3es. E quando acontece isso pode gerar esse efeito cascata da contamina\u00e7\u00e3o, at\u00e9 chegar nos idosos, que come\u00e7am o pico de \u00f3bitos e os hospitais lotam mais\u201d, prev\u00ea.&nbsp;<\/p>\n\n\n\n<h2 class=\"wp-block-heading\"><strong>Canad\u00e1, tr\u00e1gico exemplo&nbsp;<\/strong><\/h2>\n\n\n\n<p>O coordenador da Rede An\u00e1lise Covid-19 compara a situa\u00e7\u00e3o ao surto de casos do novo coronav\u00edrus no Canad\u00e1. Sete dias ap\u00f3s o Dia de A\u00e7\u00e3o de Gra\u00e7as, o&nbsp;<em>Thanksgiving<\/em>, no dia 12 de outubro, a taxa de transmiss\u00e3o do v\u00edrus passou de 1,04 para 1,18. Sendo que, quanto maior o n\u00famero, cada infectado transmite a doen\u00e7a para mais pessoas.&nbsp;<\/p>\n\n\n\n<p>Em novembro, o primeiro-ministro do pa\u00eds, Justin Trudeau, precisou cobrar dos l\u00edderes regionais um aumento das restri\u00e7\u00f5es. Atualmente, segundo a<a rel=\"noreferrer noopener\" href=\"https:\/\/istoe.com.br\/a-licao-norte-americana-do-que-nao-fazer-nas-festas-de-fim-de-ano\/\" target=\"_blank\"><em>&nbsp;Ag\u00eancia Einstein de Not\u00edcias<\/em><\/a>, o Canad\u00e1 segue em alta, com mais de sete mil notifica\u00e7\u00f5es por dia de casos de covid-19. Algumas prov\u00edncias, entre elas Ont\u00e1rio, decretaram um novo lockdown.&nbsp;<\/p>\n\n\n\n<p>\u201cE a situa\u00e7\u00e3o do Brasil \u00e9 que j\u00e1 estamos chegando perto desse pico de \u00f3bitos mesmo antes das festividades de fim de ano. Se a proje\u00e7\u00e3o seguir o que aconteceu no Canad\u00e1 podemos ter uma explos\u00e3o de casos e de \u00f3bitos em janeiro\u201d, aponta Isaac.&nbsp;<\/p>\n\n\n\n<h2 class=\"wp-block-heading\"><strong>S\u00f3 distanciamento salva<\/strong><\/h2>\n\n\n\n<p>Segundo ele, o risco de transmiss\u00e3o dos jovens para os idosos, a emenda com o pico de SRAG podem tamb\u00e9m se acumular com a situa\u00e7\u00e3o de calamidade de algumas unidades de sa\u00fade. Em Caxias do Sul, no Rio Grande do Sul, onde o cientista de dados vive, diretores dos seis hospitais da cidade e o prefeito Fl\u00e1vio Cassina (PTB)&nbsp;<a href=\"https:\/\/gauchazh.clicrbs.com.br\/pioneiro\/geral\/noticia\/2020\/12\/rede-hospitalar-de-caxias-entrou-em-colapso-segundo-diretores-das-instituicoes-ckis14s02001h019w0n7cf8h3.html\" target=\"_blank\" rel=\"noreferrer noopener\">declararam, nesta quinta, o colapso da rede hospital<\/a>&nbsp;e apelaram para que a popula\u00e7\u00e3o adote as medidas de preven\u00e7\u00e3o ao coronav\u00edrus.&nbsp;<\/p>\n\n\n\n<p>Isaac contesta a estrat\u00e9gia. \u201cEssa \u00e9 uma doen\u00e7a social, ela ataca a sociedade como um todo\u201d, diz. Isso torna, segundo ele, insuficiente o apelo das autoridades para comportamentos individuais. Para o cientista de dados, a m\u00eddia e os l\u00edderes governamentais precisam rediscutir a&nbsp;<a href=\"https:\/\/www.redebrasilatual.com.br\/saude-e-ciencia\/2020\/06\/para-cientistas-volta-ao-trabalho-presencial-e-naturalizacao-da-desgraca\/\" target=\"_blank\" rel=\"noreferrer noopener\">import\u00e2ncia das medidas de distanciamento social<\/a>, deixadas em segundo plano diante da possibilidade de uma vacina contra a covid-19. \u201cTemos que lembrar \u00e0s pessoas que precisamos ter a menor mobilidade poss\u00edvel. Que precisamos fazer apenas o essencial (fora de casa) e com cuidados de m\u00e1scara, higiene, distanciamento f\u00edsico, preferir o trabalho remoto, se for poss\u00edvel\u201d, sugere.&nbsp;<\/p>\n\n\n\n<p>\u201cPenso que estamos presos numa ilha. Essa pandemia \u00e9 como se estiv\u00e9ssemos presos numa ilha e nossa vida estivesse fora dela. Estamos presos, mas conseguimos o resgate, entramos em contato e eles v\u00e3o nos buscar, que nesse caso \u00e9 a vacina. S\u00f3 que vai demorar para chegar o resgate e est\u00e1 vindo um tsunami e esse tsunami vai chegar antes do resgate. Ent\u00e3o o que temos que fazer \u00e9 se proteger o m\u00e1ximo poss\u00edvel desse tsunami, antes do resgate chegar, para as pessoas estarem vivas. Para quando chegar o resgate n\u00f3s n\u00e3o termos perdidos mais um monte de vidas com esse tsunami\u201d, compara Isaac Schrarstzhaupt.&nbsp;<\/p>\n\n\n\n<p><\/p>\n","protected":false},"excerpt":{"rendered":"<p>Proje\u00e7\u00e3o do coordenador da Rede An\u00e1lise Covid-19 leva em conta a transmiss\u00e3o entre os jovens e o aumento dos casos, que j\u00e1 colocam a rede de sa\u00fade em colapso, com as festas de fim de ano<\/p>\n","protected":false},"author":1,"featured_media":0,"comment_status":"closed","ping_status":"open","sticky":false,"template":"","format":"standard","meta":{"_exactmetrics_skip_tracking":false,"_exactmetrics_sitenote_active":false,"_exactmetrics_sitenote_note":"","_exactmetrics_sitenote_category":0,"jetpack_post_was_ever_published":false,"_jetpack_newsletter_access":"","_jetpack_dont_email_post_to_subs":false,"_jetpack_newsletter_tier_id":0,"_jetpack_memberships_contains_paywalled_content":false,"_jetpack_memberships_contains_paid_content":false,"footnotes":"","jetpack_publicize_message":"","jetpack_publicize_feature_enabled":true,"jetpack_social_post_already_shared":true,"jetpack_social_options":{"image_generator_settings":{"template":"highway","enabled":false},"version":2}},"categories":[1],"tags":[],"class_list":["post-30475","post","type-post","status-publish","format-standard","hentry","category-notas"],"jetpack_publicize_connections":[],"jetpack_sharing_enabled":true,"jetpack_featured_media_url":"","jetpack_shortlink":"https:\/\/wp.me\/p7wKYW-7Vx","jetpack-related-posts":[],"_links":{"self":[{"href":"http:\/\/blogdalucianaoliveira.com.br\/blog\/wp-json\/wp\/v2\/posts\/30475","targetHints":{"allow":["GET"]}}],"collection":[{"href":"http:\/\/blogdalucianaoliveira.com.br\/blog\/wp-json\/wp\/v2\/posts"}],"about":[{"href":"http:\/\/blogdalucianaoliveira.com.br\/blog\/wp-json\/wp\/v2\/types\/post"}],"author":[{"embeddable":true,"href":"http:\/\/blogdalucianaoliveira.com.br\/blog\/wp-json\/wp\/v2\/users\/1"}],"replies":[{"embeddable":true,"href":"http:\/\/blogdalucianaoliveira.com.br\/blog\/wp-json\/wp\/v2\/comments?post=30475"}],"version-history":[{"count":1,"href":"http:\/\/blogdalucianaoliveira.com.br\/blog\/wp-json\/wp\/v2\/posts\/30475\/revisions"}],"predecessor-version":[{"id":30477,"href":"http:\/\/blogdalucianaoliveira.com.br\/blog\/wp-json\/wp\/v2\/posts\/30475\/revisions\/30477"}],"wp:attachment":[{"href":"http:\/\/blogdalucianaoliveira.com.br\/blog\/wp-json\/wp\/v2\/media?parent=30475"}],"wp:term":[{"taxonomy":"category","embeddable":true,"href":"http:\/\/blogdalucianaoliveira.com.br\/blog\/wp-json\/wp\/v2\/categories?post=30475"},{"taxonomy":"post_tag","embeddable":true,"href":"http:\/\/blogdalucianaoliveira.com.br\/blog\/wp-json\/wp\/v2\/tags?post=30475"}],"curies":[{"name":"wp","href":"https:\/\/api.w.org\/{rel}","templated":true}]}}