{"id":30478,"date":"2020-12-21T07:27:53","date_gmt":"2020-12-21T11:27:53","guid":{"rendered":"http:\/\/blogdalucianaoliveira.com.br\/blog\/?p=30478"},"modified":"2020-12-21T07:28:00","modified_gmt":"2020-12-21T11:28:00","slug":"editorial-o-brasil-atual-atingiu-o-ponto-extremo-da-demencia","status":"publish","type":"post","link":"http:\/\/blogdalucianaoliveira.com.br\/blog\/2020\/12\/21\/editorial-o-brasil-atual-atingiu-o-ponto-extremo-da-demencia\/","title":{"rendered":"Editorial \u2013 O Brasil atual atingiu o ponto extremo da dem\u00eancia"},"content":{"rendered":"\n<figure class=\"wp-block-image size-large\"><img data-recalc-dims=\"1\" loading=\"lazy\" decoding=\"async\" width=\"273\" height=\"180\" data-attachment-id=\"30479\" data-permalink=\"http:\/\/blogdalucianaoliveira.com.br\/blog\/2020\/12\/21\/editorial-o-brasil-atual-atingiu-o-ponto-extremo-da-demencia\/89082686-3506-4d10-8688-2030a4bada0f\/\" data-orig-file=\"https:\/\/i0.wp.com\/blogdalucianaoliveira.com.br\/blog\/wp-content\/uploads\/2020\/12\/89082686-3506-4D10-8688-2030A4BADA0F.jpeg?fit=273%2C180\" data-orig-size=\"273,180\" data-comments-opened=\"0\" data-image-meta=\"{&quot;aperture&quot;:&quot;0&quot;,&quot;credit&quot;:&quot;&quot;,&quot;camera&quot;:&quot;&quot;,&quot;caption&quot;:&quot;&quot;,&quot;created_timestamp&quot;:&quot;0&quot;,&quot;copyright&quot;:&quot;&quot;,&quot;focal_length&quot;:&quot;0&quot;,&quot;iso&quot;:&quot;0&quot;,&quot;shutter_speed&quot;:&quot;0&quot;,&quot;title&quot;:&quot;&quot;,&quot;orientation&quot;:&quot;0&quot;}\" data-image-title=\"89082686-3506-4D10-8688-2030A4BADA0F\" data-image-description=\"\" data-image-caption=\"\" data-medium-file=\"https:\/\/i0.wp.com\/blogdalucianaoliveira.com.br\/blog\/wp-content\/uploads\/2020\/12\/89082686-3506-4D10-8688-2030A4BADA0F.jpeg?fit=273%2C180\" data-large-file=\"https:\/\/i0.wp.com\/blogdalucianaoliveira.com.br\/blog\/wp-content\/uploads\/2020\/12\/89082686-3506-4D10-8688-2030A4BADA0F.jpeg?fit=273%2C180\" src=\"https:\/\/i0.wp.com\/blogdalucianaoliveira.com.br\/blog\/wp-content\/uploads\/2020\/12\/89082686-3506-4D10-8688-2030A4BADA0F.jpeg?resize=273%2C180\" alt=\"\" class=\"wp-image-30479\"\/><\/figure>\n\n\n\n<p>&#8216;A guerra das vacinas, em pleno desenvolvimento e de incerto final, \u00e9 a prova da situa\u00e7\u00e3o de terrificante descalabro&#8217;, escreve Mino Carta<br><\/p>\n\n\n\n<!--more-->\n\n\n\n<p>Carta Capital- Quando o paladino Orlando endoideceu de amor, segundo o poema \u00e9pico Orlando Furioso, de Ludovico Ariosto, o sublime poeta de Ferrara, algu\u00e9m cuidou de encilhar um cavalo alado para chegar \u00e0 lua, onde se guarda a raz\u00e3o dos homens. Seria o \u00fanico meio de devolver a Orlando alguma sa\u00fade mental. Parece-me que o Brasil atual atingiu um ponto extremo de uma crise de dem\u00eancia que vem de longe, se quisermos, desde o descobrimento. Desconfio, por\u00e9m, da exist\u00eancia de um ju\u00edzo brasileiro, na lua ou em qualquer lugar do universo.<\/p>\n\n\n\n<p>Neste pa\u00eds que ainda n\u00e3o chegou a na\u00e7\u00e3o, a guerra das vacinas, em pleno desenvolvimento e de incerto final, \u00e9 a prova provada de uma situa\u00e7\u00e3o de terrificante descalabro, sem contar o fato de que o suposto presidente da Rep\u00fablica mais uma vez transgride a Constitui\u00e7\u00e3o, a lhe impor todo o cuidado com a sa\u00fade popular. Aqui vivemos na treva. As vacinas existem e uma delas, a da Pfizer, de efic\u00e1cia comprovada j\u00e1 est\u00e1 em aplica\u00e7\u00e3o no Reino Unido. Logo mais, talvez antes do fim do ano, ser\u00e1 empregada em um programa conjunto de Alemanha, Fran\u00e7a e It\u00e1lia.<\/p>\n\n\n\n<p>Nas nossas plagas, \u00e0 sombra de um est\u00fapido debate em torno da efici\u00eancia do rem\u00e9dio, sem contar a irremedi\u00e1vel desconfian\u00e7a de quem se arvora a presidente da Rep\u00fablica, fala-se agora da importa\u00e7\u00e3o de todas as vacinas dispon\u00edveis, como se houvesse necessidade de um aval brasileiro a qualquer uma delas. Recomendo a leitura na edi\u00e7\u00e3o de fim de ano, a pr\u00f3xima, da longa conversa que mantive com o professor Aldo Fornazieri. Est\u00e1 a\u00ed a explica\u00e7\u00e3o. Isto tudo se deve \u00e0 falta de organiza\u00e7\u00e3o de um povo s\u00facubo, ignorante, conformado.<\/p>\n\n\n\n<p>Um ditado italiano diz a respeito de quem est\u00e1 fora do eixo e perdeu a raz\u00e3o: \u201cEle vive no mundo a lua\u201d. O planeta dos lun\u00e1ticos, admiravelmente representado por Georges Meli\u00e9s no seu famos\u00edssimo filme, obra-prima do alvorecer da S\u00e9tima Arte. Cada vez menos pa\u00edses ficam fora de um plano de vacina\u00e7\u00e3o, hoje j\u00e1 previsto para abarcar o mundo, quem sabe antes do Natal ou logo ap\u00f3s. Aqui vivemos \u00e0 margem da humanidade por obra de uma situa\u00e7\u00e3o somente explic\u00e1vel \u00e0 luz de uma an\u00e1lise patol\u00f3gica. Quando, orientados por Americo Vespuci, que j\u00e1 alcan\u00e7ara as costas do Piau\u00ed, os portugueses comandados por Cabral atingiram Porto Seguro, o escriba da aventura reconheceu a fertilidade da terra, onde \u201cem se plantando tudo d\u00e1\u201d. Logo come\u00e7ou a desgra\u00e7a de uma coloniza\u00e7\u00e3o predat\u00f3ria, a dividir o espa\u00e7o em imensas capitanias heredit\u00e1rias e a desencadear um processo de escravid\u00e3o que durou tr\u00eas s\u00e9culos e meio e, a rigor, ainda vigora.<\/p>\n\n\n\n<p>Brutal a discrep\u00e2ncia entre o que a natureza oferecia e a estultice do homem incapaz de aproveitar-se de tanta generosidade. Pairava desde ent\u00e3o a conspira\u00e7\u00e3o contra o melhor ju\u00edzo, semeava-se a dem\u00eancia.<\/p>\n","protected":false},"excerpt":{"rendered":"<p>&#8216;A guerra das vacinas, em pleno desenvolvimento e de incerto final, \u00e9 a prova da situa\u00e7\u00e3o de terrificante descalabro&#8217;, escreve Mino Carta<\/p>\n","protected":false},"author":1,"featured_media":0,"comment_status":"closed","ping_status":"open","sticky":false,"template":"","format":"standard","meta":{"_exactmetrics_skip_tracking":false,"_exactmetrics_sitenote_active":false,"_exactmetrics_sitenote_note":"","_exactmetrics_sitenote_category":0,"jetpack_post_was_ever_published":false,"_jetpack_newsletter_access":"","_jetpack_dont_email_post_to_subs":false,"_jetpack_newsletter_tier_id":0,"_jetpack_memberships_contains_paywalled_content":false,"_jetpack_memberships_contains_paid_content":false,"footnotes":"","jetpack_publicize_message":"","jetpack_publicize_feature_enabled":true,"jetpack_social_post_already_shared":true,"jetpack_social_options":{"image_generator_settings":{"template":"highway","enabled":false},"version":2}},"categories":[1],"tags":[],"class_list":["post-30478","post","type-post","status-publish","format-standard","hentry","category-notas"],"jetpack_publicize_connections":[],"jetpack_sharing_enabled":true,"jetpack_featured_media_url":"","jetpack_shortlink":"https:\/\/wp.me\/p7wKYW-7VA","jetpack-related-posts":[],"_links":{"self":[{"href":"http:\/\/blogdalucianaoliveira.com.br\/blog\/wp-json\/wp\/v2\/posts\/30478","targetHints":{"allow":["GET"]}}],"collection":[{"href":"http:\/\/blogdalucianaoliveira.com.br\/blog\/wp-json\/wp\/v2\/posts"}],"about":[{"href":"http:\/\/blogdalucianaoliveira.com.br\/blog\/wp-json\/wp\/v2\/types\/post"}],"author":[{"embeddable":true,"href":"http:\/\/blogdalucianaoliveira.com.br\/blog\/wp-json\/wp\/v2\/users\/1"}],"replies":[{"embeddable":true,"href":"http:\/\/blogdalucianaoliveira.com.br\/blog\/wp-json\/wp\/v2\/comments?post=30478"}],"version-history":[{"count":1,"href":"http:\/\/blogdalucianaoliveira.com.br\/blog\/wp-json\/wp\/v2\/posts\/30478\/revisions"}],"predecessor-version":[{"id":30480,"href":"http:\/\/blogdalucianaoliveira.com.br\/blog\/wp-json\/wp\/v2\/posts\/30478\/revisions\/30480"}],"wp:attachment":[{"href":"http:\/\/blogdalucianaoliveira.com.br\/blog\/wp-json\/wp\/v2\/media?parent=30478"}],"wp:term":[{"taxonomy":"category","embeddable":true,"href":"http:\/\/blogdalucianaoliveira.com.br\/blog\/wp-json\/wp\/v2\/categories?post=30478"},{"taxonomy":"post_tag","embeddable":true,"href":"http:\/\/blogdalucianaoliveira.com.br\/blog\/wp-json\/wp\/v2\/tags?post=30478"}],"curies":[{"name":"wp","href":"https:\/\/api.w.org\/{rel}","templated":true}]}}