{"id":30484,"date":"2020-12-21T19:05:56","date_gmt":"2020-12-21T23:05:56","guid":{"rendered":"http:\/\/blogdalucianaoliveira.com.br\/blog\/?p=30484"},"modified":"2020-12-21T19:06:00","modified_gmt":"2020-12-21T23:06:00","slug":"a-fatura-do-congresso-em-2020","status":"publish","type":"post","link":"http:\/\/blogdalucianaoliveira.com.br\/blog\/2020\/12\/21\/a-fatura-do-congresso-em-2020\/","title":{"rendered":"A fatura do Congresso em 2020"},"content":{"rendered":"\n<figure class=\"wp-block-image size-large\"><img data-recalc-dims=\"1\" loading=\"lazy\" decoding=\"async\" width=\"600\" height=\"337\" data-attachment-id=\"30486\" data-permalink=\"http:\/\/blogdalucianaoliveira.com.br\/blog\/2020\/12\/21\/a-fatura-do-congresso-em-2020\/8f2e01a9-989c-46e3-b2b6-340ae98d7b1d\/\" data-orig-file=\"https:\/\/i0.wp.com\/blogdalucianaoliveira.com.br\/blog\/wp-content\/uploads\/2020\/12\/8F2E01A9-989C-46E3-B2B6-340AE98D7B1D.jpeg?fit=739%2C415\" data-orig-size=\"739,415\" data-comments-opened=\"0\" data-image-meta=\"{&quot;aperture&quot;:&quot;0&quot;,&quot;credit&quot;:&quot;&quot;,&quot;camera&quot;:&quot;&quot;,&quot;caption&quot;:&quot;&quot;,&quot;created_timestamp&quot;:&quot;0&quot;,&quot;copyright&quot;:&quot;&quot;,&quot;focal_length&quot;:&quot;0&quot;,&quot;iso&quot;:&quot;0&quot;,&quot;shutter_speed&quot;:&quot;0&quot;,&quot;title&quot;:&quot;&quot;,&quot;orientation&quot;:&quot;0&quot;}\" data-image-title=\"8F2E01A9-989C-46E3-B2B6-340AE98D7B1D\" data-image-description=\"\" data-image-caption=\"\" data-medium-file=\"https:\/\/i0.wp.com\/blogdalucianaoliveira.com.br\/blog\/wp-content\/uploads\/2020\/12\/8F2E01A9-989C-46E3-B2B6-340AE98D7B1D.jpeg?fit=300%2C168\" data-large-file=\"https:\/\/i0.wp.com\/blogdalucianaoliveira.com.br\/blog\/wp-content\/uploads\/2020\/12\/8F2E01A9-989C-46E3-B2B6-340AE98D7B1D.jpeg?fit=600%2C337\" src=\"https:\/\/i0.wp.com\/blogdalucianaoliveira.com.br\/blog\/wp-content\/uploads\/2020\/12\/8F2E01A9-989C-46E3-B2B6-340AE98D7B1D.jpeg?resize=600%2C337\" alt=\"\" class=\"wp-image-30486\" srcset=\"https:\/\/i0.wp.com\/blogdalucianaoliveira.com.br\/blog\/wp-content\/uploads\/2020\/12\/8F2E01A9-989C-46E3-B2B6-340AE98D7B1D.jpeg?w=739 739w, https:\/\/i0.wp.com\/blogdalucianaoliveira.com.br\/blog\/wp-content\/uploads\/2020\/12\/8F2E01A9-989C-46E3-B2B6-340AE98D7B1D.jpeg?resize=300%2C168 300w, https:\/\/i0.wp.com\/blogdalucianaoliveira.com.br\/blog\/wp-content\/uploads\/2020\/12\/8F2E01A9-989C-46E3-B2B6-340AE98D7B1D.jpeg?resize=534%2C300 534w\" sizes=\"auto, (max-width: 600px) 100vw, 600px\" \/><\/figure>\n\n\n\n<p><strong>A<\/strong>pandemia fez com que o Congresso adotasse vota\u00e7\u00f5es a dist\u00e2ncia desde mar\u00e7o. Muitos deputados e senadores deixaram de viajar para Bras\u00edlia, circularam menos de carro, e um reflexo disso \u00e9 que os gastos com cota parlamentar ca\u00edram drasticamente. <br><\/p>\n\n\n\n<!--more-->\n\n\n\n<p><strong>LUIGI MAZZA E RENATA BUONO<\/strong><\/p>\n\n\n\n<p>Revista Piau\u00ed <\/p>\n\n\n\n<p>Em 2019, foram desembolsados R$ 233 milh\u00f5es. J\u00e1 este ano, at\u00e9 o come\u00e7o de dezembro, foram R$ 149 milh\u00f5es, uma queda de quase 40%. Cada congressista tem uma cota de no m\u00e1ximo R$ 45 mil (o valor varia por estado) para gastar todo m\u00eas com atividades relacionadas ao mandato \u2013 aluguel de carros, passagens a\u00e9reas, hospedagem etc. S\u00f3 treze deputados, de 513, aumentaram gastos em 2020. O PTB de Roberto Jefferson foi o partido que mais recorreu a esse dinheiro. Em m\u00e9dia, cada deputado petebista usou R$ 327 mil de cota parlamentar no ano. O deputado Jesus Sergio (PDT-AC), que lidera o ranking dos gast\u00f5es, torrou meio milh\u00e3o desde janeiro. O\u00a0<em>=igualdades\u00a0<\/em>desta semana detalha onde foi parar o dinheiro de cota parlamentar ao longo de 2020 e quem mais gastou.<\/p>\n\n\n\n<figure class=\"wp-block-image size-large\"><img loading=\"lazy\" decoding=\"async\" width=\"1200\" height=\"1709\" data-attachment-id=\"30485\" data-permalink=\"http:\/\/blogdalucianaoliveira.com.br\/blog\/2020\/12\/21\/a-fatura-do-congresso-em-2020\/a-fatura-do-congresso-a\/\" data-orig-file=\"https:\/\/i0.wp.com\/blogdalucianaoliveira.com.br\/blog\/wp-content\/uploads\/2020\/12\/F8D963AE-81A4-4CD6-A2B8-2F8AD4C44F1E.jpeg?fit=1200%2C1709\" data-orig-size=\"1200,1709\" data-comments-opened=\"0\" data-image-meta=\"{&quot;aperture&quot;:&quot;0&quot;,&quot;credit&quot;:&quot;&quot;,&quot;camera&quot;:&quot;&quot;,&quot;caption&quot;:&quot;&quot;,&quot;created_timestamp&quot;:&quot;1608219518&quot;,&quot;copyright&quot;:&quot;&quot;,&quot;focal_length&quot;:&quot;0&quot;,&quot;iso&quot;:&quot;0&quot;,&quot;shutter_speed&quot;:&quot;0&quot;,&quot;title&quot;:&quot;A fatura do Congresso A&quot;,&quot;orientation&quot;:&quot;1&quot;}\" data-image-title=\"A fatura do Congresso A\" data-image-description=\"\" data-image-caption=\"\" data-medium-file=\"https:\/\/i0.wp.com\/blogdalucianaoliveira.com.br\/blog\/wp-content\/uploads\/2020\/12\/F8D963AE-81A4-4CD6-A2B8-2F8AD4C44F1E.jpeg?fit=211%2C300\" data-large-file=\"https:\/\/i0.wp.com\/blogdalucianaoliveira.com.br\/blog\/wp-content\/uploads\/2020\/12\/F8D963AE-81A4-4CD6-A2B8-2F8AD4C44F1E.jpeg?fit=600%2C855\" src=\"https:\/\/i2.wp.com\/blogdalucianaoliveira.com.br\/blog\/wp-content\/uploads\/2020\/12\/F8D963AE-81A4-4CD6-A2B8-2F8AD4C44F1E.jpeg?fit=600%2C855\" alt=\"\" class=\"wp-image-30485\" srcset=\"https:\/\/i0.wp.com\/blogdalucianaoliveira.com.br\/blog\/wp-content\/uploads\/2020\/12\/F8D963AE-81A4-4CD6-A2B8-2F8AD4C44F1E.jpeg?w=1200 1200w, https:\/\/i0.wp.com\/blogdalucianaoliveira.com.br\/blog\/wp-content\/uploads\/2020\/12\/F8D963AE-81A4-4CD6-A2B8-2F8AD4C44F1E.jpeg?resize=211%2C300 211w, https:\/\/i0.wp.com\/blogdalucianaoliveira.com.br\/blog\/wp-content\/uploads\/2020\/12\/F8D963AE-81A4-4CD6-A2B8-2F8AD4C44F1E.jpeg?resize=719%2C1024 719w, https:\/\/i0.wp.com\/blogdalucianaoliveira.com.br\/blog\/wp-content\/uploads\/2020\/12\/F8D963AE-81A4-4CD6-A2B8-2F8AD4C44F1E.jpeg?resize=768%2C1094 768w, https:\/\/i0.wp.com\/blogdalucianaoliveira.com.br\/blog\/wp-content\/uploads\/2020\/12\/F8D963AE-81A4-4CD6-A2B8-2F8AD4C44F1E.jpeg?resize=1079%2C1536 1079w\" sizes=\"auto, (max-width: 600px) 100vw, 600px\" \/><\/figure>\n\n\n\n<p>Por causa da pandemia, os gastos do Congresso com cota parlamentar tiveram uma redu\u00e7\u00e3o expressiva em 2020. De R$ 233 milh\u00f5es gastos em 2019, somando C\u00e2mara e Senado, o valor caiu para R$ 149 milh\u00f5es. Ou seja, para cada R$ 100 gastos no ano passado, s\u00f3 R$ 64 foram gastos este ano.<\/p>\n\n\n\n<figure class=\"wp-block-image\"><img data-recalc-dims=\"1\" decoding=\"async\" src=\"https:\/\/i0.wp.com\/piaui.folha.uol.com.br\/wp-content\/uploads\/2020\/12\/arte-2.-A-fatura-do-Congresso.jpg?w=600&#038;ssl=1\" alt=\"\" class=\"wp-image-392780\"\/><\/figure>\n\n\n\n<p>Dos 501 deputados atualmente em exerc\u00edcio, s\u00f3 13 aumentaram os gastos com cota parlamentar em 2020 (o c\u00e1lculo n\u00e3o leva em considera\u00e7\u00e3o deputados que s\u00f3 assumiram o mandato este ano). Juntos, eles gastaram R$ 4,4 milh\u00f5es em 2020, at\u00e9 o come\u00e7o de dezembro, contra R$ 3,9 milh\u00f5es em 2019. Desses 13 deputados, 4 s\u00e3o do PSL&nbsp; e o restante se divide entre sete partidos.<\/p>\n\n\n\n<figure class=\"wp-block-image\"><img data-recalc-dims=\"1\" decoding=\"async\" src=\"https:\/\/i0.wp.com\/piaui.folha.uol.com.br\/wp-content\/uploads\/2020\/12\/arte-3.-A-fatura-do-Congresso.jpg?w=600&#038;ssl=1\" alt=\"\" class=\"wp-image-392781\"\/><\/figure>\n\n\n\n<p>O partido que mais gastou a cota parlamentar proporcionalmente ao n\u00famero de deputados foi o PTB: cada deputado do partido gastou, em m\u00e9dia, R$ 327 mil ao longo de 2020. Isso \u00e9 cinco vezes o gasto dos deputados do Novo, o partido que proporcionalmente menos gastou com cota parlamentar este ano (R$ 66 mil por deputado, em m\u00e9dia).<\/p>\n\n\n\n<p><\/p>\n\n\n\n<figure class=\"wp-block-image\"><img data-recalc-dims=\"1\" decoding=\"async\" src=\"https:\/\/i0.wp.com\/piaui.folha.uol.com.br\/wp-content\/uploads\/2020\/12\/arte-4.-A-fatura-do-Congresso.jpg?w=600&#038;ssl=1\" alt=\"\" class=\"wp-image-392782\"\/><\/figure>\n\n\n\n<p>O PSDB foi o partido que declarou o maior gasto com aux\u00edlio moradia em 2020, proporcionalmente \u00e0 sua bancada. Em m\u00e9dia, cada deputado federal do partido recebeu R$ 22,8 mil para custear sua moradia. Em n\u00fameros absolutos, foram R$ 709 mil. No PT, foram R$ 644 mil, numa m\u00e9dia de R$ 11,9 mil por deputado. O partido que mais gastou com o aux\u00edlio, em valores absolutos, foi o PSL, com R$ 780 mil \u2013 o equivalente a R$ 19 mil por deputado.<\/p>\n\n\n\n<figure class=\"wp-block-image\"><img data-recalc-dims=\"1\" decoding=\"async\" src=\"https:\/\/i0.wp.com\/piaui.folha.uol.com.br\/wp-content\/uploads\/2020\/12\/arte-5.-A-fatura-do-Congresso.jpg?w=600&#038;ssl=1\" alt=\"\" class=\"wp-image-392783\"\/><\/figure>\n\n\n\n<p>No ano da pandemia, em que os gastos com viagens oficiais ca\u00edram drasticamente na C\u00e2mara, alguns poucos partidos concentraram a maior parte dessas despesas. O Republicanos foi o principal deles: at\u00e9 o come\u00e7o de dezembro, o partido declarou gastos de R$ 59,3 mil com di\u00e1rias em viagens oficiais. Isso \u00e9 mais do que as despesas declaradas por PT e PSL, que, juntos, gastaram R$ 48 mil em viagens. O Republicanos tem uma bancada de 31 deputados, que corresponde a um ter\u00e7o dos 95 deputados de PT e PSL somados.<\/p>\n\n\n\n<figure class=\"wp-block-image\"><img data-recalc-dims=\"1\" decoding=\"async\" src=\"https:\/\/i0.wp.com\/piaui.folha.uol.com.br\/wp-content\/uploads\/2020\/12\/arte-6.-A-fatura-do-Congresso.jpg?w=600&#038;ssl=1\" alt=\"\" class=\"wp-image-392784\"\/><\/figure>\n\n\n\n<p>O deputado que mais declarou gastos com cota parlamentar em 2020 foi Jesus S\u00e9rgio (PDT): foram R$ 523 mil. \u00c9 mais dinheiro do que foi gasto pelos 17 deputados que menos usaram cota parlamentar este ano. Juntos, eles declararam gastos de R$ 505 mil.<\/p>\n\n\n\n<figure class=\"wp-block-image\"><img data-recalc-dims=\"1\" decoding=\"async\" src=\"https:\/\/i0.wp.com\/piaui.folha.uol.com.br\/wp-content\/uploads\/2020\/12\/arte-7.-A-fatura-do-Congresso.jpg?w=600&#038;ssl=1\" alt=\"\" class=\"wp-image-392785\"\/><\/figure>\n\n\n\n<p>Em 2020, at\u00e9 o come\u00e7o de dezembro, deputados e senadores gastaram R$ 608,8 mil de cota parlamentar em an\u00fancios e postagens no Facebook. \u00c9 um aumento de 25% na compara\u00e7\u00e3o com o ano passado, quando gastaram R$ 485,3 mil nessa rede social.<\/p>\n\n\n\n<p><strong>Fonte:&nbsp;<\/strong>Dados abertos da&nbsp;<a href=\"https:\/\/dadosabertos.camara.leg.br\/swagger\/api.html#staticfile\">C\u00e2mara dos Deputados<\/a>&nbsp;e do&nbsp;<a href=\"https:\/\/www12.senado.leg.br\/transparencia\/dados-abertos-transparencia\/dados-abertos-ceaps\">Senado Federal<\/a>.<\/p>\n","protected":false},"excerpt":{"rendered":"<p>Apandemia fez com que o Congresso adotasse vota\u00e7\u00f5es a dist\u00e2ncia desde mar\u00e7o. Muitos deputados e senadores deixaram de viajar para Bras\u00edlia, circularam menos de carro, e um reflexo disso \u00e9 que os gastos com cota parlamentar ca\u00edram drasticamente.<\/p>\n","protected":false},"author":1,"featured_media":0,"comment_status":"closed","ping_status":"open","sticky":false,"template":"","format":"standard","meta":{"_exactmetrics_skip_tracking":false,"_exactmetrics_sitenote_active":false,"_exactmetrics_sitenote_note":"","_exactmetrics_sitenote_category":0,"jetpack_post_was_ever_published":false,"_jetpack_newsletter_access":"","_jetpack_dont_email_post_to_subs":false,"_jetpack_newsletter_tier_id":0,"_jetpack_memberships_contains_paywalled_content":false,"_jetpack_memberships_contains_paid_content":false,"footnotes":"","jetpack_publicize_message":"","jetpack_publicize_feature_enabled":true,"jetpack_social_post_already_shared":true,"jetpack_social_options":{"image_generator_settings":{"template":"highway","enabled":false},"version":2}},"categories":[1],"tags":[],"class_list":["post-30484","post","type-post","status-publish","format-standard","hentry","category-notas"],"jetpack_publicize_connections":[],"jetpack_sharing_enabled":true,"jetpack_featured_media_url":"","jetpack_shortlink":"https:\/\/wp.me\/p7wKYW-7VG","jetpack-related-posts":[],"_links":{"self":[{"href":"http:\/\/blogdalucianaoliveira.com.br\/blog\/wp-json\/wp\/v2\/posts\/30484","targetHints":{"allow":["GET"]}}],"collection":[{"href":"http:\/\/blogdalucianaoliveira.com.br\/blog\/wp-json\/wp\/v2\/posts"}],"about":[{"href":"http:\/\/blogdalucianaoliveira.com.br\/blog\/wp-json\/wp\/v2\/types\/post"}],"author":[{"embeddable":true,"href":"http:\/\/blogdalucianaoliveira.com.br\/blog\/wp-json\/wp\/v2\/users\/1"}],"replies":[{"embeddable":true,"href":"http:\/\/blogdalucianaoliveira.com.br\/blog\/wp-json\/wp\/v2\/comments?post=30484"}],"version-history":[{"count":1,"href":"http:\/\/blogdalucianaoliveira.com.br\/blog\/wp-json\/wp\/v2\/posts\/30484\/revisions"}],"predecessor-version":[{"id":30487,"href":"http:\/\/blogdalucianaoliveira.com.br\/blog\/wp-json\/wp\/v2\/posts\/30484\/revisions\/30487"}],"wp:attachment":[{"href":"http:\/\/blogdalucianaoliveira.com.br\/blog\/wp-json\/wp\/v2\/media?parent=30484"}],"wp:term":[{"taxonomy":"category","embeddable":true,"href":"http:\/\/blogdalucianaoliveira.com.br\/blog\/wp-json\/wp\/v2\/categories?post=30484"},{"taxonomy":"post_tag","embeddable":true,"href":"http:\/\/blogdalucianaoliveira.com.br\/blog\/wp-json\/wp\/v2\/tags?post=30484"}],"curies":[{"name":"wp","href":"https:\/\/api.w.org\/{rel}","templated":true}]}}