{"id":30492,"date":"2020-12-22T06:54:49","date_gmt":"2020-12-22T10:54:49","guid":{"rendered":"http:\/\/blogdalucianaoliveira.com.br\/blog\/?p=30492"},"modified":"2020-12-22T06:54:53","modified_gmt":"2020-12-22T10:54:53","slug":"chip-na-vacina-virar-jacare-e-outros-mitos-criam-pandemia-de-desinformacao-na-luta-contra-a-covid-19","status":"publish","type":"post","link":"http:\/\/blogdalucianaoliveira.com.br\/blog\/2020\/12\/22\/chip-na-vacina-virar-jacare-e-outros-mitos-criam-pandemia-de-desinformacao-na-luta-contra-a-covid-19\/","title":{"rendered":"Chip na vacina, \u201cvirar jacar\u00e9\u201d e outros mitos criam pandemia de desinforma\u00e7\u00e3o na luta contra a covid-19"},"content":{"rendered":"\n<figure class=\"wp-block-image size-large\"><img data-recalc-dims=\"1\" loading=\"lazy\" decoding=\"async\" width=\"600\" height=\"400\" data-attachment-id=\"30493\" data-permalink=\"http:\/\/blogdalucianaoliveira.com.br\/blog\/2020\/12\/22\/chip-na-vacina-virar-jacare-e-outros-mitos-criam-pandemia-de-desinformacao-na-luta-contra-a-covid-19\/image-13-14\/\" data-orig-file=\"https:\/\/i0.wp.com\/blogdalucianaoliveira.com.br\/blog\/wp-content\/uploads\/2020\/12\/image-13.jpeg?fit=640%2C427\" data-orig-size=\"640,427\" data-comments-opened=\"0\" data-image-meta=\"{&quot;aperture&quot;:&quot;0&quot;,&quot;credit&quot;:&quot;&quot;,&quot;camera&quot;:&quot;&quot;,&quot;caption&quot;:&quot;&quot;,&quot;created_timestamp&quot;:&quot;0&quot;,&quot;copyright&quot;:&quot;&quot;,&quot;focal_length&quot;:&quot;0&quot;,&quot;iso&quot;:&quot;0&quot;,&quot;shutter_speed&quot;:&quot;0&quot;,&quot;title&quot;:&quot;&quot;,&quot;orientation&quot;:&quot;0&quot;}\" data-image-title=\"image-13\" data-image-description=\"\" data-image-caption=\"\" data-medium-file=\"https:\/\/i0.wp.com\/blogdalucianaoliveira.com.br\/blog\/wp-content\/uploads\/2020\/12\/image-13.jpeg?fit=300%2C200\" data-large-file=\"https:\/\/i0.wp.com\/blogdalucianaoliveira.com.br\/blog\/wp-content\/uploads\/2020\/12\/image-13.jpeg?fit=600%2C400\" src=\"https:\/\/i0.wp.com\/blogdalucianaoliveira.com.br\/blog\/wp-content\/uploads\/2020\/12\/image-13.jpeg?resize=600%2C400\" alt=\"\" class=\"wp-image-30493\" srcset=\"https:\/\/i0.wp.com\/blogdalucianaoliveira.com.br\/blog\/wp-content\/uploads\/2020\/12\/image-13.jpeg?w=640 640w, https:\/\/i0.wp.com\/blogdalucianaoliveira.com.br\/blog\/wp-content\/uploads\/2020\/12\/image-13.jpeg?resize=300%2C200 300w, https:\/\/i0.wp.com\/blogdalucianaoliveira.com.br\/blog\/wp-content\/uploads\/2020\/12\/image-13.jpeg?resize=450%2C300 450w\" sizes=\"auto, (max-width: 600px) 100vw, 600px\" \/><\/figure>\n\n\n\n<p>\u201cInfodemia\u201d sobre vacinas, incentivada at\u00e9 pelo presidente Bolsonaro, cresce no pa\u00eds enquanto aumenta o total de brasileiros que n\u00e3o quer receber imunizantes. O que \u00e9 mentira e entrave \u00e0 prote\u00e7\u00e3o coletiva<\/p>\n\n\n\n<!--more-->\n\n\n\n<p><a href=\"https:\/\/brasil.elpais.com\/autor\/beatriz-juca-pinheiro\/\">BEATRIZ JUC\u00c1<\/a>, no El Pa\u00eds <\/p>\n\n\n\n<p>Seja em salas de espera de hospitais, em grupos de WhatsApp ou at\u00e9 mesmo em celebra\u00e7\u00f5es religiosas, um dos assuntos dominantes das \u00faltimas semanas \u00e9 a multiplica\u00e7\u00e3o de mitos, mentiras e teorias conspirat\u00f3rias contra as\u00a0<a rel=\"noreferrer noopener\" href=\"https:\/\/brasil.elpais.com\/noticias\/vacunas\/\" target=\"_blank\">vacinas da covid-19<\/a>. Os relatos v\u00e3o do medo da implanta\u00e7\u00e3o de um chip no c\u00e9rebro at\u00e9 a falsa possibilidade de contrair c\u00e2ncer ou HIV \u2015 tudo decorrente do turbilh\u00e3o de not\u00edcias falsas espalhadas a rodo pelo pa\u00eds, em uma verdadeira pandemia de desinforma\u00e7\u00e3o. Em uma celebra\u00e7\u00e3o religiosa em Fortaleza na \u00faltima semana, fi\u00e9is ouviram do pastor: \u201cDepois que essa subst\u00e2ncia entrar no nosso organismo vai atingir o nosso DNA\u201d. O Minist\u00e9rio P\u00fablico do Estado\u00a0<a rel=\"noreferrer noopener\" href=\"http:\/\/www.mpce.mp.br\/2020\/12\/15\/mpce-aciona-justica-e-sesa-contra-pastor-que-dissemina-fake-news-sobre-vacina-chinesa\/\" target=\"_blank\">reagiu e pediu responsabiliza\u00e7\u00e3o criminal<\/a>\u00a0do pastor. Dias depois, o discurso do\u00a0<a rel=\"noreferrer noopener\" href=\"https:\/\/brasil.elpais.com\/noticias\/jair-messias-bolsonaro\/\" target=\"_blank\">presidente Jair Bolsonaro<\/a>de que \u201cse voc\u00ea virar um jacar\u00e9, \u00e9 um problema seu\u201d se juntou a este corpo de teorias da conspira\u00e7\u00e3o que lan\u00e7am d\u00favidas na popula\u00e7\u00e3o e j\u00e1 impactam na inten\u00e7\u00e3o dos brasileiros se vacinarem \u2015 embora a ampla maioria da popula\u00e7\u00e3o diga que tomar\u00e1 a vacina, cresceu o percentual de quem n\u00e3o quer se vacinar (de\u00a0<a rel=\"noreferrer noopener\" href=\"https:\/\/www1.folha.uol.com.br\/equilibrioesaude\/2020\/12\/cresce-parcela-que-nao-quer-se-vacinar-contra-covid-19-e-maioria-descarta-imunizante-da-china.shtml\" target=\"_blank\">9% em agosto para 22% neste m\u00eas, segundo o Datafolha<\/a>). Obviamente, ningu\u00e9m se transformar\u00e1 em um r\u00e9ptil ou ter\u00e1 um chip colocado dentro de seu corpo ao tomar a vacina. No entanto, diante de tantas outras informa\u00e7\u00f5es difusas, como saber o que \u00e9 mito e quais os cuidados que devem ser de fato tomados para a vacina\u00e7\u00e3o?<\/p>\n\n\n\n<h3 class=\"wp-block-heading\">Made in China<\/h3>\n\n\n\n<p>Em meio \u00e0\u00a0<a rel=\"noreferrer noopener\" href=\"https:\/\/brasil.elpais.com\/brasil\/2020-10-24\/bolsonaro-arrasta-anvisa-para-o-centro-da-disputa-ideologica-sobre-vacinas-da-covid-19.html\" target=\"_blank\">guerra ideol\u00f3gica travada no pa\u00eds<\/a>\u00a0em torno dos imunizantes, h\u00e1 uma rejei\u00e7\u00e3o de parte da popula\u00e7\u00e3o brasileira \u00e0 Coronavac, vacina desenvolvida pelo laborat\u00f3rio\u00a0<a rel=\"noreferrer noopener\" href=\"https:\/\/brasil.elpais.com\/ciencia\/2020-09-25\/por-dentro-do-sinovac-laboratorio-chines-parceiro-do-butantan-que-esta-no-centro-da-corrida-pela-vacina.html\" target=\"_blank\">chin\u00eas Sinovac<\/a>. O pr\u00f3prio Bolsonaro afirmou h\u00e1 meses que\u00a0<a rel=\"noreferrer noopener\" href=\"https:\/\/brasil.elpais.com\/opiniao\/2020-06-27\/sinofobia-ja-e-um-fenomeno-global.html\" target=\"_blank\">n\u00e3o compraria \u201cvacinas chinesas\u201d<\/a>, mas nos \u00faltimos dias seu Governo j\u00e1 sinalizou que ir\u00e1 adquirir doses desta vacina, por meio do Instituto Butantan, que fechou contrato com a Sinovac para fabricar o imunizante em solo nacional. Parte dos argumentos dos que rejeitam a Coronavac est\u00e1 no argumento de que \u201co que vem da China n\u00e3o dura\u201d ou na\u00a0<a rel=\"noreferrer noopener\" href=\"https:\/\/brasil.elpais.com\/ciencia\/2020-04-17\/o-coronavirus-saiu-de-um-laboratorio-a-ciencia-responde-as-teorias-da-conspiracao.html\" target=\"_blank\">desconfian\u00e7a pelo novo coronav\u00edrus ter sido identificado<\/a>\u00a0inicialmente l\u00e1. Mas o fato \u00e9 que a Sa\u00fade brasileira j\u00e1 \u00e9 dependente do pa\u00eds asi\u00e1tico h\u00e1 muito tempo. \u201cTodos os rem\u00e9dios que fazemos no Brasil para doen\u00e7as end\u00eamicas t\u00eam mat\u00e9ria-prima chinesa\u201d, diz a pneumologista Margareth Dalcolmo.<\/p>\n\n\n\n<p>At\u00e9 mesmo o insumo que a Fiocruz usar\u00e1 para para produzir o imunizante desenvolvido pela brit\u00e2nica Astrazeneca \u2015 a aposta principal do Governo brasileiro \u2015 \u00e9 chin\u00eas. \u201cAs pessoas t\u00eam que entender, para acabar com esse preconceito at\u00e9 ing\u00eanuo sobre a vacina chinesa, que a China \u00e9 o maior produtor de insumos em biotecnologia no mundo. \u00c9 tudo chin\u00eas\u201d, afirmou Dalcolmo em uma&nbsp;<a href=\"https:\/\/www.youtube.com\/watch?v=F7OwHiduIl4\" target=\"_blank\" rel=\"noreferrer noopener\">entrevista ao programa Roda Viva<\/a>.<\/p>\n\n\n\n<h3 class=\"wp-block-heading\">As vacinas podem gerar efeitos colaterais?<\/h3>\n\n\n\n<p>As&nbsp;<a href=\"https:\/\/www.youtube.com\/watch?v=lBCXkVOEH-8\" target=\"_blank\" rel=\"noreferrer noopener\">declara\u00e7\u00f5es mais recentes de Bolsonaro&nbsp;<\/a>continuam auxiliando narrativas de desconfian\u00e7a sobre as vacinas \u2015 desta vez, sobre o primeiro imunizante contra a covid-19 a conseguir autoriza\u00e7\u00e3o emergencial no mundo, a da Pfizer. O presidente criticava supostas exig\u00eancias do laborat\u00f3rio, ao n\u00e3o se responsabilizar por eventuais efeitos adversos em um evento da Bahia, quando disparou: \u201cSe voc\u00ea virar um jacar\u00e9, \u00e9 problema seu\u201d. E continuou: \u201cSe voc\u00ea virar Super-Homem, se nascer barba em alguma mulher a\u00ed, ou algum homem come\u00e7ar a falar fino, eles n\u00e3o t\u00eam nada a ver isso. E, o que \u00e9 pior, mexer no sistema imunol\u00f3gico das pessoas\u201d.<\/p>\n\n\n\n<p>Os mitos levantados pelo presidente s\u00e3o claramente imposs\u00edveis de acontecerem, mas geram confus\u00e3o, especialmente diante das not\u00edcias de efeitos adversos do imunizante da Pfizer nos EUA e no Reino Unido. Mas o que aconteceu, de fato? Quatro profissionais de sa\u00fade \u2015 tr\u00eas deles com hist\u00f3rico de alergia grave \u2015 apresentaram rea\u00e7\u00e3o al\u00e9rgica ap\u00f3s tomar o imunizante. As ag\u00eancias reguladoras dos pa\u00edses ent\u00e3o agiram rapidamente e&nbsp;<a href=\"https:\/\/brasil.elpais.com\/sociedad\/2020-12-09\/reino-unido-pede-que-pacientes-com-historico-alergico-grave-evitem-tomar-vacina-da-pfizer.html\" target=\"_blank\" rel=\"noreferrer noopener\">retiraram a indica\u00e7\u00e3o apenas para este p\u00fablico<\/a>, de maneira que a vacina segue sendo distribu\u00edda e aplicada.<\/p>\n\n\n\n<p>Qualquer vacina pode, sim, apresentar rea\u00e7\u00f5es adversas em uma pequena parcela de quem a recebe, mas em geral estes efeitos costumam ser leves \u2015 como dor de cabe\u00e7a, febre e dor no local da aplica\u00e7\u00e3o. Alergias graves, por exemplo, s\u00e3o raras. Para que um imunizante seja distribu\u00eddo de forma emergencial, ele precisa demonstrar n\u00edveis de seguran\u00e7a e efic\u00e1cia rigorosos \u00e0s ag\u00eancias reguladoras. Mas o\u00a0<a rel=\"noreferrer noopener\" href=\"https:\/\/brasil.elpais.com\/internacional\/2020-12-14\/china-acelera-sua-corrida-para-ter-a-vacina.html\" target=\"_blank\">esfor\u00e7o da ci\u00eancia para desenvolver vacinas<\/a>\u00a0em tempo recorde contra o coronav\u00edrus tamb\u00e9m t\u00eam gerado muita desconfian\u00e7a. Afinal, todas as fases dos testes foram realmente cumpridas?<\/p>\n\n\n\n<h3 class=\"wp-block-heading\">Desenvolvimento r\u00e1pido n\u00e3o significa menos seguran\u00e7a<\/h3>\n\n\n\n<p>A biom\u00e9dica Mellanie Fontes-Dutra explica que o processo de&nbsp;<a href=\"https:\/\/brasil.elpais.com\/ciencia\/2020-10-20\/os-cientistas-que-criam-novos-coronavirus-infecciosos-para-salvar-vidas.html\" target=\"_blank\" rel=\"noreferrer noopener\">estudos para o desenvolvimento das vacinas contra a covid-19<\/a>&nbsp;\u00e9 bem similar ao de outras vacinas em \u00e9pocas de n\u00e3o pandemia. A celeridade de respostas vem principalmente de duas situa\u00e7\u00f5es: o maior investimento de empresas e Governos diante de uma economia mundial nocauteada pelo v\u00edrus e as pesquisas pr\u00e9vias desenvolvidas anteriormente por um imunizante contra outros tipos de coronav\u00edrus, causadores das doen\u00e7as SARS e da MERS. \u201cEsta \u00e9 a velocidade que a ci\u00eancia responde quando tem investimento\u201d, afirma Fontes-Dutra.<\/p>\n\n\n\n<p>Os resultados ainda foram acelerados e ganharam mais robustez diante da&nbsp;<a href=\"https:\/\/brasil.elpais.com\/brasil\/2020-12-14\/classe-media-sai-da-quarentena-para-os-bracos-da-covid-19-e-lota-hospitais-privados-no-brasil.html\" target=\"_blank\" rel=\"noreferrer noopener\">alta transmissibilidade do v\u00edrus<\/a>, especialmente no Brasil. \u201cIsso aumenta a frequ\u00eancia de eventos, que \u00e9 o foco da fase 3 das pesquisas, para verificar se o&nbsp;<a href=\"https:\/\/brasil.elpais.com\/ciencia\/2020-12-08\/novos-relatorios-reforcam-eficacia-e-seguranca-das-primeiras-vacinas-contra-o-coronavirus.html\" target=\"_blank\" rel=\"noreferrer noopener\">imunizante \u00e9 realmente seguro<\/a>&nbsp;e capaz de proteger as pessoas que o receberam\u201d, explica a biom\u00e9dica. Ela diz que o aval das ag\u00eancias reguladoras refor\u00e7a a seguran\u00e7a destes medicamentos, mas pondera que, at\u00e9 o momento, as vacinas contra a covid-19 foram testadas em pessoas acima de 16 anos e que \u00e9 preciso&nbsp;<a href=\"https:\/\/brasil.elpais.com\/ciencia\/2020-11-24\/as-diferencas-abismais-entre-as-vacinas-da-oxford-pfizer-moderna-a-coronavac-e-a-sputnik-v.html\" target=\"_blank\" rel=\"noreferrer noopener\">conferir a indica\u00e7\u00e3o de cada uma delas<\/a>para saber qual o p\u00fablico-alvo a que ela se destina.<\/p>\n\n\n\n<h3 class=\"wp-block-heading\">Quem j\u00e1 teve covid-19 tamb\u00e9m deve se vacinar<\/h3>\n\n\n\n<p>At\u00e9 o momento, nenhuma das vacinas \u00e9 indicada, por exemplo, para crian\u00e7as e gestantes, j\u00e1 que n\u00e3o h\u00e1 estudos espec\u00edficos para estes grupos. Mas os laborat\u00f3rios avan\u00e7am nas investiga\u00e7\u00f5es. A Pfizer, por exemplo, j\u00e1 come\u00e7ou a estudar a aplica\u00e7\u00e3o em crian\u00e7as acima de 12 anos. \u201cEm geral, os grupos [de pessoas que devem tomar a vacina] foram muito bem delineados, de acordo com idade e etnia, para termos diferentes fundos gen\u00e9ticos. A vacina \u00e9 bastante segura e bem tolerada. O risco de eventos adversos mais severos \u00e9 muito baixo\u201d, explica Fontes-Dutra.<\/p>\n\n\n\n<p>O presidente Bolsonaro j\u00e1 disse que n\u00e3o se vacinaria porque tem anticorpos, mas o pr\u00f3prio Minist\u00e9rio da Sa\u00fade do seu Governo indica que pessoas que j\u00e1 tiveram a doen\u00e7a devem tomar o imunizante \u2015 desde que n\u00e3o esteja com a infec\u00e7\u00e3o pelo coronav\u00edrus ativa. A ci\u00eancia ainda n\u00e3o consegue responder por&nbsp;<a href=\"https:\/\/brasil.elpais.com\/brasil\/2020-12-14\/nao-imaginei-que-teria-covid-19-pela-segunda-vez-ate-que-ponto-adquirir-o-virus-imuniza-questiona-medica.html\" target=\"_blank\" rel=\"noreferrer noopener\">quanto tempo dura a prote\u00e7\u00e3o<\/a>&nbsp;de quem desenvolveu anticorpos. Mesmo no caso das vacinas, este dado s\u00f3 vir\u00e1 com a observa\u00e7\u00e3o nos grupos vacinados.<\/p>\n\n\n\n<h3 class=\"wp-block-heading\">\u00c9 mentira que a vacina pode alterar o DNA humano<\/h3>\n\n\n\n<p>As primeiras vacinas na imin\u00eancia de serem aprovadas em ag\u00eancias internacionais s\u00e3o de uma tecnologia nova, que&nbsp;<a href=\"https:\/\/brasil.elpais.com\/ciencia\/2020-12-18\/rna-a-molecula-que-pode-nos-tirar-desta-pandemia.html\" target=\"_blank\" rel=\"noreferrer noopener\">usa o chamado RNA mensageiro<\/a>&nbsp;para proteger contra a covid-19. \u00c9 o caso, por exemplo, dos imunizantes da Pfizer e da Moderna. N\u00e3o demorou para surgirem teorias de que elas poderiam alterar o DNA humano.<\/p>\n\n\n\n<p>\u201cIsso n\u00e3o \u00e9 poss\u00edvel\u201d, explica Fontes-Dutra. Este tipo de vacina emprega o RNA mensageiro como forma de ajudar na produ\u00e7\u00e3o de uma prote\u00edna. Mas estas prote\u00ednas s\u00e3o fabricadas em uma regi\u00e3o das c\u00e9lulas humanas distante e muito diferente do n\u00facleo, que \u00e9 onde est\u00e1 o material gen\u00e9tico. \u201c\u00c9 como se o n\u00facleo fosse uma fortaleza e permitisse apenas a entrada de coisas muito espec\u00edficas ali. N\u00e3o tem como este RNA entrar no n\u00facleo para interagir com o DNA\u201d, explica a biom\u00e9dica. Ap\u00f3s a produ\u00e7\u00e3o da prote\u00edna, o RNA da vacina \u00e9 destru\u00eddo.<\/p>\n\n\n\n<h3 class=\"wp-block-heading\">H\u00e1 risco de contrair c\u00e2ncer ou HIV pela vacina?<\/h3>\n\n\n\n<p>Outro mito criado em torno das vacinas \u00e9 que elas poderiam causar c\u00e2ncer ou at\u00e9 transmitir&nbsp;<a href=\"https:\/\/brasil.elpais.com\/ciencia\/2020-12-01\/licoes-do-hiv-para-a-covid-19.html\" target=\"_blank\" rel=\"noreferrer noopener\">HIV<\/a>. No entanto, nenhum dos imunizantes contra a covid-19 em est\u00e1gio avan\u00e7ado de desenvolvimento usa o v\u00edrus HIV. Tampouco foi observada at\u00e9 o momento qualquer rela\u00e7\u00e3o causal entre a aplica\u00e7\u00e3o da vacina e o desenvolvimento de tumores. \u201cN\u00e3o faz sentido e n\u00e3o se sustenta esta preocupa\u00e7\u00e3o. O que pode ter acontecido \u00e9 uma associa\u00e7\u00e3o temporal, sem rela\u00e7\u00e3o de causa e consequ\u00eancia com o imunizante\u201d, afirma Fontes-Dutra \u2015 ou seja, algu\u00e9m ter desenvolvido um tumor enquanto tomava a vacina, mas sem rela\u00e7\u00e3o entre as duas coisas.<\/p>\n\n\n\n<p>Segundo ela, os medicamentos apresentados at\u00e9 agora t\u00eam bom perfil de seguran\u00e7a, de maneira que preocupa\u00e7\u00f5es como estas n\u00e3o se justificam. \u201cAs pessoas t\u00eam receio pelos&nbsp;<a href=\"https:\/\/brasil.elpais.com\/ciencia\/2020-06-04\/movimento-antivacina-cresce-em-meio-a-pandemia.html\" target=\"_blank\" rel=\"noreferrer noopener\">movimentos antivacina<\/a>, mas quando a gente olha, as doen\u00e7as que dizem que est\u00e3o associadas n\u00e3o t\u00eam rela\u00e7\u00e3o de causa e consequ\u00eancia\u201d, aponta.<\/p>\n\n\n\n<p>Narrativas e fake news como estas, diz a pesquisadora,&nbsp;<a href=\"https:\/\/brasil.elpais.com\/brasil\/2020-11-17\/o-risco-de-um-remake-da-revolta-da-vacina.html\" target=\"_blank\" rel=\"noreferrer noopener\">s\u00e3o muito perigosas<\/a>, especialmente em um momento em que o pa\u00eds vive a maior crise sanit\u00e1ria do s\u00e9culo e j\u00e1 acumula mais de 184.000 mortes pela covid-19. No plano de vacina\u00e7\u00e3o apresentado na \u00faltima semana, o Minist\u00e9rio da Sa\u00fade estima que 70% da popula\u00e7\u00e3o brasileira precisar\u00e1 ser vacinada contra a covid-19 para uma imuniza\u00e7\u00e3o coletiva. \u201cVivemos uma infodemia, e a gente v\u00ea isso n\u00e3o s\u00f3 com a vacina contra a covid-19, mas nas coberturas vacinais desde 2018. Existe uma queda muito importante na cobertura de v\u00e1rias vacinas j\u00e1 aprovadas e distribu\u00eddas no SUS. \u00c9 muito perigoso\u201d, diz Fontes-Dutra. A&nbsp;<a href=\"https:\/\/brasil.elpais.com\/internacional\/2020-12-15\/as-vacinas-nao-vao-deter-milagrosamente-a-pandemia-mas-se-nao-apostarmos-nelas-que-alternativas-temos.html\" target=\"_blank\" rel=\"noreferrer noopener\">vacina n\u00e3o \u00e9 uma solu\u00e7\u00e3o m\u00e1gica<\/a>&nbsp;para a pandemia, mas \u00e9 uma arma crucial que o mundo come\u00e7a a dispor para cont\u00ea-la &#8211; e que n\u00e3o pode ser inutilizada por mentiras.<\/p>\n","protected":false},"excerpt":{"rendered":"<p>\u201cInfodemia\u201d sobre vacinas, incentivada at\u00e9 pelo presidente Bolsonaro, cresce no pa\u00eds enquanto aumenta o total de brasileiros que n\u00e3o quer receber imunizantes. O que \u00e9 mentira e entrave \u00e0 prote\u00e7\u00e3o coletiva<\/p>\n","protected":false},"author":1,"featured_media":0,"comment_status":"closed","ping_status":"open","sticky":false,"template":"","format":"standard","meta":{"_exactmetrics_skip_tracking":false,"_exactmetrics_sitenote_active":false,"_exactmetrics_sitenote_note":"","_exactmetrics_sitenote_category":0,"jetpack_post_was_ever_published":false,"_jetpack_newsletter_access":"","_jetpack_dont_email_post_to_subs":false,"_jetpack_newsletter_tier_id":0,"_jetpack_memberships_contains_paywalled_content":false,"_jetpack_memberships_contains_paid_content":false,"footnotes":"","jetpack_publicize_message":"","jetpack_publicize_feature_enabled":true,"jetpack_social_post_already_shared":true,"jetpack_social_options":{"image_generator_settings":{"template":"highway","enabled":false},"version":2}},"categories":[1],"tags":[],"class_list":["post-30492","post","type-post","status-publish","format-standard","hentry","category-notas"],"jetpack_publicize_connections":[],"jetpack_sharing_enabled":true,"jetpack_featured_media_url":"","jetpack_shortlink":"https:\/\/wp.me\/p7wKYW-7VO","jetpack-related-posts":[],"_links":{"self":[{"href":"http:\/\/blogdalucianaoliveira.com.br\/blog\/wp-json\/wp\/v2\/posts\/30492","targetHints":{"allow":["GET"]}}],"collection":[{"href":"http:\/\/blogdalucianaoliveira.com.br\/blog\/wp-json\/wp\/v2\/posts"}],"about":[{"href":"http:\/\/blogdalucianaoliveira.com.br\/blog\/wp-json\/wp\/v2\/types\/post"}],"author":[{"embeddable":true,"href":"http:\/\/blogdalucianaoliveira.com.br\/blog\/wp-json\/wp\/v2\/users\/1"}],"replies":[{"embeddable":true,"href":"http:\/\/blogdalucianaoliveira.com.br\/blog\/wp-json\/wp\/v2\/comments?post=30492"}],"version-history":[{"count":1,"href":"http:\/\/blogdalucianaoliveira.com.br\/blog\/wp-json\/wp\/v2\/posts\/30492\/revisions"}],"predecessor-version":[{"id":30494,"href":"http:\/\/blogdalucianaoliveira.com.br\/blog\/wp-json\/wp\/v2\/posts\/30492\/revisions\/30494"}],"wp:attachment":[{"href":"http:\/\/blogdalucianaoliveira.com.br\/blog\/wp-json\/wp\/v2\/media?parent=30492"}],"wp:term":[{"taxonomy":"category","embeddable":true,"href":"http:\/\/blogdalucianaoliveira.com.br\/blog\/wp-json\/wp\/v2\/categories?post=30492"},{"taxonomy":"post_tag","embeddable":true,"href":"http:\/\/blogdalucianaoliveira.com.br\/blog\/wp-json\/wp\/v2\/tags?post=30492"}],"curies":[{"name":"wp","href":"https:\/\/api.w.org\/{rel}","templated":true}]}}