{"id":30495,"date":"2020-12-23T05:09:58","date_gmt":"2020-12-23T09:09:58","guid":{"rendered":"http:\/\/blogdalucianaoliveira.com.br\/blog\/?p=30495"},"modified":"2020-12-23T05:10:02","modified_gmt":"2020-12-23T09:10:02","slug":"stf-pede-a-fiocruz-para-reservar-doses-de-vacina-para-7-mil-servidores","status":"publish","type":"post","link":"http:\/\/blogdalucianaoliveira.com.br\/blog\/2020\/12\/23\/stf-pede-a-fiocruz-para-reservar-doses-de-vacina-para-7-mil-servidores\/","title":{"rendered":"STF pede a Fiocruz para &#8216;reservar&#8217; doses de vacina para 7 mil servidores"},"content":{"rendered":"\n<figure class=\"wp-block-image size-large\"><img data-recalc-dims=\"1\" loading=\"lazy\" decoding=\"async\" width=\"600\" height=\"324\" data-attachment-id=\"30496\" data-permalink=\"http:\/\/blogdalucianaoliveira.com.br\/blog\/2020\/12\/23\/stf-pede-a-fiocruz-para-reservar-doses-de-vacina-para-7-mil-servidores\/84a54b65-5494-4c92-a5f5-75336197f1b8\/\" data-orig-file=\"https:\/\/i0.wp.com\/blogdalucianaoliveira.com.br\/blog\/wp-content\/uploads\/2020\/12\/84A54B65-5494-4C92-A5F5-75336197F1B8.jpeg?fit=753%2C407\" data-orig-size=\"753,407\" data-comments-opened=\"0\" data-image-meta=\"{&quot;aperture&quot;:&quot;0&quot;,&quot;credit&quot;:&quot;&quot;,&quot;camera&quot;:&quot;&quot;,&quot;caption&quot;:&quot;&quot;,&quot;created_timestamp&quot;:&quot;0&quot;,&quot;copyright&quot;:&quot;&quot;,&quot;focal_length&quot;:&quot;0&quot;,&quot;iso&quot;:&quot;0&quot;,&quot;shutter_speed&quot;:&quot;0&quot;,&quot;title&quot;:&quot;&quot;,&quot;orientation&quot;:&quot;0&quot;}\" data-image-title=\"84A54B65-5494-4C92-A5F5-75336197F1B8\" data-image-description=\"\" data-image-caption=\"\" data-medium-file=\"https:\/\/i0.wp.com\/blogdalucianaoliveira.com.br\/blog\/wp-content\/uploads\/2020\/12\/84A54B65-5494-4C92-A5F5-75336197F1B8.jpeg?fit=300%2C162\" data-large-file=\"https:\/\/i0.wp.com\/blogdalucianaoliveira.com.br\/blog\/wp-content\/uploads\/2020\/12\/84A54B65-5494-4C92-A5F5-75336197F1B8.jpeg?fit=600%2C324\" src=\"https:\/\/i0.wp.com\/blogdalucianaoliveira.com.br\/blog\/wp-content\/uploads\/2020\/12\/84A54B65-5494-4C92-A5F5-75336197F1B8.jpeg?resize=600%2C324\" alt=\"\" class=\"wp-image-30496\" srcset=\"https:\/\/i0.wp.com\/blogdalucianaoliveira.com.br\/blog\/wp-content\/uploads\/2020\/12\/84A54B65-5494-4C92-A5F5-75336197F1B8.jpeg?w=753 753w, https:\/\/i0.wp.com\/blogdalucianaoliveira.com.br\/blog\/wp-content\/uploads\/2020\/12\/84A54B65-5494-4C92-A5F5-75336197F1B8.jpeg?resize=300%2C162 300w, https:\/\/i0.wp.com\/blogdalucianaoliveira.com.br\/blog\/wp-content\/uploads\/2020\/12\/84A54B65-5494-4C92-A5F5-75336197F1B8.jpeg?resize=555%2C300 555w\" sizes=\"auto, (max-width: 600px) 100vw, 600px\" \/><\/figure>\n\n\n\n<h4 class=\"wp-block-heading\">Fiocruz informou \u00e0 reportagem que a produ\u00e7\u00e3o de imunizantes ser\u00e1 \u2018integralmente destinada\u2019 ao Minist\u00e9rio da Sa\u00fade. Pedido semelhante feito pelo STJ j\u00e1 foi negado<\/h4>\n\n\n\n<!--more-->\n\n\n\n<p>Rafael Moraes Moura, O Estado de S.Paulo<\/p>\n\n\n\n<p>BRAS\u00cdLIA &#8211;&nbsp;Na corrida pela imuniza\u00e7\u00e3o contra o&nbsp;<a href=\"http:\/\/tudo-sobre.estadao.com.br\/coronavirus\"><strong>novo coronav\u00edrus<\/strong><\/a>, o&nbsp;<a href=\"http:\/\/tudo-sobre.estadao.com.br\/stf\"><strong>Supremo Tribunal Federal<\/strong><\/a>&nbsp;(STF) e o&nbsp;<a href=\"https:\/\/tudo-sobre.estadao.com.br\/stj-superior-tribunal-de-justica\"><strong>Superior Tribunal de Justi\u00e7a<\/strong><\/a>&nbsp;(STJ) procuraram a&nbsp;<a href=\"https:\/\/tudo-sobre.estadao.com.br\/fiocruz\"><strong>Fiocruz&nbsp;<\/strong><\/a>para acertar a \u2018reserva\u2019 de vacinas, o que permitiria que os tribunais fizessem as suas pr\u00f3prias campanhas de sa\u00fade. No caso do STF, o pedido foi para \u201cverificar a possibilidade de reserva de doses\u201d para 7 mil pessoas, entre ministros, servidores e colaboradores. A Fiocruz deve enviar a resposta ao Supremo nesta quarta-feira (23).&nbsp;&nbsp;<\/p>\n\n\n\n<p>Um pedido similar, feito pelo Superior Tribunal de Justi\u00e7a (STJ), j\u00e1 foi negado pela institui\u00e7\u00e3o. A Fiocruz informou \u00e0 reportagem que n\u00e3o cabe \u00e0 funda\u00e7\u00e3o \u201catender a qualquer demanda espec\u00edfica\u201d.<\/p>\n\n\n\n<p>Em of\u00edcio obtido pelo&nbsp;<strong>Estad\u00e3o<\/strong>, o STF afirma que a reserva das doses possibilitar\u00e1 o cumprimento de dois objetivos: imunizar o maior n\u00famero poss\u00edvel de trabalhadores do STF e do&nbsp;<a href=\"https:\/\/tudo-sobre.estadao.com.br\/cnj-conselho-nacional-de-justica\"><strong>Conselho Nacional de Justi\u00e7a<\/strong><\/a>&nbsp;(CNJ) e \u201ccontribuir com o Pa\u00eds nesse momento t\u00e3o cr\u00edtico da nossa Hist\u00f3ria\u201d, ajudando a acelerar o processo de imuniza\u00e7\u00e3o dos brasileiros.&nbsp;<\/p>\n\n\n\n<p>A medida, segundo o documento do STF, \u201cpermitir\u00e1 a destina\u00e7\u00e3o de equipamentos p\u00fablicos de sa\u00fade para outras pessoas, colaborando assim com a Pol\u00edtica Nacional de Imuniza\u00e7\u00e3o\u201d.&nbsp;<\/p>\n\n\n\n<p>&#8220;Considerando se tratar de um produto novo e ainda n\u00e3o autorizado pela Anvisa, gostaria de verificar a possibilidade de reserva de doses da vacina contra o novo coronav\u00edrus para atender a demanda de 7.000 (sete mil) pessoas&#8221;, escreveu o diretor-geral do STF,&nbsp;<strong>Edmundo Veras dos Santos Filho<\/strong>, em documento assinado no dia 30 de novembro.&nbsp;<\/p>\n\n\n\n<p>\u201cInformo que a Secretaria de Servi\u00e7os Integrados de Sa\u00fade &#8211; SIS ficar\u00e1 respons\u00e1vel pela realiza\u00e7\u00e3o da campanha de vacina\u00e7\u00e3o e, caso seja poss\u00edvel o fornecimento, esta secretaria enviar\u00e1 um servidor para a retirada das vacinas nas depend\u00eancias da Fiocruz\u201d, acrescentou.<\/p>\n\n\n\n<p>Procurado pela reportagem, o STF informou que mant\u00e9m uma pol\u00edtica de promo\u00e7\u00e3o da sa\u00fade e que realiza a\u00e7\u00f5es anuais de vacina\u00e7\u00e3o desde 1999.&nbsp;&nbsp;<\/p>\n\n\n\n<p>\u201cA inten\u00e7\u00e3o n\u00e3o \u00e9 se antecipar ao plano nacional de imuniza\u00e7\u00e3o, mas sim dar sequ\u00eancia \u00e0 pol\u00edtica supramencionada, preparando-se tempestivamente para a imuniza\u00e7\u00e3o de seus trabalhadores. Al\u00e9m disso, tais a\u00e7\u00f5es tamb\u00e9m contribuem com o pa\u00eds, pois permitem a utiliza\u00e7\u00e3o dos recursos humanos e materiais dispon\u00edveis no Tribunal para ajudar a desafogar outras estruturas de sa\u00fade e acelerar o processo de imuniza\u00e7\u00e3o da popula\u00e7\u00e3o\u201d, alegou o Supremo.&nbsp;<\/p>\n\n\n\n<p>De acordo com o STF, &#8220;como se trata de produto que aguarda aprova\u00e7\u00e3o pelos \u00f3rg\u00e3os competentes&#8221;, ainda n\u00e3o h\u00e1 uma previs\u00e3o exata de gastos. &#8220;Tamb\u00e9m existem outras op\u00e7\u00f5es de fornecimento, e a decis\u00e3o final considerar\u00e1 o custo total, que pode ser inclusive inexistente, como j\u00e1 ocorreu no caso de campanhas de vacina\u00e7\u00e3o anteriores\u201d, observou o STF.&nbsp;<\/p>\n\n\n\n<h3 class=\"wp-block-heading\">Repercuss\u00e3o<\/h3>\n\n\n\n<p>Desde mar\u00e7o, o avan\u00e7o da pandemia no Pa\u00eds imp\u00f4s uma s\u00e9rie de mudan\u00e7as na din\u00e2mica do Poder Judici\u00e1rio, que trocou as sess\u00f5es presenciais por videoconfer\u00eancias. Nos tribunais superiores, a maioria dos magistrados possui mais de 60 anos, pertencendo justamente a uma das faixas et\u00e1rias mais vulner\u00e1veis aos efeitos da doen\u00e7a.\u00a0<br><\/p>\n\n\n\n<p>Pelo menos quatro ministros do STF j\u00e1 foram infectados pela covid-19:&nbsp;<a href=\"https:\/\/tudo-sobre.estadao.com.br\/C%C3%A1rmen%20L%C3%BAcia\"><strong>C\u00e1rmen L\u00facia<\/strong><\/a>,&nbsp;<a href=\"https:\/\/tudo-sobre.estadao.com.br\/Alexandre%20de%20Moraes\"><strong>Alexandre de Moraes<\/strong><\/a>,&nbsp;<a href=\"https:\/\/tudo-sobre.estadao.com.br\/Dias%20Toffoli\"><strong>Dias Toffoli<\/strong><\/a>&nbsp;e o presidente da Corte,&nbsp;<a href=\"https:\/\/tudo-sobre.estadao.com.br\/Luiz%20Fux\"><strong>Luiz Fux<\/strong><\/a>. No STJ, contra\u00edram a doen\u00e7a os ministros&nbsp;<a href=\"https:\/\/tudo-sobre.estadao.com.br\/Luis%20Felipe%20Salom%C3%A3o\"><strong>Luis Felipe Salom\u00e3o<\/strong><\/a>,&nbsp;<strong>Antonio Saldanha<\/strong>,&nbsp;<strong>Benedito Gon\u00e7alves<\/strong>&nbsp;e&nbsp;<strong>Jo\u00e3o Ot\u00e1vio de Noronha<\/strong>.&nbsp;&nbsp;<\/p>\n\n\n\n<p>De acordo com a assessoria do STJ, ao procurar a Fiocruz, o tribunal \u201cpediu a reserva de doses por se tratar de produto novo, ainda n\u00e3o autorizado definitivamente pela ag\u00eancia reguladora, pois h\u00e1 expectativa de grande demanda \u00e0 rede privada, quando houver a disponibilidade\u201d.&nbsp;<\/p>\n\n\n\n<p>\u201c(O pedido) Est\u00e1 diretamente ligado ao assunto da quantidade \u00e0 Secretaria de Sa\u00fade. A nossa inten\u00e7\u00e3o inicialmente era de se habilitar junto aos laborat\u00f3rios para adquirir por compras as vacinas\u201d, disse ao Estad\u00e3o o presidente do STJ, Humberto Martins. \u201cSem furar fila e dentro dos mesmos crit\u00e9rios do STF!\u201d, acrescentou.&nbsp;<\/p>\n\n\n\n<p>O pedido do STJ, j\u00e1 recusado pela Fiocruz, dividiu integrantes do tribunal ouvidos pela reportagem. Um ministro, que pediu para n\u00e3o ser identificado, disse que o ideal \u00e9 seguir a ordem que for estabelecida para todos os brasileiros e alertou para o risco de servidores mais jovens, que n\u00e3o est\u00e3o entre os grupos priorit\u00e1rios, receberem o mesmo tratamento daqueles mais idosos.<\/p>\n\n\n\n<p>Um outro magistrado apontou que o pedido poderia soar como um privil\u00e9gio, lembrando a ofensiva de um grupo de promotores de S\u00e3o Paulo, que pediu prioridade \u00e0 categoria na vacina\u00e7\u00e3o. Para um terceiro ministro, n\u00e3o h\u00e1 nada de mais no of\u00edcio.&nbsp;<\/p>\n\n\n\n<p>Demanda. Procurada pela reportagem, a Fiocruz informou que, \u201ccomo uma institui\u00e7\u00e3o estrat\u00e9gica do Estado brasileiro, visa garantir a produ\u00e7\u00e3o nacional da vacina contra a covid-19 para a popula\u00e7\u00e3o brasileira, pelo&nbsp;<a href=\"http:\/\/tudo-sobre.estadao.com.br\/sus\"><strong>SUS<\/strong><\/a>, e atender \u00e0 demanda do&nbsp;<strong>Programa Nacional de Imuniza\u00e7\u00e3o<\/strong>&nbsp;(PNI)\u201d.&nbsp;&nbsp;<\/p>\n\n\n\n<p>\u201cA produ\u00e7\u00e3o dessas vacinas ser\u00e1, portanto, integralmente destinada ao Minist\u00e9rio da Sa\u00fade, n\u00e3o cabendo \u00e0 funda\u00e7\u00e3o atender a qualquer demanda espec\u00edfica por vacinas\u201d, alegou a Fiocruz.&nbsp;<\/p>\n\n\n\n<p>Ao participar de audi\u00eancia no Senado, na semana passada, o ministro da Sa\u00fade,&nbsp;<a href=\"http:\/\/tudo-sobre.estadao.com.br\/eduardo-pazuello\"><strong>Eduardo Pazuello<\/strong><\/a>, disse que o governo federal prev\u00ea receber 24,5 milh\u00f5es de doses de vacinas em janeiro. Na ocasi\u00e3o, Pazuello afirmou que a Fiocruz deve entregar mais de 200 milh\u00f5es de doses da vacina de&nbsp;<a href=\"http:\/\/tudo-sobre.estadao.com.br\/oxford\"><strong>Oxford<\/strong><\/a>\/<a href=\"http:\/\/tudo-sobre.estadao.com.br\/astrazeneca\"><strong>AstraZeneca&nbsp;<\/strong><\/a>em 2021.<\/p>\n","protected":false},"excerpt":{"rendered":"<p>Fiocruz informou \u00e0 reportagem que a produ\u00e7\u00e3o de imunizantes ser\u00e1 \u2018integralmente destinada\u2019 ao Minist\u00e9rio da Sa\u00fade. Pedido semelhante feito pelo STJ j\u00e1 foi negado<\/p>\n","protected":false},"author":1,"featured_media":0,"comment_status":"closed","ping_status":"open","sticky":false,"template":"","format":"standard","meta":{"_exactmetrics_skip_tracking":false,"_exactmetrics_sitenote_active":false,"_exactmetrics_sitenote_note":"","_exactmetrics_sitenote_category":0,"jetpack_post_was_ever_published":false,"_jetpack_newsletter_access":"","_jetpack_dont_email_post_to_subs":false,"_jetpack_newsletter_tier_id":0,"_jetpack_memberships_contains_paywalled_content":false,"_jetpack_memberships_contains_paid_content":false,"footnotes":"","jetpack_publicize_message":"","jetpack_publicize_feature_enabled":true,"jetpack_social_post_already_shared":true,"jetpack_social_options":{"image_generator_settings":{"template":"highway","enabled":false},"version":2}},"categories":[1],"tags":[],"class_list":["post-30495","post","type-post","status-publish","format-standard","hentry","category-notas"],"jetpack_publicize_connections":[],"jetpack_sharing_enabled":true,"jetpack_featured_media_url":"","jetpack_shortlink":"https:\/\/wp.me\/p7wKYW-7VR","jetpack-related-posts":[],"_links":{"self":[{"href":"http:\/\/blogdalucianaoliveira.com.br\/blog\/wp-json\/wp\/v2\/posts\/30495","targetHints":{"allow":["GET"]}}],"collection":[{"href":"http:\/\/blogdalucianaoliveira.com.br\/blog\/wp-json\/wp\/v2\/posts"}],"about":[{"href":"http:\/\/blogdalucianaoliveira.com.br\/blog\/wp-json\/wp\/v2\/types\/post"}],"author":[{"embeddable":true,"href":"http:\/\/blogdalucianaoliveira.com.br\/blog\/wp-json\/wp\/v2\/users\/1"}],"replies":[{"embeddable":true,"href":"http:\/\/blogdalucianaoliveira.com.br\/blog\/wp-json\/wp\/v2\/comments?post=30495"}],"version-history":[{"count":1,"href":"http:\/\/blogdalucianaoliveira.com.br\/blog\/wp-json\/wp\/v2\/posts\/30495\/revisions"}],"predecessor-version":[{"id":30497,"href":"http:\/\/blogdalucianaoliveira.com.br\/blog\/wp-json\/wp\/v2\/posts\/30495\/revisions\/30497"}],"wp:attachment":[{"href":"http:\/\/blogdalucianaoliveira.com.br\/blog\/wp-json\/wp\/v2\/media?parent=30495"}],"wp:term":[{"taxonomy":"category","embeddable":true,"href":"http:\/\/blogdalucianaoliveira.com.br\/blog\/wp-json\/wp\/v2\/categories?post=30495"},{"taxonomy":"post_tag","embeddable":true,"href":"http:\/\/blogdalucianaoliveira.com.br\/blog\/wp-json\/wp\/v2\/tags?post=30495"}],"curies":[{"name":"wp","href":"https:\/\/api.w.org\/{rel}","templated":true}]}}