{"id":30499,"date":"2020-12-23T17:11:28","date_gmt":"2020-12-23T21:11:28","guid":{"rendered":"http:\/\/blogdalucianaoliveira.com.br\/blog\/?p=30499"},"modified":"2020-12-23T17:11:31","modified_gmt":"2020-12-23T21:11:31","slug":"o-papa-francisco-santifica-dom-helder-aquele-que-chamavam-comunista","status":"publish","type":"post","link":"http:\/\/blogdalucianaoliveira.com.br\/blog\/2020\/12\/23\/o-papa-francisco-santifica-dom-helder-aquele-que-chamavam-comunista\/","title":{"rendered":"O Papa Francisco \u201csantifica\u201d Dom Helder, aquele que chamavam \u201ccomunista\u201d"},"content":{"rendered":"\n<figure class=\"wp-block-image size-large\"><img data-recalc-dims=\"1\" loading=\"lazy\" decoding=\"async\" width=\"387\" height=\"130\" data-attachment-id=\"30500\" data-permalink=\"http:\/\/blogdalucianaoliveira.com.br\/blog\/2020\/12\/23\/o-papa-francisco-santifica-dom-helder-aquele-que-chamavam-comunista\/image-14-14\/\" data-orig-file=\"https:\/\/i0.wp.com\/blogdalucianaoliveira.com.br\/blog\/wp-content\/uploads\/2020\/12\/image-14.jpeg?fit=387%2C130\" data-orig-size=\"387,130\" data-comments-opened=\"0\" data-image-meta=\"{&quot;aperture&quot;:&quot;0&quot;,&quot;credit&quot;:&quot;&quot;,&quot;camera&quot;:&quot;&quot;,&quot;caption&quot;:&quot;&quot;,&quot;created_timestamp&quot;:&quot;0&quot;,&quot;copyright&quot;:&quot;&quot;,&quot;focal_length&quot;:&quot;0&quot;,&quot;iso&quot;:&quot;0&quot;,&quot;shutter_speed&quot;:&quot;0&quot;,&quot;title&quot;:&quot;&quot;,&quot;orientation&quot;:&quot;0&quot;}\" data-image-title=\"image-14\" data-image-description=\"\" data-image-caption=\"\" data-medium-file=\"https:\/\/i0.wp.com\/blogdalucianaoliveira.com.br\/blog\/wp-content\/uploads\/2020\/12\/image-14.jpeg?fit=300%2C101\" data-large-file=\"https:\/\/i0.wp.com\/blogdalucianaoliveira.com.br\/blog\/wp-content\/uploads\/2020\/12\/image-14.jpeg?fit=387%2C130\" src=\"https:\/\/i0.wp.com\/blogdalucianaoliveira.com.br\/blog\/wp-content\/uploads\/2020\/12\/image-14.jpeg?resize=387%2C130\" alt=\"O Papa Francisco \u201csantifica\u201d Dom Helder, aquele que chamavam \u201ccomunista\u201d -  Instituto Humanitas Unisinos - IHU\" class=\"wp-image-30500\" srcset=\"https:\/\/i0.wp.com\/blogdalucianaoliveira.com.br\/blog\/wp-content\/uploads\/2020\/12\/image-14.jpeg?w=387 387w, https:\/\/i0.wp.com\/blogdalucianaoliveira.com.br\/blog\/wp-content\/uploads\/2020\/12\/image-14.jpeg?resize=300%2C101 300w\" sizes=\"auto, (max-width: 387px) 100vw, 387px\" \/><\/figure>\n\n\n\n<p>Ficar do lado dos&nbsp;<a href=\"http:\/\/www.ihu.unisinos.br\/78-noticias\/573775-papa-francisco-os-pobres-sao-o-nosso-passaporte-para-o-paraiso\" target=\"_blank\" rel=\"noreferrer noopener\">mais pobres<\/a>, daqueles com que ningu\u00e9m quer ficar, \u00e9 algo que nos santifica, mas que tamb\u00e9m nos coloca na mira dos donos do sistema que controla uma economia que mata. Ao longo da hist\u00f3ria foram muitos os homens e mulheres que foram crucificados por ter essa atitude. Podemos dizer que o&nbsp;<strong>Papa Francisco<\/strong>, desde o in\u00edcio do seu pontificado escolheu o lado dos pobres e daqueles que sempre se posicionaram do lado dos que n\u00e3o contam.<\/p>\n\n\n\n<!--more-->\n\n\n\n<p>No Humanitas Unisinos. A reportagem \u00e9 de\u00a0<a rel=\"noreferrer noopener\" href=\"http:\/\/www.ihu.unisinos.br\/78-noticias\/605365-nos-como-sociedade-nao-sabemos-mais-onde-estamos-afirma-dom-leonardo-steiner-em-festa-da-padroeira-de-manaus\" target=\"_blank\">Luis Miguel Modino<\/a>.<\/p>\n\n\n\n<p>No&nbsp;<a href=\"http:\/\/www.ihu.unisinos.br\/605756-o-flagelo-da-pandemia-um-teste-e-uma-grande-ocasiao-para-nos-convertermos-e-recuperarmos-a-autenticidade-constata-o-papa-francisco\" target=\"_blank\" rel=\"noreferrer noopener\"><strong>Discurso \u00e0 C\u00faria Romana para as Felicita\u00e7\u00f5es de Natal<\/strong><\/a>, pronunciado nesta segunda-feira, 21 de dezembro de 2020, que tradicionalmente tem sido uma oportunidade para nos mostrar a dimens\u00e3o prof\u00e9tica de um&nbsp;<strong>Papa<\/strong>&nbsp;que n\u00e3o duvida em denunciar os pecados da Igreja,&nbsp;<strong>Francisco<\/strong>&nbsp;refletia de novo sobre a import\u00e2ncia do pobre na vida daquele que quer caminhar com Deus. Em suas palavras, ele afirmava que \u201cs\u00f3 conhece verdadeiramente a Deus quem acolhe o pobre que vem de baixo com a sua mis\u00e9ria e que, precisamente nestas vestes, \u00e9 enviado do Alto; n\u00e3o podemos ver o rosto de Deus, mas podemos experiment\u00e1-lo ao olhar para n\u00f3s quando honramos o rosto do pr\u00f3ximo, do outro que nos ocupa com as suas necessidades\u201d.<\/p>\n\n\n\n<p>Algu\u00e9m que se posicionou em favor do cuidado e da defesa dos mais pobres foi&nbsp;<a href=\"http:\/\/www.ihuonline.unisinos.br\/artigo\/5376-nelson-piletti\" target=\"_blank\" rel=\"noreferrer noopener\">Dom Helder C\u00e2mara<\/a>, um dos bispos mais destacados da&nbsp;<a href=\"http:\/\/www.ihu.unisinos.br\/entrevistas\/41667-a-igreja-catolica-encontrou-o-seu-papel-no-seculo-xx-a-atualidade-do-vaticano-ii-entrevista-especial-com-rodrigo-coppe\" target=\"_blank\" rel=\"noreferrer noopener\">Igreja do Brasil no s\u00e9culo XX<\/a>. Lembrando que \u201c<a href=\"http:\/\/www.ihu.unisinos.br\/78-noticias\/604689-os-pobres-estao-no-centro-do-evangelho-e-preciso-ter-a-coragem-do-amor-afirma-o-papa-francisco-na-jornada-mundial-dos-pobres\" target=\"_blank\" rel=\"noreferrer noopener\">os pobres s\u00e3o o centro do Evangelho<\/a>\u201d, o&nbsp;<strong>Papa Francisco<\/strong>&nbsp;recordava, sem citar o nome, as palavras daquele de quem tem sido iniciado seu processo de canoniza\u00e7\u00e3o, mas que no cora\u00e7\u00e3o do povo e do&nbsp;<strong>Papa<\/strong>, ele \u00e9 santo: \u201crecordo o que dizia aquele santo bispo brasileiro: \u201cQuando me ocupo dos pobres, dizem de mim que sou um santo; mas, quando me pergunto e lhes pergunto: \u2018Por que tanta pobreza?\u2019, chamam-me \u2018<strong>comunista<\/strong>\u2019\u201d.<\/p>\n\n\n\n<p>Aqueles que chamavam&nbsp;<strong>comunista<\/strong>&nbsp;a&nbsp;<strong>Dom Helder<\/strong>, ou os filhos deles, s\u00e3o os mesmos que&nbsp;<a href=\"http:\/\/www.ihu.unisinos.br\/78-noticias\/603702-herege-e-comunista-a-direita-excomunga-o-papa\" target=\"_blank\" rel=\"noreferrer noopener\">hoje chamam comunista ao Papa Francisco<\/a>. Os dois cometeram o mesmo \u201cpecado\u201d, denunciar um sistema que gera pobreza. O poder pol\u00edtico e econ\u00f4mico s\u00e3o frequentemente aliados, fazendo com que o sofrimento se espalhe no meio daqueles que a sociedade coloca do lado de fora. A pandemia tem escancarado mais uma vez essa realidade, como dizia o&nbsp;<strong>Papa Francisco<\/strong>&nbsp;\u00e0&nbsp;<strong>C\u00faria<\/strong>, lembrando suas palavras pronunciadas no dia 27 de mar\u00e7o: \u201cA tempestade desmascara a nossa vulnerabilidade e deixa a descoberto as falsas e sup\u00e9rfluas seguran\u00e7as com que constru\u00edmos os nossos programas, os nossos projetos, os nossos h\u00e1bitos e prioridades\u201d.<\/p>\n\n\n\n<p>Em suas palavras, seguindo o escrito em&nbsp;<a href=\"http:\/\/www.ihu.unisinos.br\/78-noticias\/603661-texto-contexto-e-pretexto-da-enciclica-fratelli-tutti\" target=\"_blank\" rel=\"noreferrer noopener\">Fratelli tutti<\/a>, o&nbsp;<strong>Papa Francisco<\/strong>&nbsp;lembrava \u201ccomo \u00e9 importante sonhar juntos! (&#8230;) Sozinho, corres o risco de ter miragens, vendo aquilo que n\u00e3o existe; \u00e9 juntos que se constroem os sonhos\u201d. Suas palavras nos lembram uma frase de&nbsp;<a href=\"http:\/\/www.ihu.unisinos.br\/78-noticias\/602298-dom-helder-vivo-e-atual-post-mortem\" target=\"_blank\" rel=\"noreferrer noopener\">Dom Helder<\/a>, escrita numa carta endere\u00e7ada a&nbsp;<strong>Jer\u00f4nimo Podest\u00e1<\/strong>, no in\u00edcio dos anos 80: \u201cQuando se sonha sozinho \u00e9 apenas sonho. Quando sonhamos juntos \u00e9 apenas o come\u00e7o da realidade\u201d. Podemos dizer que&nbsp;<a href=\"http:\/\/www.ihu.unisinos.br\/78-noticias\/602358-meus-queridos-amigos-as-cronicas-de-dom-helder-camara\" target=\"_blank\" rel=\"noreferrer noopener\">Dom Helder<\/a>&nbsp;foi algu\u00e9m que teve a capacidade de construir caminhos comuns, a partir dos pequenos, dos que n\u00e3o contam, mostrando que a soma dos pequenos constr\u00f3i coisas grandes, igual Jesus nos mostra no Evangelho.<\/p>\n\n\n\n<p><a href=\"http:\/\/www.ihu.unisinos.br\/78-noticias\/-helder-um-dom\" target=\"_blank\" rel=\"noreferrer noopener\">Dom Helder<\/a>, exemplo de uma Igreja presente nas periferias geogr\u00e1ficas e existenciais, que vivia de maneira simples na&nbsp;<strong>Igreja das Fronteiras<\/strong>, nunca se afastou dos pobres, mesmo sendo perseguido abertamente pela&nbsp;<strong>Ditadura Militar<\/strong>, que foi instaurada no&nbsp;<strong>Brasil<\/strong>, pouco tempo depois dele ser nomeado arcebispo de&nbsp;<strong>Olinda e Recife<\/strong>. Vigiado dia e noite, com proibi\u00e7\u00e3o expressa de citar seu nome na imprensa, ele nunca deixou de denunciar no exterior o que estava acontecendo no&nbsp;<strong>Brasil<\/strong>, se tornando uma pedra no sapato de um sistema que ao longo de 20 anos provocou censura rigorosa, persegui\u00e7\u00f5es pol\u00edticas, pris\u00f5es arbitr\u00e1rias, torturas e mortes nos c\u00e1rceres. Mesmo assim, mesmo diante de tantas crises vividas, ele sempre ficou firme e do lado dos pobres, no caminho da santidade.<\/p>\n","protected":false},"excerpt":{"rendered":"<p>Ficar do lado dos&nbsp;mais pobres, daqueles com que ningu\u00e9m quer ficar, \u00e9 algo que nos santifica, mas que tamb\u00e9m nos coloca na mira dos donos do sistema que controla uma economia que mata. Ao longo da hist\u00f3ria foram muitos os homens e mulheres que foram crucificados por ter essa atitude. Podemos dizer que o&nbsp;Papa Francisco,&#8230;<a class=\"more-link\" href=\"http:\/\/blogdalucianaoliveira.com.br\/blog\/2020\/12\/23\/o-papa-francisco-santifica-dom-helder-aquele-que-chamavam-comunista\/\">Continue a leitura <span class=\"meta-nav\">&raquo;<\/span><\/a><\/p>\n","protected":false},"author":1,"featured_media":0,"comment_status":"closed","ping_status":"open","sticky":false,"template":"","format":"standard","meta":{"_exactmetrics_skip_tracking":false,"_exactmetrics_sitenote_active":false,"_exactmetrics_sitenote_note":"","_exactmetrics_sitenote_category":0,"jetpack_post_was_ever_published":false,"_jetpack_newsletter_access":"","_jetpack_dont_email_post_to_subs":false,"_jetpack_newsletter_tier_id":0,"_jetpack_memberships_contains_paywalled_content":false,"_jetpack_memberships_contains_paid_content":false,"footnotes":"","jetpack_publicize_message":"","jetpack_publicize_feature_enabled":true,"jetpack_social_post_already_shared":true,"jetpack_social_options":{"image_generator_settings":{"template":"highway","enabled":false},"version":2}},"categories":[1],"tags":[],"class_list":["post-30499","post","type-post","status-publish","format-standard","hentry","category-notas"],"jetpack_publicize_connections":[],"jetpack_sharing_enabled":true,"jetpack_featured_media_url":"","jetpack_shortlink":"https:\/\/wp.me\/p7wKYW-7VV","jetpack-related-posts":[],"_links":{"self":[{"href":"http:\/\/blogdalucianaoliveira.com.br\/blog\/wp-json\/wp\/v2\/posts\/30499","targetHints":{"allow":["GET"]}}],"collection":[{"href":"http:\/\/blogdalucianaoliveira.com.br\/blog\/wp-json\/wp\/v2\/posts"}],"about":[{"href":"http:\/\/blogdalucianaoliveira.com.br\/blog\/wp-json\/wp\/v2\/types\/post"}],"author":[{"embeddable":true,"href":"http:\/\/blogdalucianaoliveira.com.br\/blog\/wp-json\/wp\/v2\/users\/1"}],"replies":[{"embeddable":true,"href":"http:\/\/blogdalucianaoliveira.com.br\/blog\/wp-json\/wp\/v2\/comments?post=30499"}],"version-history":[{"count":1,"href":"http:\/\/blogdalucianaoliveira.com.br\/blog\/wp-json\/wp\/v2\/posts\/30499\/revisions"}],"predecessor-version":[{"id":30501,"href":"http:\/\/blogdalucianaoliveira.com.br\/blog\/wp-json\/wp\/v2\/posts\/30499\/revisions\/30501"}],"wp:attachment":[{"href":"http:\/\/blogdalucianaoliveira.com.br\/blog\/wp-json\/wp\/v2\/media?parent=30499"}],"wp:term":[{"taxonomy":"category","embeddable":true,"href":"http:\/\/blogdalucianaoliveira.com.br\/blog\/wp-json\/wp\/v2\/categories?post=30499"},{"taxonomy":"post_tag","embeddable":true,"href":"http:\/\/blogdalucianaoliveira.com.br\/blog\/wp-json\/wp\/v2\/tags?post=30499"}],"curies":[{"name":"wp","href":"https:\/\/api.w.org\/{rel}","templated":true}]}}