{"id":305,"date":"2016-05-06T10:49:36","date_gmt":"2016-05-06T14:49:36","guid":{"rendered":"http:\/\/blogdalucianaoliveira.com.br\/blog\/?p=305"},"modified":"2016-05-06T10:49:36","modified_gmt":"2016-05-06T14:49:36","slug":"luta-de-especies","status":"publish","type":"post","link":"http:\/\/blogdalucianaoliveira.com.br\/blog\/2016\/05\/06\/luta-de-especies\/","title":{"rendered":"LUTA DE ESP\u00c9CIES"},"content":{"rendered":"<p><img data-recalc-dims=\"1\" loading=\"lazy\" decoding=\"async\" data-attachment-id=\"306\" data-permalink=\"http:\/\/blogdalucianaoliveira.com.br\/blog\/2016\/05\/06\/luta-de-especies\/cobra\/\" data-orig-file=\"https:\/\/i0.wp.com\/blogdalucianaoliveira.com.br\/blog\/wp-content\/uploads\/2016\/05\/cobra.jpg?fit=400%2C350\" data-orig-size=\"400,350\" data-comments-opened=\"0\" data-image-meta=\"{&quot;aperture&quot;:&quot;0&quot;,&quot;credit&quot;:&quot;&quot;,&quot;camera&quot;:&quot;&quot;,&quot;caption&quot;:&quot;&quot;,&quot;created_timestamp&quot;:&quot;0&quot;,&quot;copyright&quot;:&quot;&quot;,&quot;focal_length&quot;:&quot;0&quot;,&quot;iso&quot;:&quot;0&quot;,&quot;shutter_speed&quot;:&quot;0&quot;,&quot;title&quot;:&quot;&quot;,&quot;orientation&quot;:&quot;0&quot;}\" data-image-title=\"cobra\" data-image-description=\"\" data-image-caption=\"\" data-medium-file=\"https:\/\/i0.wp.com\/blogdalucianaoliveira.com.br\/blog\/wp-content\/uploads\/2016\/05\/cobra.jpg?fit=300%2C263\" data-large-file=\"https:\/\/i0.wp.com\/blogdalucianaoliveira.com.br\/blog\/wp-content\/uploads\/2016\/05\/cobra.jpg?fit=400%2C350\" src=\"https:\/\/i0.wp.com\/blogdalucianaoliveira.com.br\/blog\/wp-content\/uploads\/2016\/05\/cobra.jpg?resize=400%2C350\" alt=\"cobra\" width=\"400\" height=\"350\" class=\"alignnone size-full wp-image-306\" srcset=\"https:\/\/i0.wp.com\/blogdalucianaoliveira.com.br\/blog\/wp-content\/uploads\/2016\/05\/cobra.jpg?w=400 400w, https:\/\/i0.wp.com\/blogdalucianaoliveira.com.br\/blog\/wp-content\/uploads\/2016\/05\/cobra.jpg?resize=300%2C263 300w, https:\/\/i0.wp.com\/blogdalucianaoliveira.com.br\/blog\/wp-content\/uploads\/2016\/05\/cobra.jpg?resize=343%2C300 343w\" sizes=\"auto, (max-width: 400px) 100vw, 400px\" \/><\/p>\n<p>A imagem vai completar tr\u00eas anos e foi produzida pelo professor Emmanoel Silveira, do curso de Administra\u00e7\u00e3o no campus da Unir em Vilhena. A enorme sucuri, que bem medida parece chegar aos 10 metros, \u00e9 apenas uma das muitas esp\u00e9cies de cobra que povoam o entorno de Vilhena. <\/p>\n<p>Cidade de fauna silvestre variad\u00edssima, a \u201cCapital do Cone Sul\u201d vem assistindo o avan\u00e7o das lavouras de soja sobre o cerrado. Na mesma velocidade que a prosperidade chega para alguns, os bichos v\u00e3o sumindo. \u00c9 a luta entre homem e animal pelo espa\u00e7o que, num mundo menos ganancioso, seria compartilhado&#8230;<\/p>\n","protected":false},"excerpt":{"rendered":"<p>A imagem vai completar tr\u00eas anos e foi produzida pelo professor Emmanoel Silveira, do curso de Administra\u00e7\u00e3o no campus da Unir em Vilhena. A enorme sucuri, que bem medida parece chegar aos 10 metros, \u00e9 apenas uma das muitas esp\u00e9cies de cobra que povoam o entorno de Vilhena. Cidade de fauna silvestre variad\u00edssima, a \u201cCapital&#8230;<a class=\"more-link\" href=\"http:\/\/blogdalucianaoliveira.com.br\/blog\/2016\/05\/06\/luta-de-especies\/\">Continue a leitura <span class=\"meta-nav\">&raquo;<\/span><\/a><\/p>\n","protected":false},"author":1,"featured_media":0,"comment_status":"closed","ping_status":"open","sticky":false,"template":"","format":"standard","meta":{"_exactmetrics_skip_tracking":false,"_exactmetrics_sitenote_active":false,"_exactmetrics_sitenote_note":"","_exactmetrics_sitenote_category":0,"jetpack_post_was_ever_published":false,"_jetpack_newsletter_access":"","_jetpack_dont_email_post_to_subs":false,"_jetpack_newsletter_tier_id":0,"_jetpack_memberships_contains_paywalled_content":false,"_jetpack_memberships_contains_paid_content":false,"footnotes":"","jetpack_publicize_message":"","jetpack_publicize_feature_enabled":true,"jetpack_social_post_already_shared":false,"jetpack_social_options":{"image_generator_settings":{"template":"highway","enabled":false},"version":2}},"categories":[1],"tags":[],"class_list":["post-305","post","type-post","status-publish","format-standard","hentry","category-notas"],"jetpack_publicize_connections":[],"jetpack_sharing_enabled":true,"jetpack_featured_media_url":"","jetpack_shortlink":"https:\/\/wp.me\/p7wKYW-4V","jetpack-related-posts":[],"_links":{"self":[{"href":"http:\/\/blogdalucianaoliveira.com.br\/blog\/wp-json\/wp\/v2\/posts\/305","targetHints":{"allow":["GET"]}}],"collection":[{"href":"http:\/\/blogdalucianaoliveira.com.br\/blog\/wp-json\/wp\/v2\/posts"}],"about":[{"href":"http:\/\/blogdalucianaoliveira.com.br\/blog\/wp-json\/wp\/v2\/types\/post"}],"author":[{"embeddable":true,"href":"http:\/\/blogdalucianaoliveira.com.br\/blog\/wp-json\/wp\/v2\/users\/1"}],"replies":[{"embeddable":true,"href":"http:\/\/blogdalucianaoliveira.com.br\/blog\/wp-json\/wp\/v2\/comments?post=305"}],"version-history":[{"count":1,"href":"http:\/\/blogdalucianaoliveira.com.br\/blog\/wp-json\/wp\/v2\/posts\/305\/revisions"}],"predecessor-version":[{"id":307,"href":"http:\/\/blogdalucianaoliveira.com.br\/blog\/wp-json\/wp\/v2\/posts\/305\/revisions\/307"}],"wp:attachment":[{"href":"http:\/\/blogdalucianaoliveira.com.br\/blog\/wp-json\/wp\/v2\/media?parent=305"}],"wp:term":[{"taxonomy":"category","embeddable":true,"href":"http:\/\/blogdalucianaoliveira.com.br\/blog\/wp-json\/wp\/v2\/categories?post=305"},{"taxonomy":"post_tag","embeddable":true,"href":"http:\/\/blogdalucianaoliveira.com.br\/blog\/wp-json\/wp\/v2\/tags?post=305"}],"curies":[{"name":"wp","href":"https:\/\/api.w.org\/{rel}","templated":true}]}}