{"id":30502,"date":"2020-12-26T12:25:31","date_gmt":"2020-12-26T16:25:31","guid":{"rendered":"http:\/\/blogdalucianaoliveira.com.br\/blog\/?p=30502"},"modified":"2020-12-26T12:25:37","modified_gmt":"2020-12-26T16:25:37","slug":"nao-dou-bola-pra-isso-diz-bolsonaro-sobre-atraso-do-brasil-com-vacinacao","status":"publish","type":"post","link":"http:\/\/blogdalucianaoliveira.com.br\/blog\/2020\/12\/26\/nao-dou-bola-pra-isso-diz-bolsonaro-sobre-atraso-do-brasil-com-vacinacao\/","title":{"rendered":"\u201cN\u00e3o dou bola pra isso\u201d, diz Bolsonaro sobre atraso do Brasil com vacina\u00e7\u00e3o"},"content":{"rendered":"\n<figure class=\"wp-block-image size-large\"><img data-recalc-dims=\"1\" loading=\"lazy\" decoding=\"async\" width=\"469\" height=\"240\" data-attachment-id=\"30503\" data-permalink=\"http:\/\/blogdalucianaoliveira.com.br\/blog\/2020\/12\/26\/nao-dou-bola-pra-isso-diz-bolsonaro-sobre-atraso-do-brasil-com-vacinacao\/c789ea00-5557-4c87-a681-806460b1e04a\/\" data-orig-file=\"https:\/\/i0.wp.com\/blogdalucianaoliveira.com.br\/blog\/wp-content\/uploads\/2020\/12\/C789EA00-5557-4C87-A681-806460B1E04A.jpeg?fit=469%2C240\" data-orig-size=\"469,240\" data-comments-opened=\"0\" data-image-meta=\"{&quot;aperture&quot;:&quot;0&quot;,&quot;credit&quot;:&quot;&quot;,&quot;camera&quot;:&quot;&quot;,&quot;caption&quot;:&quot;&quot;,&quot;created_timestamp&quot;:&quot;0&quot;,&quot;copyright&quot;:&quot;&quot;,&quot;focal_length&quot;:&quot;0&quot;,&quot;iso&quot;:&quot;0&quot;,&quot;shutter_speed&quot;:&quot;0&quot;,&quot;title&quot;:&quot;&quot;,&quot;orientation&quot;:&quot;0&quot;}\" data-image-title=\"C789EA00-5557-4C87-A681-806460B1E04A\" data-image-description=\"\" data-image-caption=\"\" data-medium-file=\"https:\/\/i0.wp.com\/blogdalucianaoliveira.com.br\/blog\/wp-content\/uploads\/2020\/12\/C789EA00-5557-4C87-A681-806460B1E04A.jpeg?fit=300%2C154\" data-large-file=\"https:\/\/i0.wp.com\/blogdalucianaoliveira.com.br\/blog\/wp-content\/uploads\/2020\/12\/C789EA00-5557-4C87-A681-806460B1E04A.jpeg?fit=469%2C240\" src=\"https:\/\/i0.wp.com\/blogdalucianaoliveira.com.br\/blog\/wp-content\/uploads\/2020\/12\/C789EA00-5557-4C87-A681-806460B1E04A.jpeg?resize=469%2C240\" alt=\"\" class=\"wp-image-30503\" srcset=\"https:\/\/i0.wp.com\/blogdalucianaoliveira.com.br\/blog\/wp-content\/uploads\/2020\/12\/C789EA00-5557-4C87-A681-806460B1E04A.jpeg?w=469 469w, https:\/\/i0.wp.com\/blogdalucianaoliveira.com.br\/blog\/wp-content\/uploads\/2020\/12\/C789EA00-5557-4C87-A681-806460B1E04A.jpeg?resize=300%2C154 300w\" sizes=\"auto, (max-width: 469px) 100vw, 469px\" \/><\/figure>\n\n\n\n<p><strong>247\u00a0<\/strong>&#8211; Em mais um gesto de completo desprezo pela popula\u00e7\u00e3o, Jair Bolsonaro disse neste s\u00e1bado (26) que \u201cn\u00e3o dou bola pra isso\u201d, ao ser questionado sobre o atraso do Brasil perante outros pa\u00edses que j\u00e1 imunizam em massa suas popula\u00e7\u00f5es .\u00a0<br><\/p>\n\n\n\n<!--more-->\n\n\n\n<p>&nbsp;\u201cNingu\u00e9m me pressiona pra nada, eu n\u00e3o dou bola pra isso. \u00c9 raz\u00e3o, razoabilidade, \u00e9 responsabilidade com o povo, voc\u00ea n\u00e3o pode aplicar qualquer coisa no povo \u2014 comentou, durante passeio por Bras\u00edlia nesta manh\u00e3\u201d, &nbsp;disse ele, como publicado no jornal O Globo.&nbsp;<\/p>\n\n\n\n<p>A reportagem ainda destacou que, num ritmo lento, o Brasil n\u00e3o aprovou nenhuma vacina at\u00e9 o momento. Nenhuma fabricante solicitou pedido de registro emergencial ou definitivo \u00e0 Ag\u00eancia Nacional de Vigil\u00e2ncia Sanit\u00e1ria (Anvisa).\u00a0<br><\/p>\n\n\n\n<p>Com seu tom negacionista, ele voltou a afirmar que brasileiros ter\u00e3o que assinar um termo de responsabilidade para terem acesso \u00e0 vacina.<\/p>\n\n\n\n<p>A previs\u00e3o para o in\u00edcio do programa de vacina\u00e7\u00e3o \u00e9 em fevereiro, mas o minist\u00e9rio da Sa\u00fade n\u00e3o indicou detalhes do plano.&nbsp;<\/p>\n","protected":false},"excerpt":{"rendered":"<p>247\u00a0&#8211; Em mais um gesto de completo desprezo pela popula\u00e7\u00e3o, Jair Bolsonaro disse neste s\u00e1bado (26) que \u201cn\u00e3o dou bola pra isso\u201d, ao ser questionado sobre o atraso do Brasil perante outros pa\u00edses que j\u00e1 imunizam em massa suas popula\u00e7\u00f5es .\u00a0<\/p>\n","protected":false},"author":1,"featured_media":0,"comment_status":"closed","ping_status":"open","sticky":false,"template":"","format":"standard","meta":{"_exactmetrics_skip_tracking":false,"_exactmetrics_sitenote_active":false,"_exactmetrics_sitenote_note":"","_exactmetrics_sitenote_category":0,"jetpack_post_was_ever_published":false,"_jetpack_newsletter_access":"","_jetpack_dont_email_post_to_subs":false,"_jetpack_newsletter_tier_id":0,"_jetpack_memberships_contains_paywalled_content":false,"_jetpack_memberships_contains_paid_content":false,"footnotes":"","jetpack_publicize_message":"","jetpack_publicize_feature_enabled":true,"jetpack_social_post_already_shared":true,"jetpack_social_options":{"image_generator_settings":{"template":"highway","enabled":false},"version":2}},"categories":[1],"tags":[],"class_list":["post-30502","post","type-post","status-publish","format-standard","hentry","category-notas"],"jetpack_publicize_connections":[],"jetpack_sharing_enabled":true,"jetpack_featured_media_url":"","jetpack_shortlink":"https:\/\/wp.me\/p7wKYW-7VY","jetpack-related-posts":[],"_links":{"self":[{"href":"http:\/\/blogdalucianaoliveira.com.br\/blog\/wp-json\/wp\/v2\/posts\/30502","targetHints":{"allow":["GET"]}}],"collection":[{"href":"http:\/\/blogdalucianaoliveira.com.br\/blog\/wp-json\/wp\/v2\/posts"}],"about":[{"href":"http:\/\/blogdalucianaoliveira.com.br\/blog\/wp-json\/wp\/v2\/types\/post"}],"author":[{"embeddable":true,"href":"http:\/\/blogdalucianaoliveira.com.br\/blog\/wp-json\/wp\/v2\/users\/1"}],"replies":[{"embeddable":true,"href":"http:\/\/blogdalucianaoliveira.com.br\/blog\/wp-json\/wp\/v2\/comments?post=30502"}],"version-history":[{"count":1,"href":"http:\/\/blogdalucianaoliveira.com.br\/blog\/wp-json\/wp\/v2\/posts\/30502\/revisions"}],"predecessor-version":[{"id":30504,"href":"http:\/\/blogdalucianaoliveira.com.br\/blog\/wp-json\/wp\/v2\/posts\/30502\/revisions\/30504"}],"wp:attachment":[{"href":"http:\/\/blogdalucianaoliveira.com.br\/blog\/wp-json\/wp\/v2\/media?parent=30502"}],"wp:term":[{"taxonomy":"category","embeddable":true,"href":"http:\/\/blogdalucianaoliveira.com.br\/blog\/wp-json\/wp\/v2\/categories?post=30502"},{"taxonomy":"post_tag","embeddable":true,"href":"http:\/\/blogdalucianaoliveira.com.br\/blog\/wp-json\/wp\/v2\/tags?post=30502"}],"curies":[{"name":"wp","href":"https:\/\/api.w.org\/{rel}","templated":true}]}}