{"id":30505,"date":"2020-12-26T12:33:22","date_gmt":"2020-12-26T16:33:22","guid":{"rendered":"http:\/\/blogdalucianaoliveira.com.br\/blog\/?p=30505"},"modified":"2020-12-26T12:33:26","modified_gmt":"2020-12-26T16:33:26","slug":"2020-o-ano-em-que-bolsonaro-escancarou-seu-projeto-de-governo","status":"publish","type":"post","link":"http:\/\/blogdalucianaoliveira.com.br\/blog\/2020\/12\/26\/2020-o-ano-em-que-bolsonaro-escancarou-seu-projeto-de-governo\/","title":{"rendered":"2020: o ano em que Bolsonaro escancarou seu projeto de governo"},"content":{"rendered":"\n<figure class=\"wp-block-image size-large\"><img data-recalc-dims=\"1\" loading=\"lazy\" decoding=\"async\" width=\"600\" height=\"400\" data-attachment-id=\"30506\" data-permalink=\"http:\/\/blogdalucianaoliveira.com.br\/blog\/2020\/12\/26\/2020-o-ano-em-que-bolsonaro-escancarou-seu-projeto-de-governo\/image-15-13\/\" data-orig-file=\"https:\/\/i0.wp.com\/blogdalucianaoliveira.com.br\/blog\/wp-content\/uploads\/2020\/12\/image-15.jpeg?fit=680%2C453\" data-orig-size=\"680,453\" data-comments-opened=\"0\" data-image-meta=\"{&quot;aperture&quot;:&quot;0&quot;,&quot;credit&quot;:&quot;&quot;,&quot;camera&quot;:&quot;&quot;,&quot;caption&quot;:&quot;&quot;,&quot;created_timestamp&quot;:&quot;0&quot;,&quot;copyright&quot;:&quot;&quot;,&quot;focal_length&quot;:&quot;0&quot;,&quot;iso&quot;:&quot;0&quot;,&quot;shutter_speed&quot;:&quot;0&quot;,&quot;title&quot;:&quot;&quot;,&quot;orientation&quot;:&quot;0&quot;}\" data-image-title=\"image-15\" data-image-description=\"\" data-image-caption=\"\" data-medium-file=\"https:\/\/i0.wp.com\/blogdalucianaoliveira.com.br\/blog\/wp-content\/uploads\/2020\/12\/image-15.jpeg?fit=300%2C200\" data-large-file=\"https:\/\/i0.wp.com\/blogdalucianaoliveira.com.br\/blog\/wp-content\/uploads\/2020\/12\/image-15.jpeg?fit=600%2C400\" src=\"https:\/\/i0.wp.com\/blogdalucianaoliveira.com.br\/blog\/wp-content\/uploads\/2020\/12\/image-15.jpeg?resize=600%2C400\" alt=\"\" class=\"wp-image-30506\" srcset=\"https:\/\/i0.wp.com\/blogdalucianaoliveira.com.br\/blog\/wp-content\/uploads\/2020\/12\/image-15.jpeg?w=680 680w, https:\/\/i0.wp.com\/blogdalucianaoliveira.com.br\/blog\/wp-content\/uploads\/2020\/12\/image-15.jpeg?resize=300%2C200 300w, https:\/\/i0.wp.com\/blogdalucianaoliveira.com.br\/blog\/wp-content\/uploads\/2020\/12\/image-15.jpeg?resize=450%2C300 450w\" sizes=\"auto, (max-width: 600px) 100vw, 600px\" \/><\/figure>\n\n\n\n<h4 class=\"wp-block-heading\">&#8220;Mais solto&#8221;, presidente tripudiou do novo v\u00edrus, plantou mais disc\u00f3rdias e sambou sobre os 54 pedidos de impeachment&nbsp;<\/h4>\n\n\n\n<!--more-->\n\n\n\n<p>Cristiane Sampaio &#8211; Brasil de Fato |<\/p>\n\n\n\n<p>Se 2019 ficou cravado no calend\u00e1rio brasileiro como o ano que assinalou a mudan\u00e7a de governo e potencializou&nbsp;<a href=\"https:\/\/www.brasildefato.com.br\/2018\/10\/29\/58-milhoes-votaram-em-bolsonaro-89-milhoes-nao-brasil-quebra-recorde-de-votos-nulos\" target=\"_blank\" rel=\"noreferrer noopener\">a ressaca eleitoral<\/a>&nbsp;daqueles que ainda assimilavam os resultados do pleito anterior,&nbsp;o ano de 2020 encerra suas p\u00e1ginas como um per\u00edodo em que o presidente Jair Bolsonaro (sem partido) escancarou seu projeto de governo.<\/p>\n\n\n\n<p>Entre o in\u00edcio e o final do ano, marcado especialmente pelo desenvolvimento da pandemia, o capit\u00e3o reformado&nbsp;tripudiou sobre o novo coronav\u00edrus,&nbsp;esnobou repetidamente a ci\u00eancia e os cientistas,&nbsp;tentou emplacar&nbsp;<a href=\"https:\/\/www.brasildefato.com.br\/2020\/08\/24\/em-abril-anvisa-alertou-bolsonaro-que-cloroquina-nao-deveria-ser-usada-contra-covid\" target=\"_blank\" rel=\"noreferrer noopener\">medicamentos considerados inseguros<\/a>&nbsp;para determinados protocolos&nbsp;e pisou na sa\u00fade p\u00fablica, chegando a propor, por exemplo, a coloca\u00e7\u00e3o dos postos de aten\u00e7\u00e3o b\u00e1sica no balc\u00e3o de neg\u00f3cios das privatiza\u00e7\u00f5es.<\/p>\n\n\n\n<p>Al\u00e9m disso, carimbou seu repert\u00f3rio de declara\u00e7\u00f5es pol\u00eamicas com manifesta\u00e7\u00f5es que amenizavam o potencial do v\u00edrus \u2013 em uma delas, chamou a&nbsp;<a href=\"https:\/\/www.brasildefato.com.br\/artes\/2020\/03\/27\/a-gripezinha-de-bolsonaro\" target=\"_blank\" rel=\"noreferrer noopener\">covid-19 de \u201cgripezinha<\/a>\u201d\u2013 e ignorou o n\u00famero de mortos, fazendo tro\u00e7a dos rep\u00f3rteres que o perguntaram insistentemente qual sua rea\u00e7\u00e3o diante da montanha de cad\u00e1veres que se avolumava ao longo do ano. \u201cN\u00e3o sou coveiro, t\u00e1?\u201d, provocou, por exemplo, em abril, no que foi sucedido por uma chuva de cr\u00edticas. &nbsp;<\/p>\n\n\n\n<figure class=\"wp-block-image\"><img data-recalc-dims=\"1\" decoding=\"async\" src=\"https:\/\/i0.wp.com\/images02.brasildefato.com.br\/01b3af2ea17a6905d7fad0843458a1d0.jpeg?w=600&#038;ssl=1\" alt=\"\"\/><\/figure>\n\n\n\n<p><br>\u201cEu tive a melhor vacina: o v\u00edrus\u201d, disse Bolsonaro, ao promover aglomera\u00e7\u00f5es pelo pa\u00eds durante a pandemia \/ Alan Santos\/Paran\u00e1<\/p>\n\n\n\n<p>\u201cA gente tem visto mundo afora v\u00e1rios outros governantes obscurantistas, mas nenhum deles \u2013 nem o [Donald] Trump nem os da Hungria, por exemplo \u2013 manteve essa radicalidade na nega\u00e7\u00e3o da gravidade e na sabotagem das medidas de sa\u00fade p\u00fablica como o Bolsonaro\u201d, sublinha o professor Luis Felipe Miguel, do Instituto de Ci\u00eancias Pol\u00edticas da Universidade de Bras\u00edlia (UnB), ao olhar pelo retrovisor de 2020.<\/p>\n\n\n\n<p>No \u00e1pice de suas investidas, o presidente tamb\u00e9m criou um curto-circuito pol\u00edtico na Ag\u00eancia Nacional de Vigil\u00e2ncia Sanit\u00e1ria (Anvisa), em busca de minar a credibilidade do \u00f3rg\u00e3o, e p\u00f4s em xeque a&nbsp;<a href=\"https:\/\/www.brasildefato.com.br\/2020\/12\/19\/voce-nao-vai-se-transformar-em-jacare-10-mentiras-sobre-vacinas-que-circulam-por-ai\" target=\"_blank\" rel=\"noreferrer noopener\">seguran\u00e7a das vacinas<\/a>&nbsp;\u2013 as mesmas que desde o s\u00e9culo 18 impulsionaram o desenvolvimento da ci\u00eancia e reduziram as afli\u00e7\u00f5es da humanidade, ajudando a barrar o avan\u00e7o de alguns males e erradicar outros.&nbsp;<\/p>\n\n\n\n<figure class=\"wp-block-image\"><img data-recalc-dims=\"1\" decoding=\"async\" src=\"https:\/\/i0.wp.com\/images03.brasildefato.com.br\/f00f60a31bca87f7872bd828985d5a24.jpeg?w=600&#038;ssl=1\" alt=\"\"\/><\/figure>\n\n\n\n<p><br>Bolsonaro levou ao limite debate sobre vacina contra covid, reverberando negacionismo, confus\u00e3o na popula\u00e7\u00e3o e gerando mais desgastes pol\u00edticos \/ Marcelo Camargo\/Ag\u00eancia Brasil<\/p>\n\n\n\n<p>\u201c2020 come\u00e7ou como um ano comum, o segundo do mandato. Ele [Bolsonaro] esperava, assim como todos n\u00f3s, um ano diferente, mas a pandemia veio pra nos jogar num abismo de incerteza. E, nesse navio da pandemia, quando o mundo todo estava \u00e0 deriva, n\u00f3s tivemos, no Brasil, um capit\u00e3o \u00e0 frente do comando que nadou contra a correnteza\u201d, crava o analista pol\u00edtico Leonel Cupertino. &nbsp;&nbsp;<\/p>\n\n\n\n<p><strong>Internacional<\/strong><\/p>\n\n\n\n<p>Em junho, Bolsonaro j\u00e1 se destacava na \u00faltima posi\u00e7\u00e3o do ranking mundial de avalia\u00e7\u00e3o dos governos na administra\u00e7\u00e3o da pandemia. No&nbsp;<a href=\"http:\/\/https\/\/daliaresearch.com\/blog\/democracy-perception-index-2020\/\" target=\"_blank\" rel=\"noreferrer noopener\">\u00cdndice de Percep\u00e7\u00e3o da Democracia<\/a>, somente 34% dos brasileiros consideraram boa sua condu\u00e7\u00e3o, enquanto a m\u00e9dia de avalia\u00e7\u00e3o positiva dos demais gestores foi de 70%, considerando um rol de 53 pa\u00edses.&nbsp; &nbsp;&nbsp;<\/p>\n\n\n\n<p>A m\u00e1 fama do presidente brasileiro percorreu o mundo, estampando manchetes de jornais e virando alvo de obras de arte em pra\u00e7a p\u00fablica. Em Paris, a trag\u00e9dia&nbsp;que se passa deste lado de c\u00e1 do Atl\u00e2ntico ganhou uma escultura do artista pl\u00e1stico M\u00e1rcio Machado. No m\u00eas de setembro, ele exp\u00f4s uma ossada em forma de trono presidencial para lembrar os, at\u00e9 ent\u00e3o, mais de 121 mil mortos pela covid-19 em solo brasileiro.<\/p>\n\n\n\n<figure class=\"wp-block-image\"><img data-recalc-dims=\"1\" decoding=\"async\" src=\"https:\/\/i0.wp.com\/images03.brasildefato.com.br\/261217ce58913f39a03be9cada67b8fc.jpeg?w=600&#038;ssl=1\" alt=\"\"\/><\/figure>\n\n\n\n<p><br>Trono de Bolsonaro \u00e9 simbolizado e eternizado pela arte em &#8220;poltrona de ossos&#8221;&nbsp;\/ Foto M\u00e1racio Machado<\/p>\n\n\n\n<p>Dias depois, ao discursar na assembleia da Organiza\u00e7\u00e3o das Na\u00e7\u00f5es Unidas (ONU), Bolsonaro tentou livrar o governo de qualquer responsabilidade pelos contornos da pandemia, maquiou o valor do aux\u00edlio emergencial e ainda culpou ind\u00edgenas, imprensa e organiza\u00e7\u00f5es civis pelas queimadas na Amaz\u00f4nia.<\/p>\n\n\n\n<p><strong>Rota econ\u00f4mica e legislativa<\/strong><\/p>\n\n\n\n<p>E n\u00e3o ficou de fora, no itiner\u00e1rio do presidente, a continuidade de uma r\u00edgida agenda fiscal, flexibilizada apenas em parte por conta da pandemia e de articula\u00e7\u00f5es conduzidas pelo Congresso para garantir verbas \u00e0 sa\u00fade. Bolsonaro tamb\u00e9m deixou os trabalhadores brasileiros \u00e0 m\u00edngua, intensificando a precariza\u00e7\u00e3o no mercado e aprofundando a desprote\u00e7\u00e3o das massas diante das crises sanit\u00e1ria e socioecon\u00f4mica. Autoriza\u00e7\u00e3o para redu\u00e7\u00e3o salarial e suspens\u00e3o de contratos ajudaram a compor o roteiro.<\/p>\n\n\n\n<p>Ao final do ano, o mandat\u00e1rio traz agora nas costas um saldo de 14 milh\u00f5es de desempregados, com uma taxa de desocupa\u00e7\u00e3o de 14,2% no pa\u00eds \u2013 o maior percentual da s\u00e9rie hist\u00f3rica medida pelo Instituto Brasileiro de Geografia e Estat\u00edstica (IBGE) desde maio para avaliar os estragos da pandemia.<\/p>\n\n\n\n<p>Em meio ao avan\u00e7o do caos, impulsionado pelo coronav\u00edrus, Bolsonaro entrou na mira de 54 pedidos de impeachment apresentados \u00e0 C\u00e2mara dos Deputados, segundo levantamento da Ag\u00eancia P\u00fablica. Se somados aditamentos, pedidos negados e tamb\u00e9m os retirados pelos autores, o n\u00famero chega a 58. &nbsp;Ao todo,&nbsp;<a href=\"https:\/\/www.aosfatos.org\/todas-as-declara%C3%A7%C3%B5es-de-bolsonaro\/\" target=\"_blank\" rel=\"noreferrer noopener\">foram 1.459 indiv\u00edduos e entidades que assinaram<\/a>&nbsp;os protocolos. Apesar da quantidade, nenhum deles andou. O gatilho depende do presidente da Casa, Rodrigo Maia (DEM-RJ), que manteve os pleitos na gaveta.<\/p>\n\n\n\n<p>\u201cA agenda econ\u00f4mica \u00e9 o que segura, porque \u00e9 uma agenda das elites contra os trabalhadores, e o centr\u00e3o d\u00e1 apoio&#8221;, resumiu o cientista pol\u00edtico Francisco Fonseca, da Funda\u00e7\u00e3o Get\u00falio Vargas, em&nbsp;<a href=\"https:\/\/www.brasildefato.com.br\/2020\/11\/25\/bolsonaro-termina-segundo-ano-muito-menor-do-que-comecou-avalia-cientista-politico\" target=\"_blank\" rel=\"noreferrer noopener\">entrevista recente ao Brasil de Fato<\/a>. &nbsp;<\/p>\n\n\n\n<p>\u201cBolsonaro foi capaz de mostrar, ao longo de 2020, que ele&nbsp;<a href=\"https:\/\/www1.folha.uol.com.br\/poder\/2020\/03\/primeiro-pedido-de-impeachment-de-bolsonaro-apos-ato-pro-governo-chega-a-camara.shtml\" target=\"_blank\" rel=\"noreferrer noopener\">ainda \u00e9 necess\u00e1rio<\/a>&nbsp;para o conjunto da direita e as classes dominantes do Brasil. Maia se apresenta como cr\u00edtico dos absurdos do governo, mas isso tamb\u00e9m \u00e9 parte de um teatro\u201d, assinala Luis Felipe Miguel, ao falar em \u201ccumplicidade\u201d. &nbsp;<\/p>\n\n\n\n<p>O professor avalia que o presidente esteve \u201cmais solto\u201d este ano e, portanto, menos dependente do capital pol\u00edtico dos ministros que escolheu, como \u00e9 o caso de Paulo Guedes e S\u00e9rgio Moro \u2013&nbsp;<a href=\"https:\/\/www.brasildefato.com.br\/2020\/04\/24\/sergio-moro-pede-demissao-do-governo-bolsonaro-por-interferencia-politica-na-pf\" target=\"_blank\" rel=\"noreferrer noopener\">este \u00faltimo desembarcou do bonde em abril<\/a>, diante de um maior desgaste midi\u00e1tico.&nbsp;<\/p>\n\n\n\n<p>Em meio \u00e0s negocia\u00e7\u00f5es com o bloco para firmar uma base oficial no Congresso, Bolsonaro tamb\u00e9m liberou emendas e negociou cargos em focos de poder como Banco do Nordeste e Fundo Nacional de Desenvolvimento da Educa\u00e7\u00e3o (FNDE). J\u00e1 conhecida, a barganha se deu em troca de apoio pol\u00edtico. A rota contrasta com o discurso de quando era candidato a presidente, em 2018, e repudiava o centr\u00e3o ao falar em \u201cvelha pol\u00edtica\u201d. &nbsp;<\/p>\n\n\n\n<p>\u201cMaia disse recentemente que Bolsonaro talvez esteja enfraquecido. Tendo a concordar com ele. O presidente vem perdendo parte do que o elegeu, como \u00e9 o caso do combate \u00e0 corrup\u00e7\u00e3o. O que ainda o mant\u00e9m um pouco \u00e9 a pauta dos costumes, mas ela avan\u00e7ou muito pouco na C\u00e2mara nos \u00faltimos dois anos e tem sido mais presente em declara\u00e7\u00f5es no Twitter, manifesta\u00e7\u00f5es dos filhos, no discurso das armas, etc\u201d, pontua Leonel Cupertino.<\/p>\n\n\n\n<p>Bolsonaro evitou ainda, o m\u00e1ximo que p\u00f4de, o aux\u00edlio emergencial, aprovado ap\u00f3s insistentes articula\u00e7\u00f5es da oposi\u00e7\u00e3o, e deixou sem resposta uma penca de segmentos que n\u00e3o chegaram a ser contemplados com o socorro,&nbsp;<a href=\"https:\/\/www.brasildefato.com.br\/2020\/08\/25\/bolsonaro-veta-socorro-financeiro-para-agricultores-familiares-durante-a-pandemia\" target=\"_blank\" rel=\"noreferrer noopener\">como \u00e9 o caso dos agricultores familiares<\/a>.<\/p>\n\n\n\n<p>Ainda assim, conseguiu puxar para si os m\u00e9ritos da libera\u00e7\u00e3o do benef\u00edcio: uma pesquisa da plataforma Exame\/IDEIA apontou, em setembro, que 65% dos brasileiros entrevistados creditavam o feito \u00e0 figura presidencial, para o desgosto dos opositores.<\/p>\n\n\n\n<figure class=\"wp-block-image\"><img data-recalc-dims=\"1\" decoding=\"async\" src=\"https:\/\/i0.wp.com\/images01.brasildefato.com.br\/31cd0a08893a614e8f4b34b19af3b0be.jpeg?w=600&#038;ssl=1\" alt=\"\"\/><\/figure>\n\n\n\n<p><strong>Cruzada<\/strong><\/p>\n\n\n\n<p>Bolsonaro tamb\u00e9m seguiu focado em sua cruzada&nbsp;contra a imprensa. Somente de janeiro a setembro, por exemplo, o presidente disparou 299&nbsp;<a href=\"https:\/\/www.brasildefato.com.br\/2020\/11\/04\/ataques-de-bolsonaro-legitimam-agressoes-contra-jornalistas-dizem-organizacoes\" target=\"_blank\" rel=\"noreferrer noopener\">ataques ao jornalismo<\/a>, segundo levantamento da Federa\u00e7\u00e3o Nacional dos Jornalistas (Fenaj). O n\u00famero \u00e9 mais que o dobro dos 116 registrados pela entidade em todo o ano passado. Na linha de descreditar o trabalho dos profissionais do ramo, o chefe do Executivo proferiu ainda um total de 68 declara\u00e7\u00f5es falsas ou distorcidas sobre dados divulgados&nbsp;<a href=\"https:\/\/www.brasildefators.com.br\/2020\/06\/02\/no-dia-da-imprensa-jornalistas-apontam-aumento-de-ataques-contra-a-profissao\" target=\"_blank\" rel=\"noreferrer noopener\">pela imprensa,&nbsp;<\/a>de acordo com estat\u00edsticas da plataforma Aos Fatos.<\/p>\n\n\n\n<figure class=\"wp-block-image\"><img data-recalc-dims=\"1\" decoding=\"async\" src=\"https:\/\/i0.wp.com\/images01.brasildefato.com.br\/ccd61cd4632263db3b472fb3ca6b682e.jpeg?w=600&#038;ssl=1\" alt=\"\"\/><\/figure>\n\n\n\n<p><br>Bolsonaro tamb\u00e9m seguiu focado em sua guerra&nbsp;contra&nbsp;imprensa, com total de 299 ataques aos jornalistas e ao jornalismo \/ Marcos C\u00f4rrea\/PR<\/p>\n\n\n\n<p>Em um n\u00edvel pol\u00edtico institucional, colecionou outras controv\u00e9rsias em seu percurso pelo ano de 2020 e potencializou a habilidade em angariar rixas em diferentes ambientes:&nbsp;desgastou a rela\u00e7\u00e3o com a China diante da pandemia&nbsp;e alimentou fa\u00edscas com governadores ao tentar culp\u00e1-los pelo baixo desempenho econ\u00f4mico do pa\u00eds, associando-o exclusivamente ao<a href=\"https:\/\/www.brasildefato.com.br\/2020\/03\/29\/bolsonaro-ignora-recomendacao-de-isolamento-contra-coronavirus-e-visita-comercio\" target=\"_blank\" rel=\"noreferrer noopener\">&nbsp;fechamento do com\u00e9rcio<\/a>&nbsp;na quarentena, e ainda fez&nbsp;corpo mole diante do coro por mais celeridade na vacina\u00e7\u00e3o contra a covid.&nbsp;<\/p>\n\n\n\n<p>O presidente tamb\u00e9m&nbsp;buscou&nbsp;intervir na Pol\u00edcia Federal para proteger os filhos das investiga\u00e7\u00f5es que os cercam; gerou desconfortos com o Supremo Tribunal Federal (STF); mediu for\u00e7as publicamente com seus pr\u00f3prios ministros do governo, desautorizando-os em momentos-chave da crise gerada pela pandemia. No \u00e1pice desse movimento, chegou a&nbsp;<a href=\"https:\/\/www.brasildefato.com.br\/2020\/04\/16\/bolsonaro-diz-que-demitiu-mandetta-porque-ele-nao-entendeu-a-questao-do-emprego\" target=\"_blank\" rel=\"noreferrer noopener\">demitir, em abril, Henrique Mandetta<\/a>&nbsp;da pasta da Sa\u00fade. Os dois protagonizaram uma midi\u00e1tica queda de bra\u00e7o por conta de diverg\u00eancias relacionadas \u00e0s orienta\u00e7\u00f5es sanit\u00e1rias. Enquanto o ent\u00e3o ministro pedia aos brasileiros resguardo e respeito \u00e0 cartilha de cuidados recomendada pelos infectologistas, Bolsonaro zombava do isolamento social e contrariava propositalmente as regras, inclusive por meio de participa\u00e7\u00f5es pr\u00f3prias em aglomera\u00e7\u00f5es de ruas com apoiadores.<\/p>\n\n\n\n<p>O ex-pesselista conseguiu ainda deslocar a percep\u00e7\u00e3o da popula\u00e7\u00e3o para outras narrativas, de modo a concluir este segundo ano de mandato com \u00edndice de 37% de aprova\u00e7\u00e3o por parte dos brasileiros \u2013 computada pelo Datafolha, a medi\u00e7\u00e3o demonstra certa estabilidade nesse p\u00fablico. &nbsp;<\/p>\n\n\n\n<p>Bolsonaro n\u00e3o conseguiu, apesar disso, transferir sua popularidade para os 63 nomes que resolveu apoiar direta e publicamente no pleito municipal deste ano. Como cabo eleitoral, contabilizou apenas a elei\u00e7\u00e3o de 11 vereadores e cinco prefeitos, sendo quatro deles em cidades do interior. Para o professor Francisco Fonseca, da Funda\u00e7\u00e3o Get\u00falio Vargas, o resultado aponta para certa redu\u00e7\u00e3o da capacidade de influ\u00eancia do capit\u00e3o reformado.<\/p>\n\n\n\n<p>\u201cAcho que o Bolsonaro termina este segundo ano de mandato muito menor do que come\u00e7ou. Ele caminha para ser&nbsp;<a href=\"https:\/\/www.brasildefato.com.br\/2020\/10\/08\/mpf-vai-a-justica-contra-criticas-de-bolsonaro-ao-isolamento-social\" target=\"_blank\" rel=\"noreferrer noopener\">rigorosamente isolado<\/a>&nbsp;e virar um pol\u00edtico do tamanho que ele \u00e9 \u2013 pequeno, com pouca relev\u00e2ncia, pouca influ\u00eancia, que s\u00f3 se elegeu por uma grande fraude eleitoral\u201d.<\/p>\n\n\n\n<p>Edi\u00e7\u00e3o: Geisa Marques<\/p>\n","protected":false},"excerpt":{"rendered":"<p>&#8220;Mais solto&#8221;, presidente tripudiou do novo v\u00edrus, plantou mais disc\u00f3rdias e sambou sobre os 54 pedidos de impeachment&nbsp;<\/p>\n","protected":false},"author":1,"featured_media":0,"comment_status":"closed","ping_status":"open","sticky":false,"template":"","format":"standard","meta":{"_exactmetrics_skip_tracking":false,"_exactmetrics_sitenote_active":false,"_exactmetrics_sitenote_note":"","_exactmetrics_sitenote_category":0,"jetpack_post_was_ever_published":false,"_jetpack_newsletter_access":"","_jetpack_dont_email_post_to_subs":false,"_jetpack_newsletter_tier_id":0,"_jetpack_memberships_contains_paywalled_content":false,"_jetpack_memberships_contains_paid_content":false,"footnotes":"","jetpack_publicize_message":"","jetpack_publicize_feature_enabled":true,"jetpack_social_post_already_shared":true,"jetpack_social_options":{"image_generator_settings":{"template":"highway","enabled":false},"version":2}},"categories":[1],"tags":[],"class_list":["post-30505","post","type-post","status-publish","format-standard","hentry","category-notas"],"jetpack_publicize_connections":[],"jetpack_sharing_enabled":true,"jetpack_featured_media_url":"","jetpack_shortlink":"https:\/\/wp.me\/p7wKYW-7W1","jetpack-related-posts":[],"_links":{"self":[{"href":"http:\/\/blogdalucianaoliveira.com.br\/blog\/wp-json\/wp\/v2\/posts\/30505","targetHints":{"allow":["GET"]}}],"collection":[{"href":"http:\/\/blogdalucianaoliveira.com.br\/blog\/wp-json\/wp\/v2\/posts"}],"about":[{"href":"http:\/\/blogdalucianaoliveira.com.br\/blog\/wp-json\/wp\/v2\/types\/post"}],"author":[{"embeddable":true,"href":"http:\/\/blogdalucianaoliveira.com.br\/blog\/wp-json\/wp\/v2\/users\/1"}],"replies":[{"embeddable":true,"href":"http:\/\/blogdalucianaoliveira.com.br\/blog\/wp-json\/wp\/v2\/comments?post=30505"}],"version-history":[{"count":1,"href":"http:\/\/blogdalucianaoliveira.com.br\/blog\/wp-json\/wp\/v2\/posts\/30505\/revisions"}],"predecessor-version":[{"id":30507,"href":"http:\/\/blogdalucianaoliveira.com.br\/blog\/wp-json\/wp\/v2\/posts\/30505\/revisions\/30507"}],"wp:attachment":[{"href":"http:\/\/blogdalucianaoliveira.com.br\/blog\/wp-json\/wp\/v2\/media?parent=30505"}],"wp:term":[{"taxonomy":"category","embeddable":true,"href":"http:\/\/blogdalucianaoliveira.com.br\/blog\/wp-json\/wp\/v2\/categories?post=30505"},{"taxonomy":"post_tag","embeddable":true,"href":"http:\/\/blogdalucianaoliveira.com.br\/blog\/wp-json\/wp\/v2\/tags?post=30505"}],"curies":[{"name":"wp","href":"https:\/\/api.w.org\/{rel}","templated":true}]}}