{"id":30508,"date":"2020-12-28T13:25:02","date_gmt":"2020-12-28T17:25:02","guid":{"rendered":"http:\/\/blogdalucianaoliveira.com.br\/blog\/?p=30508"},"modified":"2020-12-28T13:25:06","modified_gmt":"2020-12-28T17:25:06","slug":"o-brasil-sem-delegacia","status":"publish","type":"post","link":"http:\/\/blogdalucianaoliveira.com.br\/blog\/2020\/12\/28\/o-brasil-sem-delegacia\/","title":{"rendered":"O Brasil sem delegacia"},"content":{"rendered":"\n<figure class=\"wp-block-image size-large\"><img data-recalc-dims=\"1\" loading=\"lazy\" decoding=\"async\" width=\"600\" height=\"265\" data-attachment-id=\"30509\" data-permalink=\"http:\/\/blogdalucianaoliveira.com.br\/blog\/2020\/12\/28\/o-brasil-sem-delegacia\/4730bd9e-6e64-4abf-8a61-a86187cf5fc9\/\" data-orig-file=\"https:\/\/i0.wp.com\/blogdalucianaoliveira.com.br\/blog\/wp-content\/uploads\/2020\/12\/4730BD9E-6E64-4ABF-8A61-A86187CF5FC9.jpeg?fit=753%2C332\" data-orig-size=\"753,332\" data-comments-opened=\"0\" data-image-meta=\"{&quot;aperture&quot;:&quot;0&quot;,&quot;credit&quot;:&quot;&quot;,&quot;camera&quot;:&quot;&quot;,&quot;caption&quot;:&quot;&quot;,&quot;created_timestamp&quot;:&quot;0&quot;,&quot;copyright&quot;:&quot;&quot;,&quot;focal_length&quot;:&quot;0&quot;,&quot;iso&quot;:&quot;0&quot;,&quot;shutter_speed&quot;:&quot;0&quot;,&quot;title&quot;:&quot;&quot;,&quot;orientation&quot;:&quot;1&quot;}\" data-image-title=\"4730BD9E-6E64-4ABF-8A61-A86187CF5FC9\" data-image-description=\"\" data-image-caption=\"\" data-medium-file=\"https:\/\/i0.wp.com\/blogdalucianaoliveira.com.br\/blog\/wp-content\/uploads\/2020\/12\/4730BD9E-6E64-4ABF-8A61-A86187CF5FC9.jpeg?fit=300%2C132\" data-large-file=\"https:\/\/i0.wp.com\/blogdalucianaoliveira.com.br\/blog\/wp-content\/uploads\/2020\/12\/4730BD9E-6E64-4ABF-8A61-A86187CF5FC9.jpeg?fit=600%2C265\" src=\"https:\/\/i0.wp.com\/blogdalucianaoliveira.com.br\/blog\/wp-content\/uploads\/2020\/12\/4730BD9E-6E64-4ABF-8A61-A86187CF5FC9.jpeg?resize=600%2C265\" alt=\"\" class=\"wp-image-30509\" srcset=\"https:\/\/i0.wp.com\/blogdalucianaoliveira.com.br\/blog\/wp-content\/uploads\/2020\/12\/4730BD9E-6E64-4ABF-8A61-A86187CF5FC9.jpeg?w=753 753w, https:\/\/i0.wp.com\/blogdalucianaoliveira.com.br\/blog\/wp-content\/uploads\/2020\/12\/4730BD9E-6E64-4ABF-8A61-A86187CF5FC9.jpeg?resize=300%2C132 300w, https:\/\/i0.wp.com\/blogdalucianaoliveira.com.br\/blog\/wp-content\/uploads\/2020\/12\/4730BD9E-6E64-4ABF-8A61-A86187CF5FC9.jpeg?resize=680%2C300 680w\" sizes=\"auto, (max-width: 600px) 100vw, 600px\" \/><\/figure>\n\n\n\n<p>Revista Piau\u00ed &#8211; <strong>MARCOS AMOROZO, LUIGI MAZZA E RENATA BUONO<\/strong><\/p>\n\n\n\n<!--more-->\n\n\n\n<p><strong>M<\/strong>ais de 26% das cidades brasileiras n\u00e3o t\u00eam nenhum tipo de delegacia. \u00c9 um n\u00famero que vem aumentando nos \u00faltimos anos: em 2014, as cidades sem delegacia eram 23% do total de 5,5 mil cidades do pa\u00eds. Essa aus\u00eancia \u00e9 notada de forma mais acentuada em alguns estados, como o Piau\u00ed, onde, a cada vinte munic\u00edpios, quinze n\u00e3o t\u00eam delegacia. Como a Pol\u00edcia Civil n\u00e3o chega aos rinc\u00f5es do pa\u00eds, o atendimento especializado de pol\u00edcia passa mais longe ainda. Segundo dados de 2019 do IBGE, s\u00f3 7% das cidades brasileiras t\u00eam delegacias de atendimento \u00e0 mulher, que amparam v\u00edtimas de crimes de abuso sexual e viol\u00eancia dom\u00e9stica. Ao mesmo tempo, vem crescendo o n\u00famero de munic\u00edpios que contam com sua pr\u00f3pria Guarda Municipal para atividades de policiamento. A cada dez cidades que contavam com uma guarda em 2009, passou a haver catorze em 2019. O\u00a0<em>=igualdades<\/em>\u00a0desta semana faz um retrato das mudan\u00e7as na seguran\u00e7a p\u00fablica do Brasil ao longo da \u00faltima d\u00e9cada.<\/p>\n\n\n\n<figure class=\"wp-block-image\"><img data-recalc-dims=\"1\" decoding=\"async\" src=\"https:\/\/i0.wp.com\/piaui.folha.uol.com.br\/wp-content\/uploads\/2020\/12\/arte1-seguranc%25E2%2595%25A0%25C2%25BAa.jpg?w=600&#038;ssl=1\" alt=\"\" class=\"wp-image-392995\"\/><\/figure>\n\n\n\n<p>Em um quarto das cidades brasileiras a popula\u00e7\u00e3o n\u00e3o tem uma unidade policial fixa \u00e0 qual recorrer. O n\u00famero de munic\u00edpios sem delegacias cresceu nos \u00faltimos anos. Desde 2014, 37 cidades deixaram de ter uma unidade fixa da pol\u00edcia civil anualmente, em m\u00e9dia. Isso fez com que o n\u00famero de cidades sem nenhuma unidade saltasse de 1280, em 2014, para 1464, em 2019.&nbsp;<\/p>\n\n\n\n<figure class=\"wp-block-image\"><img data-recalc-dims=\"1\" decoding=\"async\" src=\"https:\/\/i0.wp.com\/piaui.folha.uol.com.br\/wp-content\/uploads\/2020\/12\/arte2-seguran%25C3%25A7a-VA.jpg?w=600&#038;ssl=1\" alt=\"\" class=\"wp-image-392886\"\/><\/figure>\n\n\n\n<p>Proporcionalmente, o estado de S\u00e3o Paulo tem tr\u00eas vezes mais delegacias que o Piau\u00ed. Dos 645 munic\u00edpios paulistas, 627 contam com unidades policiais fixas, o que representa uma cobertura de 95%. Entre os piauienses, s\u00e3o apenas 61 dos 224 munic\u00edpios, cerca de 27% do total.<\/p>\n\n\n\n<figure class=\"wp-block-image\"><img data-recalc-dims=\"1\" decoding=\"async\" src=\"https:\/\/i0.wp.com\/piaui.folha.uol.com.br\/wp-content\/uploads\/2020\/12\/arte3-seguranc%25CC%25A7a.jpg?w=600&#038;ssl=1\" alt=\"\" class=\"wp-image-392887\"\/><\/figure>\n\n\n\n<p>S\u00f3 sete de cada 100 cidades brasileiras t\u00eam ao menos uma delegacia especializada no atendimento \u00e0 mulher. Isso significa que apenas 427 munic\u00edpios t\u00eam o servi\u00e7o, enquanto 5.123 n\u00e3o t\u00eam. A situa\u00e7\u00e3o \u00e9 ainda pior entre as cidades pequenas: somente 9 dos 3670 munic\u00edpios com at\u00e9 20 mil habitantes t\u00eam uma unidade espec\u00edfica para o acolhimento de mulheres.<\/p>\n\n\n\n<p><\/p>\n\n\n\n<figure class=\"wp-block-image\"><img data-recalc-dims=\"1\" decoding=\"async\" src=\"https:\/\/i0.wp.com\/piaui.folha.uol.com.br\/wp-content\/uploads\/2020\/12\/arte4-seguranc%25CC%25A7a.jpg?w=600&#038;ssl=1\" alt=\"\" class=\"wp-image-392888\"\/><\/figure>\n\n\n\n<p>O investimento em seguran\u00e7a p\u00fablica por parte das prefeituras vem crescendo no Brasil. Um dos indicativos disso \u00e9 o aumento de 40% no n\u00famero de munic\u00edpios com guardas municipais na \u00faltima d\u00e9cada. Para cada 10 munic\u00edpios que contavam com Guarda Municipal pr\u00f3pria em 2009, passou a haver 14 munic\u00edpios em 2019.<\/p>\n\n\n\n<figure class=\"wp-block-image\"><img data-recalc-dims=\"1\" decoding=\"async\" src=\"https:\/\/i0.wp.com\/piaui.folha.uol.com.br\/wp-content\/uploads\/2020\/12\/arte5-seguranc%25CC%25A7a.jpg?w=600&#038;ssl=1\" alt=\"\" class=\"wp-image-392889\"\/><\/figure>\n\n\n\n<p>O n\u00famero de mulheres no corpo de agentes da Pol\u00edcia Civil \u00e9, proporcionalmente, duas vezes maior do que o da Pol\u00edcia Militar. A cada 100 policiais civis, 28 s\u00e3o mulheres. J\u00e1 entre os PMs, a propor\u00e7\u00e3o \u00e9 bem menor: a cada 100 policiais, s\u00f3 11 s\u00e3o mulheres.<\/p>\n\n\n\n<figure class=\"wp-block-image\"><img data-recalc-dims=\"1\" decoding=\"async\" src=\"https:\/\/i0.wp.com\/piaui.folha.uol.com.br\/wp-content\/uploads\/2020\/12\/arte6-seguranc%25CC%25A7a.jpg?w=600&#038;ssl=1\" alt=\"\" class=\"wp-image-392890\"\/><\/figure>\n\n\n\n<p>A participa\u00e7\u00e3o feminina nas pol\u00edcias varia de acordo com o estado. A Pol\u00edcia Militar do Amap\u00e1, por exemplo, \u00e9 a mais feminina de todas: tem 22,8% do efetivo composto por mulheres. \u00c9 uma propor\u00e7\u00e3o nove vezes maior que a da PM do Rio Grande do Norte, onde as mulheres comp\u00f5em apenas 2,4% da tropa de policiais.<\/p>\n\n\n\n<figure class=\"wp-block-image\"><img data-recalc-dims=\"1\" decoding=\"async\" src=\"https:\/\/i0.wp.com\/piaui.folha.uol.com.br\/wp-content\/uploads\/2020\/12\/arte7-seguranc%25CC%25A7a.jpg?w=600&#038;ssl=1\" alt=\"\" class=\"wp-image-392891\"\/><\/figure>\n\n\n\n<p>O investimento per capita em seguran\u00e7a p\u00fablica de S\u00e3o Paulo \u00e9 duas vezes menor que o do Rio de Janeiro. Em 2019, o governo paulista gastou R$ 260 reais em seguran\u00e7a por habitante, o menor valor proporcional entre todos os estados. J\u00e1 o governo do Rio gastou R$ 563, ficando em quinto no ranking. A m\u00e9dia de S\u00e3o Paulo \u00e9 menor que a nacional, de R$ 452.<\/p>\n\n\n\n<p><strong>Fonte:&nbsp;<\/strong>Instituto Brasileiro de Geografia e Estat\u00edstica (IBGE) e F\u00f3rum Brasileiro de Seguran\u00e7a P\u00fablica.<\/p>\n","protected":false},"excerpt":{"rendered":"<p>Revista Piau\u00ed &#8211; MARCOS AMOROZO, LUIGI MAZZA E RENATA BUONO<\/p>\n","protected":false},"author":1,"featured_media":0,"comment_status":"closed","ping_status":"open","sticky":false,"template":"","format":"standard","meta":{"_exactmetrics_skip_tracking":false,"_exactmetrics_sitenote_active":false,"_exactmetrics_sitenote_note":"","_exactmetrics_sitenote_category":0,"jetpack_post_was_ever_published":false,"_jetpack_newsletter_access":"","_jetpack_dont_email_post_to_subs":false,"_jetpack_newsletter_tier_id":0,"_jetpack_memberships_contains_paywalled_content":false,"_jetpack_memberships_contains_paid_content":false,"footnotes":"","jetpack_publicize_message":"","jetpack_publicize_feature_enabled":true,"jetpack_social_post_already_shared":true,"jetpack_social_options":{"image_generator_settings":{"template":"highway","enabled":false},"version":2}},"categories":[1],"tags":[],"class_list":["post-30508","post","type-post","status-publish","format-standard","hentry","category-notas"],"jetpack_publicize_connections":[],"jetpack_sharing_enabled":true,"jetpack_featured_media_url":"","jetpack_shortlink":"https:\/\/wp.me\/p7wKYW-7W4","jetpack-related-posts":[],"_links":{"self":[{"href":"http:\/\/blogdalucianaoliveira.com.br\/blog\/wp-json\/wp\/v2\/posts\/30508","targetHints":{"allow":["GET"]}}],"collection":[{"href":"http:\/\/blogdalucianaoliveira.com.br\/blog\/wp-json\/wp\/v2\/posts"}],"about":[{"href":"http:\/\/blogdalucianaoliveira.com.br\/blog\/wp-json\/wp\/v2\/types\/post"}],"author":[{"embeddable":true,"href":"http:\/\/blogdalucianaoliveira.com.br\/blog\/wp-json\/wp\/v2\/users\/1"}],"replies":[{"embeddable":true,"href":"http:\/\/blogdalucianaoliveira.com.br\/blog\/wp-json\/wp\/v2\/comments?post=30508"}],"version-history":[{"count":1,"href":"http:\/\/blogdalucianaoliveira.com.br\/blog\/wp-json\/wp\/v2\/posts\/30508\/revisions"}],"predecessor-version":[{"id":30510,"href":"http:\/\/blogdalucianaoliveira.com.br\/blog\/wp-json\/wp\/v2\/posts\/30508\/revisions\/30510"}],"wp:attachment":[{"href":"http:\/\/blogdalucianaoliveira.com.br\/blog\/wp-json\/wp\/v2\/media?parent=30508"}],"wp:term":[{"taxonomy":"category","embeddable":true,"href":"http:\/\/blogdalucianaoliveira.com.br\/blog\/wp-json\/wp\/v2\/categories?post=30508"},{"taxonomy":"post_tag","embeddable":true,"href":"http:\/\/blogdalucianaoliveira.com.br\/blog\/wp-json\/wp\/v2\/tags?post=30508"}],"curies":[{"name":"wp","href":"https:\/\/api.w.org\/{rel}","templated":true}]}}