{"id":30522,"date":"2020-12-29T08:04:22","date_gmt":"2020-12-29T12:04:22","guid":{"rendered":"http:\/\/blogdalucianaoliveira.com.br\/blog\/?p=30522"},"modified":"2020-12-29T08:04:26","modified_gmt":"2020-12-29T12:04:26","slug":"por-que-26-milhoes-de-americanos-enfrentaram-fome-em-2020-so-comparavel-a-grande-depressao","status":"publish","type":"post","link":"http:\/\/blogdalucianaoliveira.com.br\/blog\/2020\/12\/29\/por-que-26-milhoes-de-americanos-enfrentaram-fome-em-2020-so-comparavel-a-grande-depressao\/","title":{"rendered":"Por que 26 milh\u00f5es de americanos enfrentaram fome em 2020: &#8216;S\u00f3 compar\u00e1vel \u00e0 Grande Depress\u00e3o&#8217;"},"content":{"rendered":"\n<figure class=\"wp-block-image size-large\"><img data-recalc-dims=\"1\" loading=\"lazy\" decoding=\"async\" width=\"600\" height=\"338\" data-attachment-id=\"30523\" data-permalink=\"http:\/\/blogdalucianaoliveira.com.br\/blog\/2020\/12\/29\/por-que-26-milhoes-de-americanos-enfrentaram-fome-em-2020-so-comparavel-a-grande-depressao\/image-17-14\/\" data-orig-file=\"https:\/\/i0.wp.com\/blogdalucianaoliveira.com.br\/blog\/wp-content\/uploads\/2020\/12\/image-17.jpeg?fit=800%2C450\" data-orig-size=\"800,450\" data-comments-opened=\"0\" data-image-meta=\"{&quot;aperture&quot;:&quot;0&quot;,&quot;credit&quot;:&quot;&quot;,&quot;camera&quot;:&quot;&quot;,&quot;caption&quot;:&quot;&quot;,&quot;created_timestamp&quot;:&quot;0&quot;,&quot;copyright&quot;:&quot;&quot;,&quot;focal_length&quot;:&quot;0&quot;,&quot;iso&quot;:&quot;0&quot;,&quot;shutter_speed&quot;:&quot;0&quot;,&quot;title&quot;:&quot;&quot;,&quot;orientation&quot;:&quot;0&quot;}\" data-image-title=\"image-17\" data-image-description=\"\" data-image-caption=\"\" data-medium-file=\"https:\/\/i0.wp.com\/blogdalucianaoliveira.com.br\/blog\/wp-content\/uploads\/2020\/12\/image-17.jpeg?fit=300%2C169\" data-large-file=\"https:\/\/i0.wp.com\/blogdalucianaoliveira.com.br\/blog\/wp-content\/uploads\/2020\/12\/image-17.jpeg?fit=600%2C338\" src=\"https:\/\/i0.wp.com\/blogdalucianaoliveira.com.br\/blog\/wp-content\/uploads\/2020\/12\/image-17.jpeg?resize=600%2C338\" alt=\"\" class=\"wp-image-30523\" srcset=\"https:\/\/i0.wp.com\/blogdalucianaoliveira.com.br\/blog\/wp-content\/uploads\/2020\/12\/image-17.jpeg?w=800 800w, https:\/\/i0.wp.com\/blogdalucianaoliveira.com.br\/blog\/wp-content\/uploads\/2020\/12\/image-17.jpeg?resize=300%2C169 300w, https:\/\/i0.wp.com\/blogdalucianaoliveira.com.br\/blog\/wp-content\/uploads\/2020\/12\/image-17.jpeg?resize=768%2C432 768w, https:\/\/i0.wp.com\/blogdalucianaoliveira.com.br\/blog\/wp-content\/uploads\/2020\/12\/image-17.jpeg?resize=533%2C300 533w\" sizes=\"auto, (max-width: 600px) 100vw, 600px\" \/><\/figure>\n\n\n\n<p><strong>Desde que a pandemia come\u00e7ou, Robin McKinney, de 47 anos, s\u00f3 consegue garantir comida para si, um neto e dois de seus sete filhos gra\u00e7as a institui\u00e7\u00f5es de caridade.<\/strong><\/p>\n\n\n\n<!--more-->\n\n\n\n<p>Mariana Sanches <\/p>\n\n\n\n<p>Da BBC News Brasil em Washington<\/p>\n\n\n\n<p>&#8220;\u00c9 dif\u00edcil fazer caber no or\u00e7amento, especialmente porque o pre\u00e7o da comida subiu tanto agora&#8221;, diz ela, citando o custo de alguns itens de mercado, como carnes, com alta de 25% em rela\u00e7\u00e3o a 2019, ou ovos, 12% mais caros.&nbsp;<\/p>\n\n\n\n<p>O al\u00edvio chega em uma caixa de papel\u00e3o, uma vez por semana: frutas, legumes, macarr\u00e3o, arroz.&nbsp;<\/p>\n\n\n\n<p>&#8220;Antes era s\u00f3 de vez em quando que eu precisava desse tipo de ajuda, n\u00e3o toda semana como agora&#8221;, ela conta.<\/p>\n\n\n\n<p>A hist\u00f3ria de McKinney se tornou a mesma de cerca de 26 milh\u00f5es de adultos nos\u00a0<a href=\"https:\/\/www.bbc.com\/portuguese\/topics\/cdr56r2r88wt\">Estados Unidos<\/a>depois de mar\u00e7o de 2020. Dados de novembro do Censo do pa\u00eds indicam que \u00e9 essa a quantidade de adultos que afirmam n\u00e3o ter tido alimento suficiente pelo menos uma vez na semana anterior \u00e0 pesquisa \u2014 contra 19,5 milh\u00f5es que viviam esse tipo de situa\u00e7\u00e3o at\u00e9 mar\u00e7o, no per\u00edodo pr\u00e9-pandemia.<\/p>\n\n\n\n<p>Mas segundo a Feeding America, maior organiza\u00e7\u00e3o de combate \u00e0 fome dos EUA, com 200 bancos de alimentos espalhados por todo o pa\u00eds, esse n\u00famero pode ser ainda maior: 54 milh\u00f5es de pessoas, entre adultos e crian\u00e7as, ou um em cada seis habitantes do pa\u00eds estariam diante da ang\u00fastia cotidiana de talvez n\u00e3o ter o que comer.<\/p>\n\n\n\n<figure class=\"wp-block-image\"><img data-recalc-dims=\"1\" decoding=\"async\" src=\"https:\/\/i0.wp.com\/ichef.bbci.co.uk\/news\/640\/cpsprodpb\/819A\/production\/_116287133_persona.jpg?w=600&#038;ssl=1\" alt=\"Robin McKinney na rua, sorrindo em meio a bexigas estampadas com bandeira dos EUA\"\/><figcaption>Legenda da foto,&nbsp;&#8216;Antes era s\u00f3 de vez em quando que eu precisava desse tipo de ajuda, n\u00e3o toda semana como agora&#8217;, relata Robin McKinney<\/figcaption><\/figure>\n\n\n\n<p>Para Julia Wolfson, professora de pol\u00edticas de sa\u00fade da Universidade de Michigan e especialista em fome, esses dados s\u00e3o compar\u00e1veis apenas com o que os EUA enfrentaram durante a Grande Depress\u00e3o, de 1929.&nbsp;<\/p>\n\n\n\n<p>&#8220;Em 2019, a inseguran\u00e7a alimentar estava em baixa (10,5%) em compara\u00e7\u00e3o com os \u00faltimos anos. E ent\u00e3o a pandemia chegou, com a crise econ\u00f4mica, empresas fechando, pessoas perdendo seus empregos e crian\u00e7as n\u00e3o podendo ir \u00e0 escola. E todas essas coisas conduziram a n\u00edveis realmente cr\u00edticos de inseguran\u00e7a alimentar, diferente de tudo que vimos em d\u00e9cadas anteriores, mesmo durante a grande recess\u00e3o (de 2008\/2009) quando a inseguran\u00e7a alimentar estava em cerca de 14%, 15%. Agora, dependendo da pesquisa, as estimativas de abril chegam a 38% de inseguran\u00e7a alimentar nos Estados Unidos&#8221;, afirma Wolfson.&nbsp;<\/p>\n\n\n\n<p>Pode parecer um contrassenso que no pa\u00eds mais rico do mundo a fome seja um grave problema social. Mas especialistas consultados pela BBC News Brasil afirmam que os EUA enfrentam um conjunto de fatores que explica o quadro: a pandemia, que j\u00e1 matou mais de 300 mil no pa\u00eds, desembarcou em um terreno com alta desigualdade social e um sistema de servi\u00e7os sociais pouco robusto.&nbsp;<\/p>\n\n\n\n<p>Nessas condi\u00e7\u00f5es, um contingente grande de pessoas que estava na borda da rede de prote\u00e7\u00e3o foi lan\u00e7ada para fora dela t\u00e3o logo a doen\u00e7a \u2014 e a recess\u00e3o \u2014 assolou o territ\u00f3rio americano.&nbsp;<\/p>\n\n\n\n<h2 class=\"wp-block-heading\" id=\"Trope\u00e7o-no-progresso-\">Trope\u00e7o no progresso&nbsp;<\/h2>\n\n\n\n<p>McKinney n\u00e3o est\u00e1 no pior lugar em que j\u00e1 esteve. Agente comunit\u00e1ria em um dos bairros mais pobres de Washington D.C., ela teve mais sorte que muitos dos seus vizinhos, que perderam o emprego. Mas descontados os custos da hipoteca, \u00e1gua, luz e g\u00e1s, tem sobrado cerca de US$ 100 para a fam\u00edlia passar o m\u00eas. Dados do censo americano indicam que para afugentar o risco da fome, os McKinney precisariam ter ao menos duas vezes mais do que essa sobra.<\/p>\n\n\n\n<p>O buraco para a fam\u00edlia, no entanto, j\u00e1 foi muito mais profundo. M\u00e3e solteira, h\u00e1 cinco anos, ela e os sete filhos eram moradores de rua.&nbsp;<\/p>\n\n\n\n<p>&#8220;No Natal de 2017 eu dei aos meus filhos o melhor presente da vida: uma casa&#8221;, ela conta. McKinney conseguiu um emprego como motorista de transporte p\u00fablico para pessoas com defici\u00eancia e se inscreveu em programas sociais de moradia e apoio \u00e0 popula\u00e7\u00e3o de baixa renda. Com isso, conseguiu fazer um financiamento imobili\u00e1rio.&nbsp;<\/p>\n\n\n\n<p>Seu progresso pessoal coincide com um per\u00edodo de crescimento constante da economia americana e de pleno emprego no pa\u00eds. A pandemia de&nbsp;<a href=\"https:\/\/www.bbc.com\/portuguese\/topics\/clmq8rgyyvjt\">covid-19<\/a>, no entanto, interrompeu abruptamente o ciclo de prosperidade tanto para ela quanto para seu pa\u00eds. Os EUA mergulharam em uma recess\u00e3o, com uma contra\u00e7\u00e3o da economia de 32,9% no segundo trimestre de 2020 (o pior dado desde 1947) e a taxa de desemprego passou de 3,5% em fevereiro de 2020 para 14,7% em abril do mesmo ano.&nbsp;<\/p>\n\n\n\n<p>Ainda em mar\u00e7o, o Congresso americano aprovou um pacote de US$ 2,2 trilh\u00f5es em socorro \u00e0 economia americana \u2014 o maior da hist\u00f3ria do pa\u00eds. A lei previa pagamentos individuais de US$ 1,2 mil para milh\u00f5es de pessoas, al\u00e9m de aux\u00edlio-desemprego e interrup\u00e7\u00e3o de cobran\u00e7a de d\u00edvidas estudantis e de ordens de despejo. Tudo isso, no entanto, n\u00e3o impediu que muita gente dependesse da caridade alheia ou mesmo passasse fome.&nbsp;<\/p>\n\n\n\n<p>Pra piorar, conforme o pacote de al\u00edvio anterior expirava, a administra\u00e7\u00e3o federal atrasou em meses uma nova reedi\u00e7\u00e3o da medida. Em meio \u00e0 campanha eleitoral presidencial, republicanos e democratas n\u00e3o concordavam sobre o tamanho do aux\u00edlio a ser ofertado \u00e0 popula\u00e7\u00e3o: os primeiros defendiam um aux\u00edlio mais enxuto, os segundos queriam ajuda mais polpuda.<\/p>\n\n\n\n<figure class=\"wp-block-embed-twitter wp-block-embed is-type-rich is-provider-twitter\"><div class=\"wp-block-embed__wrapper\">\n<blockquote class=\"twitter-tweet\" data-width=\"550\" data-dnt=\"true\"><p lang=\"en\" dir=\"ltr\">Tomorrow, electricity shut-offs are resuming in St. Louis, &amp; evictions have already begun. <br><br>These shut-offs &amp; evictions drive people out of their homes, leaving them defenseless against COVID-19.<br><br>As public health experts say stay at home, folks are being forced out of theirs.<\/p>&mdash; Cori Bush (@CoriBush) <a href=\"https:\/\/twitter.com\/CoriBush\/status\/1290099685848276993?ref_src=twsrc%5Etfw\">August 3, 2020<\/a><\/blockquote><script async src=\"https:\/\/platform.twitter.com\/widgets.js\" charset=\"utf-8\"><\/script>\n<\/div><\/figure>\n\n\n\n<p>Cori Bush, congressista americana democrata eleita pelo Estado do Missouri expressou sua frustra\u00e7\u00e3o com o presidente Trump e os colegas do Legislativo diante da demora no socorro \u00e0 popula\u00e7\u00e3o. Via Twitter, ela afirmou que &#8220;43 milh\u00f5es de pessoas correm o risco de ser despejadas j\u00e1 que a morat\u00f3ria do aluguel vai expirar. Eu vivi em um carro com meus dois beb\u00eas por meses. Eu preparei mamadeira em um banheiro do McDonalds. Se as nossas &#8220;lideran\u00e7as&#8221; entendessem essas dificuldades como eu entendo, n\u00e3o haveria depende sobre a extens\u00e3o do aux\u00edlio&#8221;.&nbsp;<\/p>\n\n\n\n<p>Quando finalmente um acordo bipartid\u00e1rio foi alcan\u00e7ado \u2014 com um pacote de cerca de US$ 900 bilh\u00f5es e previs\u00e3o de cheques de US$ 600, al\u00e9m de novas morat\u00f3rias de aluguel para cidad\u00e3os \u2014 e enviado \u00e0 mesa do presidente Donald Trump para a assinatura, na v\u00e9spera de Natal, a lei voltou a emperrar.&nbsp;<\/p>\n\n\n\n<p>Trump chamou o pacote, negociado por seus correligion\u00e1rios, de &#8220;desgra\u00e7a&#8221;; ele disse que provis\u00f5es previstas a institui\u00e7\u00f5es culturais e aux\u00edlio a pa\u00edses estrangeiros eram &#8220;desnecess\u00e1rias&#8221;, que queria que os cheques para os americanos necessitados fossem mais polpudos \u2014 de US$ 2 mil \u2014 e amea\u00e7ou n\u00e3o sancionar a lei. No \u00faltimo domingo, dia 27, no entanto, o mandat\u00e1rio, derrotado na elei\u00e7\u00e3o presidencial e que permanecer\u00e1 menos de um m\u00eas no cargo, assinou a lei depois de ser pressionado pelos pr\u00f3prios republicanos, que disputam com os democratas dois assentos no Senado no Estado da Ge\u00f3rgia no come\u00e7o de janeiro e podem perder a maioria na casa legislativa se n\u00e3o vencerem o pleito.<\/p>\n\n\n\n<p>Especialistas veem no socorro federal um passo essencial para evitar que a situa\u00e7\u00e3o se deteriore ainda mais e mais r\u00e1pido para fam\u00edlias americanas j\u00e1 vulner\u00e1veis, mas n\u00e3o apostam que esse segundo pacote, bem mais enxuto que o primeiro, possa conter a crise social.<\/p>\n\n\n\n<p>\u00c9 o que diz Ayana Bias. Ela \u00e9 diretora de servi\u00e7os volunt\u00e1rios de uma entidade chamada United Planning Organization (UPO), que atua h\u00e1 mais de 50 anos com fam\u00edlias de baixa renda na capital americana. Originalmente, a entidade n\u00e3o tinha como foco principal a alimenta\u00e7\u00e3o, mas a necessidade se imp\u00f4s. Durante a pandemia, a UPO j\u00e1 forneceu mais de 40 mil refei\u00e7\u00f5es para pessoas em condi\u00e7\u00e3o de rua e tem entregado 250 cestas b\u00e1sicas por semana.&nbsp;<\/p>\n\n\n\n<p>&#8220;(Recebo) muitos rostos novos, muitos novos telefonemas, muitos novos e-mails, o dobro do que est\u00e1vamos recebendo ou dos servi\u00e7os que eram fornecidos antes. E as pessoas est\u00e3o vindo de todos os lugares&#8221;, conta Ayana.<\/p>\n\n\n\n<p>A entidade vive a afli\u00e7\u00e3o cotidiana de n\u00e3o ter recursos suficientes para manter o fluxo do aux\u00edlio. &#8220;Como a gente n\u00e3o \u00e9 uma organiza\u00e7\u00e3o de alimentos, a gente se perguntava se tinha capacidade para fazer isso, principalmente durante a epidemia. Bem, n\u00f3s temos os recursos e, independentemente de quanto voc\u00ea fa\u00e7a, muito mais precisa ser feito. Sabemos que, como as coisas est\u00e3o agora, isso n\u00e3o parece que vai mudar de modo significativo em breve&#8221;, lamenta Ayana.<\/p>\n\n\n\n<h2 class=\"wp-block-heading\" id=\"A-fome-em-meio-\u00e0-riqueza\">A fome em meio \u00e0 riqueza<\/h2>\n\n\n\n<p>Segundo Wolfson, a deteriora\u00e7\u00e3o social do pa\u00eds tem um duplo fator: de um lado, a desigualdade social, e de outro, a pobre rede de prote\u00e7\u00e3o social do pa\u00eds.<\/p>\n\n\n\n<p>&#8220;Grande parte do mundo olha para os EUA e v\u00ea um pa\u00eds de grandes oportunidades. Mas esse tamb\u00e9m \u00e9 um pa\u00eds com muita desigualdade social e desigualdade de renda. H\u00e1 comunidades aqui que se parecem muito mais com \u00e1reas pobres do Brasil do que com essa imagem de EUA que se tem. H\u00e1 uma pobreza muito grave&#8221;, afirma a professora da Universidade de Michigan.&nbsp;<\/p>\n\n\n\n<p>Os n\u00fameros confirmam o argumento. De acordo com os dados do censo americano, lares latinos ou negros, como o de McKinney, t\u00eam entre 2 e 2,5 vezes mais chance de sofrer com inseguran\u00e7a alimentar do que domic\u00edlios de brancos. Uma em cada cinco casas de fam\u00edlias negras enfrenta fome hoje nos Estados Unidos. Quadro semelhante acontece tamb\u00e9m para outros indicadores econ\u00f4micos e sociais: a taxa de desemprego entre homens negros, por exemplo, \u00e9 quase o dobro da registrada entre homens brancos nos EUA em 2020.&nbsp;<\/p>\n\n\n\n<p>E nesse contexto, o sistema de seguridade social americano parece modesto demais para responder \u00e0 quest\u00e3o, aponta Wolfson. O aux\u00edlio-desemprego, por exemplo, \u00e9 extremamente limitado. Antes da pandemia, apenas 9% dos desempregados no Estado do Mississipi conseguiam acesso ao benef\u00edcio. No Estado de Massachusetts, com a maior cobertura do tipo, pouco mais da metade das pessoas sem emprego podia receb\u00ea-lo. Embora tenha expandido o alcance do seguro-desemprego, os pacotes de al\u00edvio n\u00e3o garantiram que essa renda chegasse a todos os que perderam os empregos.&nbsp;<\/p>\n\n\n\n<p>&#8220;Quando voc\u00ea compara a abordagem dos programas sociais que adotamos para as pessoas necessitadas em rela\u00e7\u00e3o a pa\u00edses de mesma renda m\u00e9dia, voc\u00ea percebe a diferen\u00e7a. Particularmente se voc\u00ea pensar nos pa\u00edses europeus, os EUA n\u00e3o t\u00eam servi\u00e7o de creche p\u00fablico universal, n\u00e3o tem assist\u00eancia m\u00e9dica universal e gratuita. E todas essas coisas criam uma carga financeira desproporcional para as fam\u00edlias de baixa renda e em \u00faltima inst\u00e2ncia levam \u00e0 fome&#8221;, diz Wolfson.<\/p>\n\n\n\n<p>O principal programa de aux\u00edlio no combate \u00e0 fome, popularmente conhecido como &#8220;food stamps&#8221;, ou &#8220;vale-refei\u00e7\u00e3o&#8221;, \u00e9 uma verba destinada a fam\u00edlias de baixa renda para que comprem itens como carne, vegetais e cereais. O pacote assinado por Trump no \u00faltimo domingo prev\u00ea que US$13 bilh\u00f5es ir\u00e3o diretamente para esse tipo de vale.&nbsp;<\/p>\n\n\n\n<p>Diferente do Bolsa Fam\u00edlia, que \u00e9 um programa de transfer\u00eancia de renda, o dinheiro do food stamps, cujo nome oficial \u00e9 Programa de Assist\u00eancia \u00e0 Suplementa\u00e7\u00e3o Nutricional (SNAP, na sigla em ingl\u00eas), s\u00f3 pode ser usado na compra de comida, o que deixa de fora uma s\u00e9rie de necessidades que fam\u00edlias pobres podem ter em rela\u00e7\u00e3o a outros itens.&nbsp;<\/p>\n\n\n\n<p>&#8220;No momento em que voc\u00ea calcula o aluguel, os impostos, as despesas com alimenta\u00e7\u00e3o e qualquer outra necessidade que voc\u00ea possa ter, como um seguro de sa\u00fade, al\u00e9m do &#8216;me d\u00ea, me d\u00ea, eu quero&#8217; dos filhos, ent\u00e3o para o cidad\u00e3o comum, que sai diariamente para trabalhar, pode ser um desafio apenas colocar comida na mesa. Porque sempre h\u00e1 uma necessidade. At\u00e9 mesmo ter uma poupan\u00e7a \u00e9 irreal&#8221;, afirma Kiki McBroom, l\u00edder comunit\u00e1ria em Washington D.C., que trabalha para aliviar as dificuldades financeiras de fam\u00edlias negras de baixa renda.&nbsp;<\/p>\n\n\n\n<p>Com dois filhos adolescentes que tem criado sozinha, ela mesma enfrenta esse tipo de dificuldade que tenta ajudar a aplacar.&nbsp;<\/p>\n\n\n\n<p>&#8220;N\u00e3o estou dizendo que \u00e9 imposs\u00edvel, mas exige muito sacrif\u00edcio. E com frequ\u00eancia a renda acaba antes de voc\u00ea pagar todas as despesas&#8221;, diz McBroom.&nbsp;<\/p>\n\n\n\n<p>Diante da priva\u00e7\u00e3o de comida, especialistas relatam os sentimentos de desespero, vergonha e tens\u00e3o que tomam os lares.&nbsp;<\/p>\n\n\n\n<p>&#8220;Nossos entrevistados para as pesquisas se dizem extremamente estressados. Em mar\u00e7o, uma delas me falou: &#8216;tenho vivido semana ap\u00f3s semana, obtendo apenas o suficiente para tentar evitar pedir ajuda. E agora estou caindo pelas frestas do sistema de suporte, sem ajuda. Estou com muito medo&#8221;, afirma Wolfson.<\/p>\n\n\n\n<p>J\u00e1 McKinney, que enfrentou a vida nas ruas, v\u00ea a situa\u00e7\u00e3o com resili\u00eancia: &#8220;Eu aprendi a fazer dar certo. E eu prometi aos meus filhos que n\u00e3o importa o que aconte\u00e7a, eu confio em Deus, eu nunca estarei em posi\u00e7\u00e3o de dizer a eles que &#8216;eu n\u00e3o posso fazer isso, eu n\u00e3o tenho isso pra te dar'&#8221;.<\/p>\n","protected":false},"excerpt":{"rendered":"<p>Desde que a pandemia come\u00e7ou, Robin McKinney, de 47 anos, s\u00f3 consegue garantir comida para si, um neto e dois de seus sete filhos gra\u00e7as a institui\u00e7\u00f5es de caridade.<\/p>\n","protected":false},"author":1,"featured_media":0,"comment_status":"closed","ping_status":"open","sticky":false,"template":"","format":"standard","meta":{"_exactmetrics_skip_tracking":false,"_exactmetrics_sitenote_active":false,"_exactmetrics_sitenote_note":"","_exactmetrics_sitenote_category":0,"jetpack_post_was_ever_published":false,"_jetpack_newsletter_access":"","_jetpack_dont_email_post_to_subs":false,"_jetpack_newsletter_tier_id":0,"_jetpack_memberships_contains_paywalled_content":false,"_jetpack_memberships_contains_paid_content":false,"footnotes":"","jetpack_publicize_message":"","jetpack_publicize_feature_enabled":true,"jetpack_social_post_already_shared":true,"jetpack_social_options":{"image_generator_settings":{"template":"highway","enabled":false},"version":2}},"categories":[1],"tags":[],"class_list":["post-30522","post","type-post","status-publish","format-standard","hentry","category-notas"],"jetpack_publicize_connections":[],"jetpack_sharing_enabled":true,"jetpack_featured_media_url":"","jetpack_shortlink":"https:\/\/wp.me\/p7wKYW-7Wi","jetpack-related-posts":[],"_links":{"self":[{"href":"http:\/\/blogdalucianaoliveira.com.br\/blog\/wp-json\/wp\/v2\/posts\/30522","targetHints":{"allow":["GET"]}}],"collection":[{"href":"http:\/\/blogdalucianaoliveira.com.br\/blog\/wp-json\/wp\/v2\/posts"}],"about":[{"href":"http:\/\/blogdalucianaoliveira.com.br\/blog\/wp-json\/wp\/v2\/types\/post"}],"author":[{"embeddable":true,"href":"http:\/\/blogdalucianaoliveira.com.br\/blog\/wp-json\/wp\/v2\/users\/1"}],"replies":[{"embeddable":true,"href":"http:\/\/blogdalucianaoliveira.com.br\/blog\/wp-json\/wp\/v2\/comments?post=30522"}],"version-history":[{"count":1,"href":"http:\/\/blogdalucianaoliveira.com.br\/blog\/wp-json\/wp\/v2\/posts\/30522\/revisions"}],"predecessor-version":[{"id":30524,"href":"http:\/\/blogdalucianaoliveira.com.br\/blog\/wp-json\/wp\/v2\/posts\/30522\/revisions\/30524"}],"wp:attachment":[{"href":"http:\/\/blogdalucianaoliveira.com.br\/blog\/wp-json\/wp\/v2\/media?parent=30522"}],"wp:term":[{"taxonomy":"category","embeddable":true,"href":"http:\/\/blogdalucianaoliveira.com.br\/blog\/wp-json\/wp\/v2\/categories?post=30522"},{"taxonomy":"post_tag","embeddable":true,"href":"http:\/\/blogdalucianaoliveira.com.br\/blog\/wp-json\/wp\/v2\/tags?post=30522"}],"curies":[{"name":"wp","href":"https:\/\/api.w.org\/{rel}","templated":true}]}}