{"id":30525,"date":"2020-12-29T08:21:28","date_gmt":"2020-12-29T12:21:28","guid":{"rendered":"http:\/\/blogdalucianaoliveira.com.br\/blog\/?p=30525"},"modified":"2020-12-29T08:21:34","modified_gmt":"2020-12-29T12:21:34","slug":"bolivia-cria-imposto-para-os-152-mais-ricos-do-pais","status":"publish","type":"post","link":"http:\/\/blogdalucianaoliveira.com.br\/blog\/2020\/12\/29\/bolivia-cria-imposto-para-os-152-mais-ricos-do-pais\/","title":{"rendered":"Bol\u00edvia cria imposto para os 152 mais ricos do pa\u00eds"},"content":{"rendered":"\n<figure class=\"wp-block-image size-large\"><img data-recalc-dims=\"1\" loading=\"lazy\" decoding=\"async\" width=\"600\" height=\"389\" data-attachment-id=\"30526\" data-permalink=\"http:\/\/blogdalucianaoliveira.com.br\/blog\/2020\/12\/29\/bolivia-cria-imposto-para-os-152-mais-ricos-do-pais\/7627ae69-9dfd-4ec4-a67c-eb23b552d923\/\" data-orig-file=\"https:\/\/i0.wp.com\/blogdalucianaoliveira.com.br\/blog\/wp-content\/uploads\/2020\/12\/7627AE69-9DFD-4EC4-A67C-EB23B552D923.jpeg?fit=953%2C618\" data-orig-size=\"953,618\" data-comments-opened=\"0\" data-image-meta=\"{&quot;aperture&quot;:&quot;0&quot;,&quot;credit&quot;:&quot;&quot;,&quot;camera&quot;:&quot;&quot;,&quot;caption&quot;:&quot;&quot;,&quot;created_timestamp&quot;:&quot;0&quot;,&quot;copyright&quot;:&quot;&quot;,&quot;focal_length&quot;:&quot;0&quot;,&quot;iso&quot;:&quot;0&quot;,&quot;shutter_speed&quot;:&quot;0&quot;,&quot;title&quot;:&quot;&quot;,&quot;orientation&quot;:&quot;0&quot;}\" data-image-title=\"7627AE69-9DFD-4EC4-A67C-EB23B552D923\" data-image-description=\"\" data-image-caption=\"\" data-medium-file=\"https:\/\/i0.wp.com\/blogdalucianaoliveira.com.br\/blog\/wp-content\/uploads\/2020\/12\/7627AE69-9DFD-4EC4-A67C-EB23B552D923.jpeg?fit=300%2C195\" data-large-file=\"https:\/\/i0.wp.com\/blogdalucianaoliveira.com.br\/blog\/wp-content\/uploads\/2020\/12\/7627AE69-9DFD-4EC4-A67C-EB23B552D923.jpeg?fit=600%2C389\" src=\"https:\/\/i0.wp.com\/blogdalucianaoliveira.com.br\/blog\/wp-content\/uploads\/2020\/12\/7627AE69-9DFD-4EC4-A67C-EB23B552D923.jpeg?resize=600%2C389\" alt=\"\" class=\"wp-image-30526\" srcset=\"https:\/\/i0.wp.com\/blogdalucianaoliveira.com.br\/blog\/wp-content\/uploads\/2020\/12\/7627AE69-9DFD-4EC4-A67C-EB23B552D923.jpeg?w=953 953w, https:\/\/i0.wp.com\/blogdalucianaoliveira.com.br\/blog\/wp-content\/uploads\/2020\/12\/7627AE69-9DFD-4EC4-A67C-EB23B552D923.jpeg?resize=300%2C195 300w, https:\/\/i0.wp.com\/blogdalucianaoliveira.com.br\/blog\/wp-content\/uploads\/2020\/12\/7627AE69-9DFD-4EC4-A67C-EB23B552D923.jpeg?resize=768%2C498 768w, https:\/\/i0.wp.com\/blogdalucianaoliveira.com.br\/blog\/wp-content\/uploads\/2020\/12\/7627AE69-9DFD-4EC4-A67C-EB23B552D923.jpeg?resize=463%2C300 463w\" sizes=\"auto, (max-width: 600px) 100vw, 600px\" \/><\/figure>\n\n\n\n<p>Imposto ser\u00e1 anual e permanente para todos que viverem no pa\u00eds latino, incluindo estrangeiros.<\/p>\n\n\n\n<!--more-->\n\n\n\n<p>O presidente da Bol\u00edvia, Luis Arce, promulgou nesta segunda-feira (28) um imposto sobre as<strong>fortunas superiores a 30 milh\u00f5es de bolivianos, ou US$ 4,3 milh\u00f5es, que ir\u00e1 atingir 152 pessoas.<\/strong><\/p>\n\n\n\n<p>Arce, no poder desde novembro, anunciou no Twitter que, &#8220;para a redistribui\u00e7\u00e3o da riqueza na Bol\u00edvia, promulgamos a Lei 1357 de Imposto sobre as Grandes Fortunas, que ser\u00e1 aplicado \u00e0queles que possuem um patrim\u00f4nio superior a 30 milh\u00f5es de bolivianos&#8221;, assinalando que &#8220;o benef\u00edcio chegar\u00e1 a milhares de fam\u00edlias bolivianas&#8221;.&nbsp;<\/p>\n\n\n\n<p>O presidente assinou a norma, aprovada nos \u00faltimos dias pelo Congresso, controlado pelo governante Movimento ao Socialismo (MAS) por ampla maioria. A lei estabelece porcentagens graduais para o pagamento da al\u00edquota: 1,4% para pessoas com riqueza de 30 milh\u00f5es a 40 milh\u00f5es de bolivianos; 1,9%, de 40 milh\u00f5es a 50 milh\u00f5es; e 2,4% para fortunas maiores.&nbsp;<\/p>\n\n\n\n<p>O imposto ser\u00e1 anual e permanente para todos que viverem na Bol\u00edvia, incluindo estrangeiros. A medida se aplica a pessoas naturais residentes no pa\u00eds que tiveram uma perman\u00eancia na Bol\u00edvia por mais de 183 dias nos \u00faltimos 12 meses.&nbsp;<\/p>\n\n\n\n<p>O ministro da Economia, Marcelo Montenegro, explicou que &#8220;as taxas efetivas est\u00e3o dentro da m\u00e9dia dos par\u00e2metros de outras economias da regi\u00e3o que aplicam um imposto semelhante, e a confidencialidade sobre as pessoas afetadas \u00e9 mantida&#8221;.<\/p>\n\n\n\n<p>A autoridade da \u00e1rea econ\u00f4mica estimou previamente que seriam arrecadados cerca de 100 milh\u00f5es de bolivianos com a nova norma. Partidos opositores e empres\u00e1rios fizeram observa\u00e7\u00f5es sobre o imposto, que consideram um desest\u00edmulo aos investimentos.<\/p>\n","protected":false},"excerpt":{"rendered":"<p>Imposto ser\u00e1 anual e permanente para todos que viverem no pa\u00eds latino, incluindo estrangeiros.<\/p>\n","protected":false},"author":1,"featured_media":0,"comment_status":"closed","ping_status":"open","sticky":false,"template":"","format":"standard","meta":{"_exactmetrics_skip_tracking":false,"_exactmetrics_sitenote_active":false,"_exactmetrics_sitenote_note":"","_exactmetrics_sitenote_category":0,"jetpack_post_was_ever_published":false,"_jetpack_newsletter_access":"","_jetpack_dont_email_post_to_subs":false,"_jetpack_newsletter_tier_id":0,"_jetpack_memberships_contains_paywalled_content":false,"_jetpack_memberships_contains_paid_content":false,"footnotes":"","jetpack_publicize_message":"","jetpack_publicize_feature_enabled":true,"jetpack_social_post_already_shared":true,"jetpack_social_options":{"image_generator_settings":{"template":"highway","enabled":false},"version":2}},"categories":[1],"tags":[],"class_list":["post-30525","post","type-post","status-publish","format-standard","hentry","category-notas"],"jetpack_publicize_connections":[],"jetpack_sharing_enabled":true,"jetpack_featured_media_url":"","jetpack_shortlink":"https:\/\/wp.me\/p7wKYW-7Wl","jetpack-related-posts":[],"_links":{"self":[{"href":"http:\/\/blogdalucianaoliveira.com.br\/blog\/wp-json\/wp\/v2\/posts\/30525","targetHints":{"allow":["GET"]}}],"collection":[{"href":"http:\/\/blogdalucianaoliveira.com.br\/blog\/wp-json\/wp\/v2\/posts"}],"about":[{"href":"http:\/\/blogdalucianaoliveira.com.br\/blog\/wp-json\/wp\/v2\/types\/post"}],"author":[{"embeddable":true,"href":"http:\/\/blogdalucianaoliveira.com.br\/blog\/wp-json\/wp\/v2\/users\/1"}],"replies":[{"embeddable":true,"href":"http:\/\/blogdalucianaoliveira.com.br\/blog\/wp-json\/wp\/v2\/comments?post=30525"}],"version-history":[{"count":1,"href":"http:\/\/blogdalucianaoliveira.com.br\/blog\/wp-json\/wp\/v2\/posts\/30525\/revisions"}],"predecessor-version":[{"id":30527,"href":"http:\/\/blogdalucianaoliveira.com.br\/blog\/wp-json\/wp\/v2\/posts\/30525\/revisions\/30527"}],"wp:attachment":[{"href":"http:\/\/blogdalucianaoliveira.com.br\/blog\/wp-json\/wp\/v2\/media?parent=30525"}],"wp:term":[{"taxonomy":"category","embeddable":true,"href":"http:\/\/blogdalucianaoliveira.com.br\/blog\/wp-json\/wp\/v2\/categories?post=30525"},{"taxonomy":"post_tag","embeddable":true,"href":"http:\/\/blogdalucianaoliveira.com.br\/blog\/wp-json\/wp\/v2\/tags?post=30525"}],"curies":[{"name":"wp","href":"https:\/\/api.w.org\/{rel}","templated":true}]}}