{"id":30528,"date":"2020-12-30T09:14:23","date_gmt":"2020-12-30T13:14:23","guid":{"rendered":"http:\/\/blogdalucianaoliveira.com.br\/blog\/?p=30528"},"modified":"2020-12-30T09:14:29","modified_gmt":"2020-12-30T13:14:29","slug":"coronavirus-a-advertencia-da-oms-de-que-pandemias-ainda-piores-podem-vir-no-futuro","status":"publish","type":"post","link":"http:\/\/blogdalucianaoliveira.com.br\/blog\/2020\/12\/30\/coronavirus-a-advertencia-da-oms-de-que-pandemias-ainda-piores-podem-vir-no-futuro\/","title":{"rendered":"Coronav\u00edrus: a advert\u00eancia da OMS de que pandemias ainda piores podem vir no futuro"},"content":{"rendered":"\n<figure class=\"wp-block-image size-large\"><img data-recalc-dims=\"1\" loading=\"lazy\" decoding=\"async\" width=\"600\" height=\"338\" data-attachment-id=\"30529\" data-permalink=\"http:\/\/blogdalucianaoliveira.com.br\/blog\/2020\/12\/30\/coronavirus-a-advertencia-da-oms-de-que-pandemias-ainda-piores-podem-vir-no-futuro\/image-18-14\/\" data-orig-file=\"https:\/\/i0.wp.com\/blogdalucianaoliveira.com.br\/blog\/wp-content\/uploads\/2020\/12\/image-18.jpeg?fit=640%2C360\" data-orig-size=\"640,360\" data-comments-opened=\"0\" data-image-meta=\"{&quot;aperture&quot;:&quot;0&quot;,&quot;credit&quot;:&quot;&quot;,&quot;camera&quot;:&quot;&quot;,&quot;caption&quot;:&quot;&quot;,&quot;created_timestamp&quot;:&quot;0&quot;,&quot;copyright&quot;:&quot;&quot;,&quot;focal_length&quot;:&quot;0&quot;,&quot;iso&quot;:&quot;0&quot;,&quot;shutter_speed&quot;:&quot;0&quot;,&quot;title&quot;:&quot;&quot;,&quot;orientation&quot;:&quot;0&quot;}\" data-image-title=\"image-18\" data-image-description=\"\" data-image-caption=\"\" data-medium-file=\"https:\/\/i0.wp.com\/blogdalucianaoliveira.com.br\/blog\/wp-content\/uploads\/2020\/12\/image-18.jpeg?fit=300%2C169\" data-large-file=\"https:\/\/i0.wp.com\/blogdalucianaoliveira.com.br\/blog\/wp-content\/uploads\/2020\/12\/image-18.jpeg?fit=600%2C338\" src=\"https:\/\/i0.wp.com\/blogdalucianaoliveira.com.br\/blog\/wp-content\/uploads\/2020\/12\/image-18.jpeg?resize=600%2C338\" alt=\"\" class=\"wp-image-30529\" srcset=\"https:\/\/i0.wp.com\/blogdalucianaoliveira.com.br\/blog\/wp-content\/uploads\/2020\/12\/image-18.jpeg?w=640 640w, https:\/\/i0.wp.com\/blogdalucianaoliveira.com.br\/blog\/wp-content\/uploads\/2020\/12\/image-18.jpeg?resize=300%2C169 300w, https:\/\/i0.wp.com\/blogdalucianaoliveira.com.br\/blog\/wp-content\/uploads\/2020\/12\/image-18.jpeg?resize=533%2C300 533w\" sizes=\"auto, (max-width: 600px) 100vw, 600px\" \/><\/figure>\n\n\n\n<p><strong>Em sua \u00faltima entrevista coletiva do ano de 2020, a Organiza\u00e7\u00e3o Mundial da Sa\u00fade (OMS) destacou os avan\u00e7os obtidos no combate ao coronav\u00edrus. Mas tamb\u00e9m emitiu um alerta para a humanidade: esta pandemia, apesar da devasta\u00e7\u00e3o que causou neste ano, pode n\u00e3o ser a pior que vamos enfrentar, por isso devemos estar preparados.<\/strong><\/p>\n\n\n\n<!--more-->\n\n\n\n<p>BBC <\/p>\n\n\n\n<p>O m\u00e9dico Mark Ryan, chefe do programa de emerg\u00eancias da OMS, reconheceu que a pandemia de covid-19 &#8220;\u00e9 muito grave, se espalhou com extrema rapidez e afetou todos os cantos do planeta&#8221;. Mas advertiu que &#8220;esta n\u00e3o \u00e9 necessariamente a maior&#8221; que podemos enfrentar.<\/p>\n\n\n\n<p>&#8220;Este v\u00edrus \u00e9 altamente transmiss\u00edvel, mata pessoas e priva muita gente de seus entes queridos, mas sua preval\u00eancia \u00e9 comparativamente baixa em compara\u00e7\u00e3o com outras doen\u00e7as emergentes&#8221;, indicou na ter\u00e7a-feira.<\/p>\n\n\n\n<p>&#8220;Este \u00e9 um alerta. Estamos aprendendo agora como fazer as coisas melhor: ci\u00eancia, log\u00edstica, treinamento e governan\u00e7a, como nos comunicar melhor. Mas o planeta \u00e9 fr\u00e1gil. Vivemos em uma sociedade global cada vez mais complexa. Essas amea\u00e7as continuar\u00e3o.&#8221;<\/p>\n\n\n\n<h2 class=\"wp-block-heading\" id=\"A-erradica\u00e7\u00e3o-\u00e9-uma-barreira-muito-alta\">&#8216;A erradica\u00e7\u00e3o \u00e9 uma barreira muito alta&#8217;<\/h2>\n\n\n\n<p>Nesta semana, faz um ano desde que a China reportou os primeiros casos de um novo tipo de pneumonia \u00e0 OMS, que semanas depois seria chamada de covid-19.<\/p>\n\n\n\n<figure class=\"wp-block-image\"><img data-recalc-dims=\"1\" decoding=\"async\" src=\"https:\/\/i0.wp.com\/ichef.bbci.co.uk\/news\/640\/cpsprodpb\/1415D\/production\/_116296228_c232342d-2395-4ef6-8513-b69c70d2768d.jpg?w=600&#038;ssl=1\" alt=\"Enfermeira mexicana tomando a vacina contra covid-19\"\/><figcaption>Legenda da foto,&nbsp;M\u00e9xico, Chile e Costa Rica j\u00e1 est\u00e3o aplicando a vacina contra covid-19 na Am\u00e9rica Latina<\/figcaption><\/figure>\n\n\n\n<p>Desde ent\u00e3o, at\u00e9 esta quarta-feira (30\/12\/2020), foram registrados 82.036.653 casos da doen\u00e7a em todos os continentes do planeta, e 1.791.662 pessoas morreram em todo o mundo.<\/p>\n\n\n\n<p>Em dezembro, o Reino Unido se tornou o primeiro pa\u00eds a come\u00e7ar uma campanha de imuniza\u00e7\u00e3o em massa contra o v\u00edrusa Sars-CoV-2, aplicando a vacina desenvolvida pela Pfizer\/BioNTech.<\/p>\n\n\n\n<p>Os Estados Unidos e a Uni\u00e3o Europeia tamb\u00e9m deram in\u00edcio \u00e0 vacina\u00e7\u00e3o, al\u00e9m de pa\u00edses como M\u00e9xico, Chile e Costa Rica, na Am\u00e9rica Latina. Mas a imuniza\u00e7\u00e3o n\u00e3o marca o fim da pandemia.<\/p>\n\n\n\n<p>Na entrevista coletiva de ter\u00e7a-feira, Ryan tamb\u00e9m se referiu ao futuro das vacinas.<\/p>\n\n\n\n<p>O especialista observou que &#8220;resta ver qu\u00e3o bem ser\u00e3o aplicadas, o qu\u00e3o perto estaremos de um n\u00edvel de cobertura que pode nos permitir a chance de atingir a elimina\u00e7\u00e3o, como vimos com a poliomielite e o sarampo&#8221;.<\/p>\n\n\n\n<p>Ele esclareceu, no entanto, que &#8220;a exist\u00eancia de uma vacina, mesmo com alta efic\u00e1cia, n\u00e3o \u00e9 garantia de elimina\u00e7\u00e3o ou erradica\u00e7\u00e3o de uma doen\u00e7a infecciosa&#8221; \u2014 e que esta &#8220;\u00e9 uma barreira muito alta para ser superada&#8221;.&nbsp;<\/p>\n\n\n\n<p>Primeiramente, acrescentou, &#8220;devemos nos concentrar em salvar vidas, controlar bem essa epidemia para que as vidas possam voltar ao normal e, ent\u00e3o, lidaremos com o objetivo de potencialmente sermos capazes de erradicar ou eliminar o v\u00edrus&#8221;.<\/p>\n\n\n\n<p>Sobre o pat\u00f3geno, Ryan prev\u00ea que &#8220;o cen\u00e1rio prov\u00e1vel \u00e9 que se torne outro v\u00edrus end\u00eamico que continuar\u00e1 a ser uma amea\u00e7a, mas uma amea\u00e7a de n\u00edvel muito baixo no contexto de um programa de vacina\u00e7\u00e3o global eficaz&#8221;.<\/p>\n\n\n\n<figure class=\"wp-block-image\"><img data-recalc-dims=\"1\" decoding=\"async\" src=\"https:\/\/i0.wp.com\/ichef.bbci.co.uk\/news\/640\/cpsprodpb\/11A4D\/production\/_116296227_ef101de4-e7a3-4f72-b6be-fb2fd0ddbdf4.jpg?w=600&#038;ssl=1\" alt=\"Mol\u00e9culas de coronav\u00edrus\"\/><figcaption>Legenda da foto,&nbsp;O coronav\u00edrus \u00e9 altamente transmiss\u00edv<\/figcaption><\/figure>\n","protected":false},"excerpt":{"rendered":"<p>Em sua \u00faltima entrevista coletiva do ano de 2020, a Organiza\u00e7\u00e3o Mundial da Sa\u00fade (OMS) destacou os avan\u00e7os obtidos no combate ao coronav\u00edrus. Mas tamb\u00e9m emitiu um alerta para a humanidade: esta pandemia, apesar da devasta\u00e7\u00e3o que causou neste ano, pode n\u00e3o ser a pior que vamos enfrentar, por isso devemos estar preparados.<\/p>\n","protected":false},"author":1,"featured_media":0,"comment_status":"closed","ping_status":"open","sticky":false,"template":"","format":"standard","meta":{"_exactmetrics_skip_tracking":false,"_exactmetrics_sitenote_active":false,"_exactmetrics_sitenote_note":"","_exactmetrics_sitenote_category":0,"jetpack_post_was_ever_published":false,"_jetpack_newsletter_access":"","_jetpack_dont_email_post_to_subs":false,"_jetpack_newsletter_tier_id":0,"_jetpack_memberships_contains_paywalled_content":false,"_jetpack_memberships_contains_paid_content":false,"footnotes":"","jetpack_publicize_message":"","jetpack_publicize_feature_enabled":true,"jetpack_social_post_already_shared":true,"jetpack_social_options":{"image_generator_settings":{"template":"highway","enabled":false},"version":2}},"categories":[1],"tags":[],"class_list":["post-30528","post","type-post","status-publish","format-standard","hentry","category-notas"],"jetpack_publicize_connections":[],"jetpack_sharing_enabled":true,"jetpack_featured_media_url":"","jetpack_shortlink":"https:\/\/wp.me\/p7wKYW-7Wo","jetpack-related-posts":[],"_links":{"self":[{"href":"http:\/\/blogdalucianaoliveira.com.br\/blog\/wp-json\/wp\/v2\/posts\/30528","targetHints":{"allow":["GET"]}}],"collection":[{"href":"http:\/\/blogdalucianaoliveira.com.br\/blog\/wp-json\/wp\/v2\/posts"}],"about":[{"href":"http:\/\/blogdalucianaoliveira.com.br\/blog\/wp-json\/wp\/v2\/types\/post"}],"author":[{"embeddable":true,"href":"http:\/\/blogdalucianaoliveira.com.br\/blog\/wp-json\/wp\/v2\/users\/1"}],"replies":[{"embeddable":true,"href":"http:\/\/blogdalucianaoliveira.com.br\/blog\/wp-json\/wp\/v2\/comments?post=30528"}],"version-history":[{"count":1,"href":"http:\/\/blogdalucianaoliveira.com.br\/blog\/wp-json\/wp\/v2\/posts\/30528\/revisions"}],"predecessor-version":[{"id":30530,"href":"http:\/\/blogdalucianaoliveira.com.br\/blog\/wp-json\/wp\/v2\/posts\/30528\/revisions\/30530"}],"wp:attachment":[{"href":"http:\/\/blogdalucianaoliveira.com.br\/blog\/wp-json\/wp\/v2\/media?parent=30528"}],"wp:term":[{"taxonomy":"category","embeddable":true,"href":"http:\/\/blogdalucianaoliveira.com.br\/blog\/wp-json\/wp\/v2\/categories?post=30528"},{"taxonomy":"post_tag","embeddable":true,"href":"http:\/\/blogdalucianaoliveira.com.br\/blog\/wp-json\/wp\/v2\/tags?post=30528"}],"curies":[{"name":"wp","href":"https:\/\/api.w.org\/{rel}","templated":true}]}}