{"id":30531,"date":"2020-12-31T14:08:36","date_gmt":"2020-12-31T18:08:36","guid":{"rendered":"http:\/\/blogdalucianaoliveira.com.br\/blog\/?p=30531"},"modified":"2020-12-31T14:18:58","modified_gmt":"2020-12-31T18:18:58","slug":"protesto-marca-virada-de-ano-em-porto-velho","status":"publish","type":"post","link":"http:\/\/blogdalucianaoliveira.com.br\/blog\/2020\/12\/31\/protesto-marca-virada-de-ano-em-porto-velho\/","title":{"rendered":"Protesto marca virada de ano em Porto Velho"},"content":{"rendered":"\n<figure class=\"wp-block-image size-large\"><img loading=\"lazy\" decoding=\"async\" width=\"2518\" height=\"1795\" data-attachment-id=\"30532\" data-permalink=\"http:\/\/blogdalucianaoliveira.com.br\/blog\/2020\/12\/31\/protesto-marca-virada-de-ano-em-porto-velho\/23156cab-689d-4fbc-ac7f-c845556c560c\/\" data-orig-file=\"https:\/\/i0.wp.com\/blogdalucianaoliveira.com.br\/blog\/wp-content\/uploads\/2020\/12\/23156CAB-689D-4FBC-AC7F-C845556C560C.jpeg?fit=2518%2C1795\" data-orig-size=\"2518,1795\" data-comments-opened=\"0\" data-image-meta=\"{&quot;aperture&quot;:&quot;0&quot;,&quot;credit&quot;:&quot;&quot;,&quot;camera&quot;:&quot;&quot;,&quot;caption&quot;:&quot;&quot;,&quot;created_timestamp&quot;:&quot;0&quot;,&quot;copyright&quot;:&quot;&quot;,&quot;focal_length&quot;:&quot;0&quot;,&quot;iso&quot;:&quot;0&quot;,&quot;shutter_speed&quot;:&quot;0&quot;,&quot;title&quot;:&quot;&quot;,&quot;orientation&quot;:&quot;1&quot;}\" data-image-title=\"23156CAB-689D-4FBC-AC7F-C845556C560C\" data-image-description=\"\" data-image-caption=\"\" data-medium-file=\"https:\/\/i0.wp.com\/blogdalucianaoliveira.com.br\/blog\/wp-content\/uploads\/2020\/12\/23156CAB-689D-4FBC-AC7F-C845556C560C.jpeg?fit=300%2C214\" data-large-file=\"https:\/\/i0.wp.com\/blogdalucianaoliveira.com.br\/blog\/wp-content\/uploads\/2020\/12\/23156CAB-689D-4FBC-AC7F-C845556C560C.jpeg?fit=600%2C428\" src=\"https:\/\/i1.wp.com\/blogdalucianaoliveira.com.br\/blog\/wp-content\/uploads\/2020\/12\/23156CAB-689D-4FBC-AC7F-C845556C560C.jpeg?fit=600%2C428\" alt=\"\" class=\"wp-image-30532\" srcset=\"https:\/\/i0.wp.com\/blogdalucianaoliveira.com.br\/blog\/wp-content\/uploads\/2020\/12\/23156CAB-689D-4FBC-AC7F-C845556C560C.jpeg?w=2518 2518w, https:\/\/i0.wp.com\/blogdalucianaoliveira.com.br\/blog\/wp-content\/uploads\/2020\/12\/23156CAB-689D-4FBC-AC7F-C845556C560C.jpeg?resize=300%2C214 300w, https:\/\/i0.wp.com\/blogdalucianaoliveira.com.br\/blog\/wp-content\/uploads\/2020\/12\/23156CAB-689D-4FBC-AC7F-C845556C560C.jpeg?resize=1024%2C730 1024w, https:\/\/i0.wp.com\/blogdalucianaoliveira.com.br\/blog\/wp-content\/uploads\/2020\/12\/23156CAB-689D-4FBC-AC7F-C845556C560C.jpeg?resize=768%2C547 768w, https:\/\/i0.wp.com\/blogdalucianaoliveira.com.br\/blog\/wp-content\/uploads\/2020\/12\/23156CAB-689D-4FBC-AC7F-C845556C560C.jpeg?resize=1536%2C1095 1536w, https:\/\/i0.wp.com\/blogdalucianaoliveira.com.br\/blog\/wp-content\/uploads\/2020\/12\/23156CAB-689D-4FBC-AC7F-C845556C560C.jpeg?resize=2048%2C1460 2048w, https:\/\/i0.wp.com\/blogdalucianaoliveira.com.br\/blog\/wp-content\/uploads\/2020\/12\/23156CAB-689D-4FBC-AC7F-C845556C560C.jpeg?resize=421%2C300 421w, https:\/\/i0.wp.com\/blogdalucianaoliveira.com.br\/blog\/wp-content\/uploads\/2020\/12\/23156CAB-689D-4FBC-AC7F-C845556C560C.jpeg?w=1200 1200w, https:\/\/i0.wp.com\/blogdalucianaoliveira.com.br\/blog\/wp-content\/uploads\/2020\/12\/23156CAB-689D-4FBC-AC7F-C845556C560C.jpeg?w=1800 1800w\" sizes=\"auto, (max-width: 600px) 100vw, 600px\" \/><\/figure>\n\n\n\n<p>Em Porto Velho o desejo mais importante depois da vacina para 2021, est\u00e1 nas ruas. <\/p>\n\n\n\n<p><br>O \u00faltimo dia de um ano indiz\u00edvel por conta de uma pandemia tem mensagem emblem\u00e1tica contra o presidente da rep\u00fablica. <br><\/p>\n\n\n\n<p>2020 foi feio e mau como Jair Bolsonaro. <\/p>\n\n\n\n<!--more-->\n\n\n\n<p>Quem imaginou mais vel\u00f3rios que festas reunindo as fam\u00edlias? <\/p>\n\n\n\n<p>A felicidade se mostrou em raros momentos e envergonhada.&nbsp;<\/p>\n\n\n\n<p>Por decreto suspenderam os abra\u00e7os, as despedidas de nossos mortos, a ora\u00e7\u00e3o coletiva.&nbsp;<\/p>\n\n\n\n<p>O inimagin\u00e1vel passou a fazer parte do nosso dia a dia.&nbsp;<\/p>\n\n\n\n<p>As mortes di\u00e1rias e aos montes colocaram em relevo a nossa fragilidade como seres humanos.<\/p>\n\n\n\n<p>A incapacidade dos governos em socorrer os cidad\u00e3os com o m\u00ednimo de dignidade, provou a import\u00e2ncia de investimentos na sa\u00fade p\u00fablica.&nbsp;<\/p>\n\n\n\n<p>A irresponsabilidade com aglomera\u00e7\u00f5es, nega\u00e7\u00e3o da pandemia e da ci\u00eancia exp\u00f4s o n\u00edvel de estupidez de muitos.&nbsp;<br><\/p>\n\n\n\n<p>As promessas e simpatias de fim de ano pra conquistar sucesso profissional, amor ou bens materiais, que importam quando todos e todas querem mesmo \u00e9 sa\u00fade?<\/p>\n\n\n\n<p>Muita gente morreu s\u00f3 por causa do coronav\u00edrus e tamb\u00e9m s\u00f3 por falta de socorro, testes e leitos na hora certa.&nbsp;<\/p>\n\n\n\n<p>N\u00e3o vai rolar esta noite aquela sensa\u00e7\u00e3o besta, mas agrad\u00e1vel, de que dias melhores vir\u00e3o s\u00f3 porque o calend\u00e1rio mudou.&nbsp;<\/p>\n\n\n\n<p>Temos uma longa espera de desejos pela frente e sabemos disso.&nbsp;<\/p>\n\n\n\n<p>Um v\u00edrus implac\u00e1vel nos fez ver que a vida melhor depende de pol\u00edticas p\u00fablicas, a\u00e7\u00f5es cidad\u00e3s coletivas e n\u00e3o de promessas individuais.&nbsp;<\/p>\n\n\n\n<p>O distanciamento como prote\u00e7\u00e3o nos obrigou a pensar no outro pra sobreviver, mas uma grande parcela se mostrou indiferente, aliada da morte.<\/p>\n\n\n\n<p>De extraordin\u00e1rio e bom, celebremos o descomunal esfor\u00e7o dos cientistas para encontrar rapidamente a vacina contra um v\u00edrus t\u00e3o poderoso na propaga\u00e7\u00e3o e letalidade.&nbsp;<\/p>\n\n\n\n<p>Pedir qualquer coisa que n\u00e3o seja vacina pra todo mundo e fora Bolsonaro \u00e9 decidir seguir sem humanidade.&nbsp;<\/p>\n\n\n\n<p>2020 nos for\u00e7ou a superar tr\u00eas grandes desafios: sobreviver \u00e0 Covid-19, manter a calma e sustentar a esperan\u00e7a.&nbsp;<\/p>\n\n\n\n<p>Temos o dever de seguir com amor e coragem, confiantes na ci\u00eancia e resistentes contra a estupidez que aliena e mata.<\/p>\n\n\n\n<p>Os brasileiros precisam desejar al\u00e9m da vacina, o impeachment de Jair Bolsonaro, o presidente que fez tudo para que o coronav\u00edrus matasse mais.&nbsp;<\/p>\n\n\n\n<p>A\u00ed sim, a sensa\u00e7\u00e3o gostosa do recome\u00e7o!<\/p>\n\n\n\n<p>E com todas as rezas, simpatias e um bom banho de descarrego com as ervas abre caminho, busca longe, chega-te a mim e vence tudo.&nbsp;<\/p>\n\n\n\n<p>Vacina e fora Bolsonaro!&nbsp;<\/p>\n\n\n\n<p>Pela mem\u00f3ria dos que perdemos neste ano e por dias melhores. <\/p>\n","protected":false},"excerpt":{"rendered":"<p>Em Porto Velho o desejo mais importante depois da vacina para 2021, est\u00e1 nas ruas. O \u00faltimo dia de um ano indiz\u00edvel por conta de uma pandemia tem mensagem emblem\u00e1tica contra o presidente da rep\u00fablica. 2020 foi feio e mau como Jair Bolsonaro.<\/p>\n","protected":false},"author":1,"featured_media":0,"comment_status":"closed","ping_status":"open","sticky":false,"template":"","format":"standard","meta":{"_exactmetrics_skip_tracking":false,"_exactmetrics_sitenote_active":false,"_exactmetrics_sitenote_note":"","_exactmetrics_sitenote_category":0,"jetpack_post_was_ever_published":false,"_jetpack_newsletter_access":"","_jetpack_dont_email_post_to_subs":false,"_jetpack_newsletter_tier_id":0,"_jetpack_memberships_contains_paywalled_content":false,"_jetpack_memberships_contains_paid_content":false,"footnotes":"","jetpack_publicize_message":"","jetpack_publicize_feature_enabled":true,"jetpack_social_post_already_shared":true,"jetpack_social_options":{"image_generator_settings":{"template":"highway","enabled":false},"version":2}},"categories":[1],"tags":[],"class_list":["post-30531","post","type-post","status-publish","format-standard","hentry","category-notas"],"jetpack_publicize_connections":[],"jetpack_sharing_enabled":true,"jetpack_featured_media_url":"","jetpack_shortlink":"https:\/\/wp.me\/p7wKYW-7Wr","jetpack-related-posts":[],"_links":{"self":[{"href":"http:\/\/blogdalucianaoliveira.com.br\/blog\/wp-json\/wp\/v2\/posts\/30531","targetHints":{"allow":["GET"]}}],"collection":[{"href":"http:\/\/blogdalucianaoliveira.com.br\/blog\/wp-json\/wp\/v2\/posts"}],"about":[{"href":"http:\/\/blogdalucianaoliveira.com.br\/blog\/wp-json\/wp\/v2\/types\/post"}],"author":[{"embeddable":true,"href":"http:\/\/blogdalucianaoliveira.com.br\/blog\/wp-json\/wp\/v2\/users\/1"}],"replies":[{"embeddable":true,"href":"http:\/\/blogdalucianaoliveira.com.br\/blog\/wp-json\/wp\/v2\/comments?post=30531"}],"version-history":[{"count":4,"href":"http:\/\/blogdalucianaoliveira.com.br\/blog\/wp-json\/wp\/v2\/posts\/30531\/revisions"}],"predecessor-version":[{"id":30536,"href":"http:\/\/blogdalucianaoliveira.com.br\/blog\/wp-json\/wp\/v2\/posts\/30531\/revisions\/30536"}],"wp:attachment":[{"href":"http:\/\/blogdalucianaoliveira.com.br\/blog\/wp-json\/wp\/v2\/media?parent=30531"}],"wp:term":[{"taxonomy":"category","embeddable":true,"href":"http:\/\/blogdalucianaoliveira.com.br\/blog\/wp-json\/wp\/v2\/categories?post=30531"},{"taxonomy":"post_tag","embeddable":true,"href":"http:\/\/blogdalucianaoliveira.com.br\/blog\/wp-json\/wp\/v2\/tags?post=30531"}],"curies":[{"name":"wp","href":"https:\/\/api.w.org\/{rel}","templated":true}]}}