{"id":30537,"date":"2021-01-03T08:44:14","date_gmt":"2021-01-03T12:44:14","guid":{"rendered":"http:\/\/blogdalucianaoliveira.com.br\/blog\/?p=30537"},"modified":"2021-01-03T08:44:20","modified_gmt":"2021-01-03T12:44:20","slug":"conquistas-preconceito-e-covid-confira-como-foram-as-posses-de-1o-de-janeiro","status":"publish","type":"post","link":"http:\/\/blogdalucianaoliveira.com.br\/blog\/2021\/01\/03\/conquistas-preconceito-e-covid-confira-como-foram-as-posses-de-1o-de-janeiro\/","title":{"rendered":"Conquistas, preconceito e covid: confira como foram as posses de 1\u00ba de janeiro"},"content":{"rendered":"\n<figure class=\"wp-block-image size-large\"><img data-recalc-dims=\"1\" loading=\"lazy\" decoding=\"async\" width=\"600\" height=\"360\" data-attachment-id=\"30538\" data-permalink=\"http:\/\/blogdalucianaoliveira.com.br\/blog\/2021\/01\/03\/conquistas-preconceito-e-covid-confira-como-foram-as-posses-de-1o-de-janeiro\/image-1163\/\" data-orig-file=\"https:\/\/i0.wp.com\/blogdalucianaoliveira.com.br\/blog\/wp-content\/uploads\/2021\/01\/image.jpeg?fit=800%2C480\" data-orig-size=\"800,480\" data-comments-opened=\"0\" data-image-meta=\"{&quot;aperture&quot;:&quot;0&quot;,&quot;credit&quot;:&quot;&quot;,&quot;camera&quot;:&quot;&quot;,&quot;caption&quot;:&quot;&quot;,&quot;created_timestamp&quot;:&quot;0&quot;,&quot;copyright&quot;:&quot;&quot;,&quot;focal_length&quot;:&quot;0&quot;,&quot;iso&quot;:&quot;0&quot;,&quot;shutter_speed&quot;:&quot;0&quot;,&quot;title&quot;:&quot;&quot;,&quot;orientation&quot;:&quot;0&quot;}\" data-image-title=\"image\" data-image-description=\"\" data-image-caption=\"\" data-medium-file=\"https:\/\/i0.wp.com\/blogdalucianaoliveira.com.br\/blog\/wp-content\/uploads\/2021\/01\/image.jpeg?fit=300%2C180\" data-large-file=\"https:\/\/i0.wp.com\/blogdalucianaoliveira.com.br\/blog\/wp-content\/uploads\/2021\/01\/image.jpeg?fit=600%2C360\" src=\"https:\/\/i0.wp.com\/blogdalucianaoliveira.com.br\/blog\/wp-content\/uploads\/2021\/01\/image.jpeg?resize=600%2C360\" alt=\"\" class=\"wp-image-30538\" srcset=\"https:\/\/i0.wp.com\/blogdalucianaoliveira.com.br\/blog\/wp-content\/uploads\/2021\/01\/image.jpeg?w=800 800w, https:\/\/i0.wp.com\/blogdalucianaoliveira.com.br\/blog\/wp-content\/uploads\/2021\/01\/image.jpeg?resize=300%2C180 300w, https:\/\/i0.wp.com\/blogdalucianaoliveira.com.br\/blog\/wp-content\/uploads\/2021\/01\/image.jpeg?resize=768%2C461 768w, https:\/\/i0.wp.com\/blogdalucianaoliveira.com.br\/blog\/wp-content\/uploads\/2021\/01\/image.jpeg?resize=500%2C300 500w\" sizes=\"auto, (max-width: 600px) 100vw, 600px\" \/><\/figure>\n\n\n\n<h4 class=\"wp-block-heading\">Dos 5.568 munic\u00edpios do pa\u00eds, 96 n\u00e3o tiveram cerim\u00f4nia de posse devido \u00e0 problemas no Tribunal Superior Eleitoral<\/h4>\n\n\n\n<!--more-->\n\n\n\n<p>Vanessa Nicolav, S\u00e3o Paulo | Brasil de Fato<\/p>\n\n\n\n<p>Nesse 1\u00ba de janeiro, 5.472 munic\u00edpios brasileiros empossaram seus novos prefeitos e vereadores. As cerim\u00f4nias, realizadas no contexto do avan\u00e7o da segunda onda da covid-19, foram marcadas pela apresenta\u00e7\u00e3o de propostas de combate \u00e0 pandemia, de apoio \u00e0 popula\u00e7\u00e3o vulner\u00e1vel e formas de recupera\u00e7\u00e3o da economia.<\/p>\n\n\n\n<p>Bel\u00e9m (PA)<\/p>\n\n\n\n<p>Com discurso focado no combate \u00e0 pandemia e \u00e0s desigualdades sociais, o&nbsp;<a href=\"https:\/\/www.brasildefato.com.br\/2020\/12\/04\/novas-ideias-para-antigos-problemas-como-edmilson-do-psol-vai-governar-belem\" target=\"_blank\" rel=\"noreferrer noopener\">novo prefeito de Bel\u00e9m (PA), Edmilson Rodrigues (PSOL),<\/a>&nbsp;apresentou no primeiro dia de gest\u00e3o uma proposta de renda m\u00ednima para o munic\u00edpio. Chamado de &#8220;Bora Bel\u00e9m&#8221;, o programa de renda m\u00ednima tem como objetivo repassar o benef\u00edcio de R$450 reais para a popula\u00e7\u00e3o mais vulner\u00e1vel da capital paraense. \u201cNegociei com o governador, temos recursos para iniciar este programa e salvar muitas vidas\u201d, disse o prefeito Edmilson aos vereadores reunidos na posse.<\/p>\n\n\n\n<p>Arquiteto e professor universit\u00e1rio, Rodrigues, que assume pela terceira vez a prefeitura de Bel\u00e9m, pediu urg\u00eancia na aprova\u00e7\u00e3o do projeto. \u201cClaro, \u00e9 uma proposta,&nbsp;mas seria um grande presente para a cidade se puder ser aprovada antes do anivers\u00e1rio de 455 anos de Bel\u00e9m, no pr\u00f3ximo dia 12\u201d, afirmou.<\/p>\n\n\n\n<p>Rio de Janeiro (RJ)<\/p>\n\n\n\n<p>No Rio de Janeiro (RJ), uma das cidades mais assoladas pela pandemia e com a economia em frangalhos, Eduardo Paes (DEM) assumiu a prefeitura assinando 44 decretos que preveem a revis\u00e3o de gastos atuais da prefeitura e contratos firmados pela Administra\u00e7\u00e3o Municipal.<\/p>\n\n\n\n<p>Fazendo men\u00e7\u00e3o indireta aos casos de desvio de dinheiro p\u00fablico ocorridos na gest\u00e3o anterior do pastor Marcelo Crivella (Republicanos), Paes disse que a principal meta do per\u00edodo ser\u00e1 tornar a cidade refer\u00eancia em transpar\u00eancia. \u201cNosso objetivo \u00e9 que o Rio passe a ser paradigma nas formas de fazer pol\u00edtica e gerir a coisa p\u00fablica. Uma refer\u00eancia nacional em transpar\u00eancia, integridade e combate \u00e0 corrup\u00e7\u00e3o\u201d.\u00a0<br><\/p>\n\n\n\n<p>Sobre o combate \u00e0 pandemia, Paes afirmou que ainda apresentar\u00e1 plano de vacina\u00e7\u00e3o para o munic\u00edpio, mas adiantou que sua gest\u00e3o est\u00e1 montando um grupo de estudo espec\u00edfico para o trabalho e que ir\u00e1 utilizar qualquer vacina que esteja aprovada pela Ag\u00eancia Nacional de Vigil\u00e2ncia Sanit\u00e1ria (Anvisa).<\/p>\n\n\n\n<p>S\u00e3o Paulo (SP)<\/p>\n\n\n\n<p>Reeleito para gerir a maior capital do pa\u00eds, Bruno Covas (PSDB) tamb\u00e9m focou seu discurso no combate \u00e0 covid-19, que j\u00e1 contaminou 487.236 pessoas e deixou 15.695 mortos no munic\u00edpio.<\/p>\n\n\n\n<p>\u201cVamos gradativamente colocar todos os hospitais que abrimos funcionando a pleno vapor. A prioridade urgente \u00e9 ativar alas espec\u00edficas para Covid&#8221;, afirmou o tucano. O novo mandat\u00e1rio tamb\u00e9m afirmou que a cidade est\u00e1 pronta para o processo de vacina\u00e7\u00e3o. &#8220;As vacinas v\u00e3o chegar e a nossa cidade est\u00e1 pronta para vacinar em massa&#8221;.<\/p>\n\n\n\n<p><a href=\"https:\/\/www.brasildefato.com.br\/2020\/12\/30\/exclusivo-na-pandemia-covas-negou-pedido-urgente-do-samu-por-nomeacao-de-medicos\" target=\"_blank\" rel=\"noreferrer noopener\">::&nbsp;Exclusivo: Covas negou pedido urgente do Samu por nomea\u00e7\u00e3o de m\u00e9dicos na pandemia ::<\/a><\/p>\n\n\n\n<p>Sobre a retomada das atividades nas escolas, a previs\u00e3o apresentada pelo gestor foi de que em fevereiro aconte\u00e7a o retorno das aulas presenciais, com rod\u00edzio de estudantes.<\/p>\n\n\n\n<p>Covas, que foi muito criticado por ter&nbsp;<a href=\"https:\/\/www.brasildefato.com.br\/2020\/12\/24\/psol-vai-a-justica-para-barrar-aumento-de-46-no-salario-de-bruno-covas-e-secretarios\" target=\"_blank\" rel=\"noreferrer noopener\">sancionado o aumento do pr\u00f3prio sal\u00e1rio<\/a>&nbsp;e corte de gratuidade de transporte p\u00fablico para idosos, teve outra promessa de campanha descumprida antes mesmo de seu governo come\u00e7ar: a garantia de representativa de negros e mulheres nos altos escal\u00f5es do governo.<\/p>\n\n\n\n<p>Segundo an\u00fancio feito na \u00faltima semana do ano passado, a maior parte do secretariado escolhido pelo prefeito \u00e9 composto por homens brancos. Dos 23 nomes escolhidos para as pastas, oito s\u00e3o mulheres e apenas duas negras.<\/p>\n\n\n\n<p>Luta e disputa identit\u00e1ria no parlamento<\/p>\n\n\n\n<p>A disputa por novos locais de poder tamb\u00e9m foi elemento marcante nas posses municipais. Um dos casos que ganhou maior repercuss\u00e3o foi o da vereadora Duda Salabert (PDT), em Belo Horizonte, que sofreu viol\u00eancia&nbsp; transf\u00f3bica por outro parlamentar no dia da posse. Ao se pronunciar publicamente, o vereador Wesley (PROS), parabenizou ironicamente a professora Marli (PP), por ter sido a mulher mais votada do munic\u00edpio.<\/p>\n\n\n\n<p>Na verdade, Duda&nbsp;Salabert foi a recordista, recebendo mais de 30 mil votos dos eleitores. Em resposta, a vereadora trouxe em seu discurso o aspecto criminal do ataque do parlamentar. \u201cEspero que esta casa n\u00e3o volte a figurar nas p\u00e1ginas policiais. Espero que nenhum vereador saia desta casa preso por racismo ou transfobia&#8221;, afirmou a pedetista.&nbsp;<\/p>\n\n\n\n<p>Em entrevista, ap\u00f3s a cerim\u00f4nia, Duda Salabert salientou que pretende dar outra chance ao vereador. &#8220;Caso se repita, como professora e at\u00e9 em car\u00e1ter pedag\u00f3gico, eu entendo que terei que ir a uma delegacia e cumprir meu papel de cidad\u00e3 para que ele seja respons\u00e1vel pelas consequ\u00eancias do ato&#8221;, declarou.<\/p>\n\n\n\n<p>Em Curitiba (PR), a posse da primeira vereadora negra tamb\u00e9m fez hist\u00f3ria no parlamento da cidade. Carol Dartora (PT), cidade assumiu o cargo fazendo um discurso de resgate da luta ancestral do povo negro.\u201dForam mais de 300 anos de muita luta e enfrentamento por parte de mulheres negras e homens negros, que, al\u00e9m de contribu\u00edrem diretamente com o processo de desenvolvimento econ\u00f4mico desta capital, s\u00e3o parte da constru\u00e7\u00e3o cultural e toda a riqueza e diversidade da cidade\u201d, salientou a Dartora.<\/p>\n\n\n\n<p><a href=\"https:\/\/www.brasildefato.com.br\/2020\/12\/06\/vereadora-negra-recem-eleita-em-curitiba-e-ameacada-de-morte\" target=\"_blank\" rel=\"noreferrer noopener\">::&nbsp;Vereadora negra rec\u00e9m-eleita em Curitiba \u00e9 amea\u00e7ada de morte ::<\/a><\/p>\n\n\n\n<p>Outra vereadora rec\u00e9m eleita que marcou sua entrada no parlamento de forma incisiva, foi Belly Briolly, do PSOL, em Niter\u00f3i (RJ). Ao entrar para fazer seu primeiro discurso, a vereadora, que \u00e9 mulher negra, feminista e trans, levantou bandeira em homenagem \u00e0 Marielle Franco, parlamentar assassinada em 2018, Rio de Janeiro.<\/p>\n\n\n\n<p>Internados empossados<\/p>\n\n\n\n<p>Devido \u00e0&nbsp;pandemia do coronav\u00edrus, muitas cerim\u00f4nias de posse ocorreram via videoconfer\u00eancia. Foi o caso de Goi\u00e2nia (GO), onde o candidato eleito, Maguito Vilela (MDB), assumiu a prefeitura de uma UTI, via assinatura eletr\u00f4nica. Maguito est\u00e1 internado h\u00e1 dois meses devido a complica\u00e7\u00f5es pela&nbsp;covid-19, no hospital Albert Einstein, em S\u00e3o Paulo (SP).<\/p>\n\n\n\n<p>Outro caso aconteceu em Teresina (PI), onde o vereador Jeov\u00e1 Alencar (MDB) assumiu o posto direto do hospital, tamb\u00e9m devido \u00e0 complica\u00e7\u00f5es da covid-19. \u00c9 a segunda vez que ele \u00e9 diagnosticado com a covid-19.&nbsp;<\/p>\n\n\n\n<p><a href=\"https:\/\/www.brasildefato.com.br\/2021\/01\/02\/bairros-de-teresina-pi-estao-ha-mais-de-40-horas-sem-energia-eletrica\" target=\"_blank\" rel=\"noreferrer noopener\">::&nbsp;Bairros de Teresina (PI) est\u00e3o h\u00e1 mais de 40 horas sem energia el\u00e9trica ::<\/a><\/p>\n\n\n\n<p>96 cidades ainda n\u00e3o tem prefeitos<\/p>\n\n\n\n<p>Dos 5.568&nbsp; munic\u00edpios do pa\u00eds, 96 n\u00e3o tiveram cerim\u00f4nia de posse. Isso porque os candidatos eleitos n\u00e3o tiveram suas chapas deferidas pelo Tribunal Superior Eleitoral (TSE). Em alguns casos, o motivo foi a nega\u00e7\u00e3o do registro da chapa e a determina\u00e7\u00e3o de realiza\u00e7\u00e3o de novas elei\u00e7\u00f5es. Em outros, candidatos com problema de Ficha Limpa est\u00e3o com pedido de recursos paralisados no TSE e dependem de decis\u00e3o que ir\u00e1 determinar qual per\u00edodo correspondente da lei da Ficha Limpa, a ser realizado pelo Supremo durante esse ano. At\u00e9 ent\u00e3o, nessas cidades, o presidente da C\u00e2mara Legislativa dever\u00e1 assumir a prefeitura interinamente.<\/p>\n\n\n\n<p>Edi\u00e7\u00e3o: Lucas Weber<\/p>\n","protected":false},"excerpt":{"rendered":"<p>Dos 5.568 munic\u00edpios do pa\u00eds, 96 n\u00e3o tiveram cerim\u00f4nia de posse devido \u00e0 problemas no Tribunal Superior Eleitoral<\/p>\n","protected":false},"author":1,"featured_media":0,"comment_status":"closed","ping_status":"open","sticky":false,"template":"","format":"standard","meta":{"_exactmetrics_skip_tracking":false,"_exactmetrics_sitenote_active":false,"_exactmetrics_sitenote_note":"","_exactmetrics_sitenote_category":0,"jetpack_post_was_ever_published":false,"_jetpack_newsletter_access":"","_jetpack_dont_email_post_to_subs":false,"_jetpack_newsletter_tier_id":0,"_jetpack_memberships_contains_paywalled_content":false,"_jetpack_memberships_contains_paid_content":false,"footnotes":"","jetpack_publicize_message":"","jetpack_publicize_feature_enabled":true,"jetpack_social_post_already_shared":true,"jetpack_social_options":{"image_generator_settings":{"template":"highway","enabled":false},"version":2}},"categories":[1],"tags":[],"class_list":["post-30537","post","type-post","status-publish","format-standard","hentry","category-notas"],"jetpack_publicize_connections":[],"jetpack_sharing_enabled":true,"jetpack_featured_media_url":"","jetpack_shortlink":"https:\/\/wp.me\/p7wKYW-7Wx","jetpack-related-posts":[],"_links":{"self":[{"href":"http:\/\/blogdalucianaoliveira.com.br\/blog\/wp-json\/wp\/v2\/posts\/30537","targetHints":{"allow":["GET"]}}],"collection":[{"href":"http:\/\/blogdalucianaoliveira.com.br\/blog\/wp-json\/wp\/v2\/posts"}],"about":[{"href":"http:\/\/blogdalucianaoliveira.com.br\/blog\/wp-json\/wp\/v2\/types\/post"}],"author":[{"embeddable":true,"href":"http:\/\/blogdalucianaoliveira.com.br\/blog\/wp-json\/wp\/v2\/users\/1"}],"replies":[{"embeddable":true,"href":"http:\/\/blogdalucianaoliveira.com.br\/blog\/wp-json\/wp\/v2\/comments?post=30537"}],"version-history":[{"count":1,"href":"http:\/\/blogdalucianaoliveira.com.br\/blog\/wp-json\/wp\/v2\/posts\/30537\/revisions"}],"predecessor-version":[{"id":30539,"href":"http:\/\/blogdalucianaoliveira.com.br\/blog\/wp-json\/wp\/v2\/posts\/30537\/revisions\/30539"}],"wp:attachment":[{"href":"http:\/\/blogdalucianaoliveira.com.br\/blog\/wp-json\/wp\/v2\/media?parent=30537"}],"wp:term":[{"taxonomy":"category","embeddable":true,"href":"http:\/\/blogdalucianaoliveira.com.br\/blog\/wp-json\/wp\/v2\/categories?post=30537"},{"taxonomy":"post_tag","embeddable":true,"href":"http:\/\/blogdalucianaoliveira.com.br\/blog\/wp-json\/wp\/v2\/tags?post=30537"}],"curies":[{"name":"wp","href":"https:\/\/api.w.org\/{rel}","templated":true}]}}