{"id":30551,"date":"2021-01-08T06:49:09","date_gmt":"2021-01-08T10:49:09","guid":{"rendered":"http:\/\/blogdalucianaoliveira.com.br\/blog\/?p=30551"},"modified":"2021-01-08T06:49:16","modified_gmt":"2021-01-08T10:49:16","slug":"brasil-chega-a-200-000-mortes-na-pandemia-com-novo-represamento-de-dados-e-sus-sob-pressao","status":"publish","type":"post","link":"http:\/\/blogdalucianaoliveira.com.br\/blog\/2021\/01\/08\/brasil-chega-a-200-000-mortes-na-pandemia-com-novo-represamento-de-dados-e-sus-sob-pressao\/","title":{"rendered":"Brasil chega a 200.000 mortes na pandemia com novo represamento de dados e SUS sob press\u00e3o"},"content":{"rendered":"\n<figure class=\"wp-block-image size-large\"><img data-recalc-dims=\"1\" loading=\"lazy\" decoding=\"async\" width=\"600\" height=\"406\" data-attachment-id=\"30552\" data-permalink=\"http:\/\/blogdalucianaoliveira.com.br\/blog\/2021\/01\/08\/brasil-chega-a-200-000-mortes-na-pandemia-com-novo-represamento-de-dados-e-sus-sob-pressao\/f0a8e603-c0ad-4072-9a33-d970fe3a726e\/\" data-orig-file=\"https:\/\/i0.wp.com\/blogdalucianaoliveira.com.br\/blog\/wp-content\/uploads\/2021\/01\/F0A8E603-C0AD-4072-9A33-D970FE3A726E.jpeg?fit=640%2C433\" data-orig-size=\"640,433\" data-comments-opened=\"0\" data-image-meta=\"{&quot;aperture&quot;:&quot;0&quot;,&quot;credit&quot;:&quot;&quot;,&quot;camera&quot;:&quot;&quot;,&quot;caption&quot;:&quot;&quot;,&quot;created_timestamp&quot;:&quot;0&quot;,&quot;copyright&quot;:&quot;&quot;,&quot;focal_length&quot;:&quot;0&quot;,&quot;iso&quot;:&quot;0&quot;,&quot;shutter_speed&quot;:&quot;0&quot;,&quot;title&quot;:&quot;&quot;,&quot;orientation&quot;:&quot;0&quot;}\" data-image-title=\"F0A8E603-C0AD-4072-9A33-D970FE3A726E\" data-image-description=\"\" data-image-caption=\"\" data-medium-file=\"https:\/\/i0.wp.com\/blogdalucianaoliveira.com.br\/blog\/wp-content\/uploads\/2021\/01\/F0A8E603-C0AD-4072-9A33-D970FE3A726E.jpeg?fit=300%2C203\" data-large-file=\"https:\/\/i0.wp.com\/blogdalucianaoliveira.com.br\/blog\/wp-content\/uploads\/2021\/01\/F0A8E603-C0AD-4072-9A33-D970FE3A726E.jpeg?fit=600%2C406\" src=\"https:\/\/i0.wp.com\/blogdalucianaoliveira.com.br\/blog\/wp-content\/uploads\/2021\/01\/F0A8E603-C0AD-4072-9A33-D970FE3A726E.jpeg?resize=600%2C406\" alt=\"\" class=\"wp-image-30552\" srcset=\"https:\/\/i0.wp.com\/blogdalucianaoliveira.com.br\/blog\/wp-content\/uploads\/2021\/01\/F0A8E603-C0AD-4072-9A33-D970FE3A726E.jpeg?w=640 640w, https:\/\/i0.wp.com\/blogdalucianaoliveira.com.br\/blog\/wp-content\/uploads\/2021\/01\/F0A8E603-C0AD-4072-9A33-D970FE3A726E.jpeg?resize=300%2C203 300w, https:\/\/i0.wp.com\/blogdalucianaoliveira.com.br\/blog\/wp-content\/uploads\/2021\/01\/F0A8E603-C0AD-4072-9A33-D970FE3A726E.jpeg?resize=443%2C300 443w\" sizes=\"auto, (max-width: 600px) 100vw, 600px\" \/><\/figure>\n\n\n\n<p>Pa\u00eds enfrenta um cen\u00e1rio dif\u00edcil com doen\u00e7a mais uniforme entre as regi\u00f5es enquanto a estrat\u00e9gia de vacina\u00e7\u00e3o segue imersa em d\u00favidas. Atrasos em testes e na atualiza\u00e7\u00e3o de prontu\u00e1rios turvam an\u00e1lise<\/p>\n\n\n\n<!--more-->\n\n\n\n<p>El Pa\u00eds<\/p>\n\n\n\n<p>O Brasil supera a dura marca de 200.000 mortes pela\u00a0<a rel=\"noreferrer noopener\" href=\"https:\/\/brasil.elpais.com\/noticias\/coronavirus\/\" target=\"_blank\">covid-19<\/a>em sua contagem oficial com um cen\u00e1rio nebuloso pela frente. O pa\u00eds est\u00e1 prestes a entrar na\u00a0<a rel=\"noreferrer noopener\" href=\"https:\/\/brasil.elpais.com\/internacional\/2020-03-13\/incerteza-sobre-comportamento-do-coronavirus-no-calor-dificulta-previsao-sobre-controle.html\" target=\"_blank\">sazonalidade que favorece a circula\u00e7\u00e3o de v\u00edrus<\/a>respirat\u00f3rios e espera um repique pelas\u00a0<a rel=\"noreferrer noopener\" href=\"https:\/\/brasil.elpais.com\/esportes\/2020-12-28\/ricos-e-celebridades-como-neymar-assumem-risco-de-espalhar-virus-com-viagens-e-festas-de-fim-de-ano.html\" target=\"_blank\">aglomera\u00e7\u00f5es das festas de fim de ano<\/a>enquanto se v\u00ea imerso em uma s\u00e9rie de obst\u00e1culos para iniciar a vacina\u00e7\u00e3o e ainda n\u00e3o tem uma pol\u00edtica efetiva para frear os cont\u00e1gios mesmo com a imin\u00eancia de uma variante do coronav\u00edrus mais transmiss\u00edvel. \u00c9 neste cen\u00e1rio que o pa\u00eds conta, nesta quinta-feira, 200.498 mortes por coronav\u00edrus durante a pandemia e 7,96 milh\u00f5es de casos \u2015mais de 87.000 deles registrados nas \u00faltimas 24 horas, um pico. Se no in\u00edcio da crise sanit\u00e1ria algumas regi\u00f5es emanavam maior preocupa\u00e7\u00e3o no pa\u00eds continental, a situa\u00e7\u00e3o agora \u00e9 grave nas mais diversas regi\u00f5es. Nos \u00faltimos meses, o Brasil viu o v\u00edrus se espalhar\u00a0pelo seu territ\u00f3rio de forma mais uniforme e agravar, por exemplo, a situa\u00e7\u00e3o em regi\u00f5es ao sul, que inicialmente tinham mais f\u00f4lego pela baixa concentra\u00e7\u00e3o de casos e agora\u00a0<a rel=\"noreferrer noopener\" href=\"https:\/\/brasil.elpais.com\/brasil\/2020-12-22\/o-sul-do-brasil-encontra-a-face-mais-dura-da-pandemia.html\" target=\"_blank\">sofrem com seus sistemas de sa\u00fade abarrotados<\/a>.<\/p>\n\n\n\n<p>Depois de atingir os&nbsp;<a href=\"https:\/\/brasil.elpais.com\/brasil\/2020-08-08\/100000-vidas-roubadas-pela-covid-19-um-retrato-da-pandemia-no-brasil-a-prova-de-negacionistas.html\" target=\"_blank\" rel=\"noreferrer noopener\">primeiros 100.000 mortos oficiais pela covid-19<\/a>, em agosto, o Brasil n\u00e3o registrou picos agudos de mortes por covid-19 como nos primeiros meses da crise. A estrat\u00e9gia brasileira focou basicamente em uma gest\u00e3o de leitos por prefeitos e governadores, que decidiam&nbsp;<a href=\"https:\/\/brasil.elpais.com\/economia\/2020-06-20\/quarentenas-ioio-em-capitais-do-brasil-cultivam-incerteza-e-adiam-a-retomada-da-economia.html\" target=\"_blank\" rel=\"noreferrer noopener\">ampliar ou reduzir as medidas restritivas frequentemente conforme os dados locais<\/a>. Em geral, s\u00f3 iniciativas pontuais de restri\u00e7\u00e3o circula\u00e7\u00e3o foram novamente impostas de agosto para c\u00e1, algumas delas&nbsp;<a href=\"https:\/\/brasil.elpais.com\/brasil\/2021-01-07\/segundo-colapso-de-manaus-simboliza-o-brasil-que-perdeu-200000-vidas-para-a-covid-19.html\" target=\"_blank\" rel=\"noreferrer noopener\">s\u00f3 com a interven\u00e7\u00e3o da Justi\u00e7a, como em Manaus<\/a>. Medidas para rastrear casos e de fato tentar frear os cont\u00e1gios n\u00e3o foram implementadas como uma pol\u00edtica p\u00fablica robusta. As mortes por covid-19 foram distribu\u00eddas em um espa\u00e7o maior de tempo, mas o Brasil nunca chegou a conseguir controlar de fato a pandemia. Foram mais de 200.000 mortes registradas oficialmente desde mar\u00e7o, data do primeiro \u00f3bito. Cerca de metade delas a cada cinco meses de pandemia no pa\u00eds.<\/p>\n\n\n\n<p>Mas a perda humana de uma das maiores crises sanit\u00e1rias pode ser ainda maior. O excesso de mortes j\u00e1 havia ultrapassado 200.000 em rela\u00e7\u00e3o \u00e0 m\u00e9dia de anos anteriores em meados de novembro, segundo dados do Conselho Nacional de Secret\u00e1rios Estaduais de Sa\u00fade (Conass). Al\u00e9m disso, o sistema do Governo Federal que registra hospitaliza\u00e7\u00f5es e mortes por covid-19, o Sivep-Gripe, indicava nesta quarta-feira, dia 6, as cifras de 187.800 \u00f3bitos confirmados e outras 80.000 mortes por\u00a0<a rel=\"noreferrer noopener\" href=\"https:\/\/brasil.elpais.com\/brasil\/2020-07-14\/no-parana-a-angustia-dos-dados-inconclusivos-coronavirus-ou-sindrome-respiratoria.html\" target=\"_blank\">s\u00edndrome respirat\u00f3ria aguda grave\u00a0<\/a>(uma complica\u00e7\u00e3o da covid-19 e de outras s\u00edndromes gripais) n\u00e3o especificadas, nas quais podem estar inclu\u00eddos casos de coronav\u00edrus n\u00e3o registrados por exame por motivos que v\u00e3o de problemas da coleta \u00e0 dificuldades de detec\u00e7\u00e3o pelo teste laboratorial. A Vital Strategies \u2014uma organiza\u00e7\u00e3o global composta por especialistas e pesquisadores com atua\u00e7\u00e3o junto a Governos\u2014 j\u00e1\u00a0<a rel=\"noreferrer noopener\" href=\"https:\/\/www1.folha.uol.com.br\/equilibrioesaude\/2020\/12\/brasil-ja-pode-ter-superado-220-mil-mortes-por-covid-19-mostra-levantamento.shtml\" target=\"_blank\">alertou sobre a possibilidade de casos omissos<\/a>\u00a0sob a justificativa de que a OMS determina que casos em que os pacientes apresentaram tr\u00eas ou mais sintomas cl\u00ednicos de covid-19 deveriam ser diagnosticados como suspeitos. O Minist\u00e9rio da Sa\u00fade tem dito que os casos s\u00e3o revisados e s\u00f3 depois inclu\u00eddos no sistema de monitoramento.<\/p>\n\n\n\n<p>Soma-se a isso a\u00a0<a rel=\"noreferrer noopener\" href=\"https:\/\/redeaanalisecovid.wordpress.com\/2021\/01\/04\/atraso-notificacao-e-represamento-o-efeito-no-acompanhamento-da-pandemia\/\" target=\"_blank\">demora nas notifica\u00e7\u00f5es e o represamento de dados que pesquisadores brasileiros t\u00eam ressaltado<\/a>\u00a0neste momento, quando a demanda por interna\u00e7\u00e3o hospitalar de infectados pelo coronav\u00edrus voltou a crescer em diversos Estados. Isso porque, com a base de atendimento lotada, as fichas demoram a ser preenchidas e notificadas no sistema federal, atrasando a cadeia de dados. O cen\u00e1rio ainda \u00e9 influenciado pelo represamento durante os feriados de fim de ano, quando tanto laborat\u00f3rios quanto hospitais atuaram com equipes reduzidas, em regime de plant\u00e3o.<\/p>\n\n\n\n<figure class=\"wp-block-image size-large\"><img loading=\"lazy\" decoding=\"async\" width=\"828\" height=\"1104\" data-attachment-id=\"30553\" data-permalink=\"http:\/\/blogdalucianaoliveira.com.br\/blog\/2021\/01\/08\/brasil-chega-a-200-000-mortes-na-pandemia-com-novo-represamento-de-dados-e-sus-sob-pressao\/9f05be93-fff4-4e76-98e1-c13c4985f5d0\/\" data-orig-file=\"https:\/\/i0.wp.com\/blogdalucianaoliveira.com.br\/blog\/wp-content\/uploads\/2021\/01\/9F05BE93-FFF4-4E76-98E1-C13C4985F5D0.jpeg?fit=828%2C1104\" data-orig-size=\"828,1104\" data-comments-opened=\"0\" data-image-meta=\"{&quot;aperture&quot;:&quot;0&quot;,&quot;credit&quot;:&quot;&quot;,&quot;camera&quot;:&quot;&quot;,&quot;caption&quot;:&quot;&quot;,&quot;created_timestamp&quot;:&quot;0&quot;,&quot;copyright&quot;:&quot;&quot;,&quot;focal_length&quot;:&quot;0&quot;,&quot;iso&quot;:&quot;0&quot;,&quot;shutter_speed&quot;:&quot;0&quot;,&quot;title&quot;:&quot;&quot;,&quot;orientation&quot;:&quot;1&quot;}\" data-image-title=\"9F05BE93-FFF4-4E76-98E1-C13C4985F5D0\" data-image-description=\"\" data-image-caption=\"\" data-medium-file=\"https:\/\/i0.wp.com\/blogdalucianaoliveira.com.br\/blog\/wp-content\/uploads\/2021\/01\/9F05BE93-FFF4-4E76-98E1-C13C4985F5D0.jpeg?fit=225%2C300\" data-large-file=\"https:\/\/i0.wp.com\/blogdalucianaoliveira.com.br\/blog\/wp-content\/uploads\/2021\/01\/9F05BE93-FFF4-4E76-98E1-C13C4985F5D0.jpeg?fit=600%2C800\" src=\"https:\/\/i0.wp.com\/blogdalucianaoliveira.com.br\/blog\/wp-content\/uploads\/2021\/01\/9F05BE93-FFF4-4E76-98E1-C13C4985F5D0.jpeg?fit=600%2C800\" alt=\"\" class=\"wp-image-30553\" srcset=\"https:\/\/i0.wp.com\/blogdalucianaoliveira.com.br\/blog\/wp-content\/uploads\/2021\/01\/9F05BE93-FFF4-4E76-98E1-C13C4985F5D0.jpeg?w=828 828w, https:\/\/i0.wp.com\/blogdalucianaoliveira.com.br\/blog\/wp-content\/uploads\/2021\/01\/9F05BE93-FFF4-4E76-98E1-C13C4985F5D0.jpeg?resize=225%2C300 225w, https:\/\/i0.wp.com\/blogdalucianaoliveira.com.br\/blog\/wp-content\/uploads\/2021\/01\/9F05BE93-FFF4-4E76-98E1-C13C4985F5D0.jpeg?resize=768%2C1024 768w\" sizes=\"auto, (max-width: 600px) 100vw, 600px\" \/><\/figure>\n\n\n\n<h3 class=\"wp-block-heading\">Pandemia interiorizada<\/h3>\n\n\n\n<p>Se antes havia uma ampla\u00a0<a rel=\"noreferrer noopener\" href=\"https:\/\/brasil.elpais.com\/brasil\/2020-07-24\/com-mais-de-1000-mortos-por-dia-brasil-enfrenta-pandemia-em-varias-velocidades-e-com-fragil-coordenacao-nacional.html\" target=\"_blank\">concentra\u00e7\u00e3o nas populosas capitais e cidades metropolitanas<\/a>, o interior do pa\u00eds j\u00e1 est\u00e1 marcado pelo avan\u00e7o do v\u00edrus e enfrenta a pandemia com sistemas de sa\u00fade mais fr\u00e1geis. O mais recente\u00a0<a rel=\"noreferrer noopener\" href=\"https:\/\/www.gov.br\/saude\/pt-br\/media\/pdf\/2020\/dezembro\/30\/boletim_epidemiologico_covid_43_final_coe.pdf\" target=\"_blank\">boletim epidemiol\u00f3gico do Minist\u00e9rio da Sa\u00fade<\/a>, com dados at\u00e9 o dia 26 de dezembro, mostra que 56% das novas mortes por covid-19 na referida semana j\u00e1 se concentravam em cidades do interior. Esta interioriza\u00e7\u00e3o da mortalidade \u00e9 observada desde setembro, quando a concentra\u00e7\u00e3o de mortes come\u00e7ou a se equiparar entre estes dois perfis.<\/p>\n\n\n\n<p>Em v\u00e1rios Estados, gestores trabalham para tentar ampliar leitos de UTI, mas agora enfrentam maiores desafios para contratar profissionais da sa\u00fade, exaustos pelo trabalho na linha de frente ao longo de meses. O Amazonas \u2015Estado onde j\u00e1 se ventilou a\u00a0<a rel=\"noreferrer noopener\" href=\"https:\/\/brasil.elpais.com\/ciencia\/2020-09-25\/o-caso-manaus-cidade-que-pode-ter-sido-a-primeira-do-mundo-a-atingir-imunidade-coletiva.html\" target=\"_blank\">teoria de ter chegado a uma imunidade de rebanho<\/a>\u00a0sem vacina e a um pre\u00e7o alto de mortes\u2015 vive uma nova onda preocupante. O pr\u00f3prio ministro da Sa\u00fade, Eduardo Pazuello, j\u00e1 afirmou que o Amazonas est\u00e1 caminhando para as propor\u00e7\u00f5es do ano passado. E o governador Wilson Lima tem dito que trabalha contra o tempo para abrir mais leitos hospitalares, transformando espa\u00e7os administrativos em hospitais em salas com leitos cl\u00ednicos e as de leitos cl\u00ednicos em terapia intensiva. L\u00e1, a Justi\u00e7a determinou maiores restri\u00e7\u00f5es ap\u00f3s o Governo relaxar medida sob press\u00e3o de comerciantes e empres\u00e1rios.<\/p>\n\n\n\n<figure class=\"wp-block-image size-large\"><img loading=\"lazy\" decoding=\"async\" width=\"828\" height=\"1145\" data-attachment-id=\"30554\" data-permalink=\"http:\/\/blogdalucianaoliveira.com.br\/blog\/2021\/01\/08\/brasil-chega-a-200-000-mortes-na-pandemia-com-novo-represamento-de-dados-e-sus-sob-pressao\/81549bd6-3dbe-42a5-8e4b-3fadc8445fad\/\" data-orig-file=\"https:\/\/i0.wp.com\/blogdalucianaoliveira.com.br\/blog\/wp-content\/uploads\/2021\/01\/81549BD6-3DBE-42A5-8E4B-3FADC8445FAD.jpeg?fit=828%2C1145\" data-orig-size=\"828,1145\" data-comments-opened=\"0\" data-image-meta=\"{&quot;aperture&quot;:&quot;0&quot;,&quot;credit&quot;:&quot;&quot;,&quot;camera&quot;:&quot;&quot;,&quot;caption&quot;:&quot;&quot;,&quot;created_timestamp&quot;:&quot;0&quot;,&quot;copyright&quot;:&quot;&quot;,&quot;focal_length&quot;:&quot;0&quot;,&quot;iso&quot;:&quot;0&quot;,&quot;shutter_speed&quot;:&quot;0&quot;,&quot;title&quot;:&quot;&quot;,&quot;orientation&quot;:&quot;1&quot;}\" data-image-title=\"81549BD6-3DBE-42A5-8E4B-3FADC8445FAD\" data-image-description=\"\" data-image-caption=\"\" data-medium-file=\"https:\/\/i0.wp.com\/blogdalucianaoliveira.com.br\/blog\/wp-content\/uploads\/2021\/01\/81549BD6-3DBE-42A5-8E4B-3FADC8445FAD.jpeg?fit=217%2C300\" data-large-file=\"https:\/\/i0.wp.com\/blogdalucianaoliveira.com.br\/blog\/wp-content\/uploads\/2021\/01\/81549BD6-3DBE-42A5-8E4B-3FADC8445FAD.jpeg?fit=600%2C830\" src=\"https:\/\/i0.wp.com\/blogdalucianaoliveira.com.br\/blog\/wp-content\/uploads\/2021\/01\/81549BD6-3DBE-42A5-8E4B-3FADC8445FAD.jpeg?fit=600%2C830\" alt=\"\" class=\"wp-image-30554\" srcset=\"https:\/\/i0.wp.com\/blogdalucianaoliveira.com.br\/blog\/wp-content\/uploads\/2021\/01\/81549BD6-3DBE-42A5-8E4B-3FADC8445FAD.jpeg?w=828 828w, https:\/\/i0.wp.com\/blogdalucianaoliveira.com.br\/blog\/wp-content\/uploads\/2021\/01\/81549BD6-3DBE-42A5-8E4B-3FADC8445FAD.jpeg?resize=217%2C300 217w, https:\/\/i0.wp.com\/blogdalucianaoliveira.com.br\/blog\/wp-content\/uploads\/2021\/01\/81549BD6-3DBE-42A5-8E4B-3FADC8445FAD.jpeg?resize=740%2C1024 740w, https:\/\/i0.wp.com\/blogdalucianaoliveira.com.br\/blog\/wp-content\/uploads\/2021\/01\/81549BD6-3DBE-42A5-8E4B-3FADC8445FAD.jpeg?resize=768%2C1062 768w\" sizes=\"auto, (max-width: 600px) 100vw, 600px\" \/><\/figure>\n\n\n\n<p>Em um contexto em que os vizinhos da&nbsp;<a href=\"https:\/\/brasil.elpais.com\/brasil\/2021-01-05\/contagios-de-covid-19-disparam-no-inicio-do-ano-na-america-latina.html\" target=\"_blank\" rel=\"noreferrer noopener\">Am\u00e9rica Latina j\u00e1 reagem \u00e0 alta de casos de covid-19<\/a>com novas restri\u00e7\u00f5es, o Brasil segue inerte. E parece repetir a mesma posi\u00e7\u00e3o err\u00e1tica do come\u00e7o da pandemia. A guerra pol\u00edtica entre o presidente Jair Bolsonaro e o governador Jo\u00e3o D\u00f3ria na corrida por uma vacina geraram um clima tenso no pa\u00eds, embora, nos \u00faltimos dias, h\u00e1 uma pequena sinaliza\u00e7\u00e3o de tr\u00e9gua, com a decis\u00e3o do Minist\u00e9rio da Sa\u00fade de comprar a vacina paulista desenvolvida com os chineses, a Coronavac. O Governo Federal enfrenta press\u00e3o da sociedade, de governadores e&nbsp;<a href=\"https:\/\/brasil.elpais.com\/brasil\/2020-12-17\/ministro-do-stf-libera-governadores-e-prefeitos-para-comprar-vacinas-se-anvisa-nao-cumprir-prazo-de-72h.html\" target=\"_blank\" rel=\"noreferrer noopener\">at\u00e9 da Justi\u00e7a para antecipar uma estrat\u00e9gia nacional de imuniza\u00e7\u00e3o<\/a>&nbsp;depois de atrasos nas negocia\u00e7\u00f5es tanto de vacinas quanto de insumos. O&nbsp;<a href=\"https:\/\/brasil.elpais.com\/brasil\/2021-01-07\/coronavac-atinge-78-de-eficacia-em-testes-no-brasil-segundo-o-governo-de-sao-paulo.html\" target=\"_blank\" rel=\"noreferrer noopener\">Governo de S\u00e3o Paulo est\u00e1 na imin\u00eancia de pedir a autoriza\u00e7\u00e3o para uso emergencial \u00e0 Anvisa da Coronavac<\/a>&nbsp;e promete come\u00e7ar a vacinar grupos priorit\u00e1rios no dia 25 de dezembro. Enquanto isso, o Governo Bolsonaro corre contra o tempo para tentar iniciar a vacina\u00e7\u00e3o antes. Prometeu come\u00e7ar cinco dias antes de S\u00e3o Paulo, no dia 20 de janeiro. Os cronogramas sobre o quantitativo de vacinas que devem estar disponibilizadas nos postos nos pr\u00f3ximos meses ainda n\u00e3o est\u00e3o definidos.<\/p>\n\n\n\n<h3 class=\"wp-block-heading\">\u201cA gente lamenta, mas a vida continua\u201d<\/h3>\n\n\n\n<p>J\u00e1 o presidente Jair Bolsonaro segue com\u00a0<a rel=\"noreferrer noopener\" href=\"https:\/\/brasil.elpais.com\/brasil\/2020-12-20\/chip-na-vacina-virar-jacare-e-outros-mitos-criam-pandemia-de-desinformacao-na-luta-contra-a-covid-19.html\" target=\"_blank\">declara\u00e7\u00f5es que p\u00f5em em xeque a seguran\u00e7a de vacinas<\/a>\u00a0em um momento em que a confian\u00e7a na ci\u00eancia \u00e9 fundamental para garantir uma campanha de vacina\u00e7\u00e3o ampla. Especialistas t\u00eam sido categ\u00f3ricos ao dizer que a estrat\u00e9gia de imuniza\u00e7\u00e3o \u00e9 coletiva e que, para chegar \u00e0 almejada prote\u00e7\u00e3o, \u00e9 preciso que a maioria da popula\u00e7\u00e3o receba os imunizantes. Mesmo que a vacina\u00e7\u00e3o comece nas \u00faltimas semanas de janeiro, os meses seguintes dever\u00e3o ser de muito trabalho para garantir esta cobertura vacinal. Mesmo os que receberem a vacina dever\u00e3o seguir os cuidados como distanciamento e uso de m\u00e1scara, j\u00e1 que h\u00e1 um tempo at\u00e9 o corpo desenvolver uma resposta imune e a maioria das vacinas necessita de duas doses para uma prote\u00e7\u00e3o admiss\u00edvel.<\/p>\n\n\n\n<p>Numa mudan\u00e7a de tom, o Minist\u00e9rio da Sa\u00fade emitiu nota de pesar pelas\u00a0<a rel=\"noreferrer noopener\" href=\"https:\/\/brasil.elpais.com\/brasil\/2020-08-07\/cartas-de-amor-na-despedida-um-adeus-a-quem-partiu-pela-covid-19.html\" target=\"_blank\">v\u00edtimas da pandemia<\/a>. Assinada pela pasta, o informe expressa solidariedade aos familiares que perderam seus entes queridos e diz faz\u00ea-lo em nome do presidente. Pazuello tamb\u00e9m falou pela primeira vez em \u201cguerra\u201d total contra a doen\u00e7a, que deve estar acima \u201cdas ideologias\u201d. \u201cO Minist\u00e9rio da Sa\u00fade est\u00e1 trabalhando incansavelmente, acompanhando pesquisas cient\u00edficas e refor\u00e7ando di\u00e1logos entre o Brasil e outros pa\u00edses para garantir vacinas seguras e eficazes \u00e0 popula\u00e7\u00e3o\u201d, prometeu o minist\u00e9rio. J\u00e1 Bolsonaro, em uma transmiss\u00e3o ao vivo nas redes sociais, voltou a questionar os dados sobre mortes, falando que pessoas morreram \u201ccom\u201d covid-19, como se fosse poss\u00edvel separar as causas. \u201cA gente lamenta hoje, estamos batendo 200 mil mortes. Muitas dessas mortes com covid, outras de covid, n\u00e3o temos uma linha de corte no tocante a isso a\u00ed. Mas a vida continua&#8230;\u201d<\/p>\n","protected":false},"excerpt":{"rendered":"<p>Pa\u00eds enfrenta um cen\u00e1rio dif\u00edcil com doen\u00e7a mais uniforme entre as regi\u00f5es enquanto a estrat\u00e9gia de vacina\u00e7\u00e3o segue imersa em d\u00favidas. Atrasos em testes e na atualiza\u00e7\u00e3o de prontu\u00e1rios turvam an\u00e1lise<\/p>\n","protected":false},"author":1,"featured_media":0,"comment_status":"closed","ping_status":"open","sticky":false,"template":"","format":"standard","meta":{"_exactmetrics_skip_tracking":false,"_exactmetrics_sitenote_active":false,"_exactmetrics_sitenote_note":"","_exactmetrics_sitenote_category":0,"jetpack_post_was_ever_published":false,"_jetpack_newsletter_access":"","_jetpack_dont_email_post_to_subs":false,"_jetpack_newsletter_tier_id":0,"_jetpack_memberships_contains_paywalled_content":false,"_jetpack_memberships_contains_paid_content":false,"footnotes":"","jetpack_publicize_message":"","jetpack_publicize_feature_enabled":true,"jetpack_social_post_already_shared":true,"jetpack_social_options":{"image_generator_settings":{"template":"highway","enabled":false},"version":2}},"categories":[1],"tags":[],"class_list":["post-30551","post","type-post","status-publish","format-standard","hentry","category-notas"],"jetpack_publicize_connections":[],"jetpack_sharing_enabled":true,"jetpack_featured_media_url":"","jetpack_shortlink":"https:\/\/wp.me\/p7wKYW-7WL","jetpack-related-posts":[],"_links":{"self":[{"href":"http:\/\/blogdalucianaoliveira.com.br\/blog\/wp-json\/wp\/v2\/posts\/30551","targetHints":{"allow":["GET"]}}],"collection":[{"href":"http:\/\/blogdalucianaoliveira.com.br\/blog\/wp-json\/wp\/v2\/posts"}],"about":[{"href":"http:\/\/blogdalucianaoliveira.com.br\/blog\/wp-json\/wp\/v2\/types\/post"}],"author":[{"embeddable":true,"href":"http:\/\/blogdalucianaoliveira.com.br\/blog\/wp-json\/wp\/v2\/users\/1"}],"replies":[{"embeddable":true,"href":"http:\/\/blogdalucianaoliveira.com.br\/blog\/wp-json\/wp\/v2\/comments?post=30551"}],"version-history":[{"count":1,"href":"http:\/\/blogdalucianaoliveira.com.br\/blog\/wp-json\/wp\/v2\/posts\/30551\/revisions"}],"predecessor-version":[{"id":30555,"href":"http:\/\/blogdalucianaoliveira.com.br\/blog\/wp-json\/wp\/v2\/posts\/30551\/revisions\/30555"}],"wp:attachment":[{"href":"http:\/\/blogdalucianaoliveira.com.br\/blog\/wp-json\/wp\/v2\/media?parent=30551"}],"wp:term":[{"taxonomy":"category","embeddable":true,"href":"http:\/\/blogdalucianaoliveira.com.br\/blog\/wp-json\/wp\/v2\/categories?post=30551"},{"taxonomy":"post_tag","embeddable":true,"href":"http:\/\/blogdalucianaoliveira.com.br\/blog\/wp-json\/wp\/v2\/tags?post=30551"}],"curies":[{"name":"wp","href":"https:\/\/api.w.org\/{rel}","templated":true}]}}