{"id":30559,"date":"2021-01-11T20:35:58","date_gmt":"2021-01-12T00:35:58","guid":{"rendered":"http:\/\/blogdalucianaoliveira.com.br\/blog\/?p=30559"},"modified":"2021-01-11T20:36:01","modified_gmt":"2021-01-12T00:36:01","slug":"trump-agride-cuba-antes-de-sair-da-casa-branca-pela-porta-dos-fundos","status":"publish","type":"post","link":"http:\/\/blogdalucianaoliveira.com.br\/blog\/2021\/01\/11\/trump-agride-cuba-antes-de-sair-da-casa-branca-pela-porta-dos-fundos\/","title":{"rendered":"Trump agride Cuba antes de sair da Casa Branca pela porta dos fundos"},"content":{"rendered":"\n<figure class=\"wp-block-image size-large\"><img data-recalc-dims=\"1\" loading=\"lazy\" decoding=\"async\" width=\"467\" height=\"240\" data-attachment-id=\"30560\" data-permalink=\"http:\/\/blogdalucianaoliveira.com.br\/blog\/2021\/01\/11\/trump-agride-cuba-antes-de-sair-da-casa-branca-pela-porta-dos-fundos\/416df4c8-824e-4289-91a7-77c57933b420\/\" data-orig-file=\"https:\/\/i0.wp.com\/blogdalucianaoliveira.com.br\/blog\/wp-content\/uploads\/2021\/01\/416DF4C8-824E-4289-91A7-77C57933B420.jpeg?fit=467%2C240\" data-orig-size=\"467,240\" data-comments-opened=\"0\" data-image-meta=\"{&quot;aperture&quot;:&quot;0&quot;,&quot;credit&quot;:&quot;&quot;,&quot;camera&quot;:&quot;&quot;,&quot;caption&quot;:&quot;&quot;,&quot;created_timestamp&quot;:&quot;0&quot;,&quot;copyright&quot;:&quot;&quot;,&quot;focal_length&quot;:&quot;0&quot;,&quot;iso&quot;:&quot;0&quot;,&quot;shutter_speed&quot;:&quot;0&quot;,&quot;title&quot;:&quot;&quot;,&quot;orientation&quot;:&quot;0&quot;}\" data-image-title=\"416DF4C8-824E-4289-91A7-77C57933B420\" data-image-description=\"\" data-image-caption=\"\" data-medium-file=\"https:\/\/i0.wp.com\/blogdalucianaoliveira.com.br\/blog\/wp-content\/uploads\/2021\/01\/416DF4C8-824E-4289-91A7-77C57933B420.jpeg?fit=300%2C154\" data-large-file=\"https:\/\/i0.wp.com\/blogdalucianaoliveira.com.br\/blog\/wp-content\/uploads\/2021\/01\/416DF4C8-824E-4289-91A7-77C57933B420.jpeg?fit=467%2C240\" src=\"https:\/\/i0.wp.com\/blogdalucianaoliveira.com.br\/blog\/wp-content\/uploads\/2021\/01\/416DF4C8-824E-4289-91A7-77C57933B420.jpeg?resize=467%2C240\" alt=\"\" class=\"wp-image-30560\" srcset=\"https:\/\/i0.wp.com\/blogdalucianaoliveira.com.br\/blog\/wp-content\/uploads\/2021\/01\/416DF4C8-824E-4289-91A7-77C57933B420.jpeg?w=467 467w, https:\/\/i0.wp.com\/blogdalucianaoliveira.com.br\/blog\/wp-content\/uploads\/2021\/01\/416DF4C8-824E-4289-91A7-77C57933B420.jpeg?resize=300%2C154 300w\" sizes=\"auto, (max-width: 467px) 100vw, 467px\" \/><\/figure>\n\n\n\n<p><strong>Sputnik \u2013<\/strong>\u00a0O Departamento de Estado dos EUA integrou Cuba nesta segunda-feira (11) \u00e0 lista de pa\u00edses patrocinadores do terrorismo. An\u00fancio era esperado e havia sido sinalizado anteriormente pela administra\u00e7\u00e3o de Donald Trump.<\/p>\n\n\n\n<!--more-->\n\n\n\n<p>Cuba est\u00e1 de volta \u00e0 lista de pa\u00edses considerados pelos\u00a0<a rel=\"noreferrer noopener\" target=\"_blank\" href=\"https:\/\/br.sputniknews.com\/americas\/2020123116707457-eua-consideram-colocar-cuba-na-lista-dos-paises-patrocinadores-do-terrorismo-diz-midia\/\">EUA como patrocinadores do terrorismo<\/a>. Washington havia retirado Havana da lista em 2015, em uma medida diplom\u00e1tica que visava melhorar os la\u00e7os, inclusive econ\u00f4micos, entre os dois lados.<\/p>\n\n\n\n<p><em>O apoio cont\u00ednuo de Cuba ao terrorismo no hemisf\u00e9rio ocidental deve ser interrompido. Hoje [11] os Estados Unidos est\u00e3o devolvendo Cuba \u00e0 lista de patrocinadores do terrorismo para responsabilizar o regime de Castro por seu comportamento maligno.<\/em><\/p>\n\n\n\n<p>O governo do atual presidente dos EUA, Donald Trump, por\u00e9m, j\u00e1 havia manifestado em maio de 2020 interesse no retorno de Cuba ao seleto grupo de na\u00e7\u00f5es classificadas pelos EUA como perigosas. Na ocasi\u00e3o, a R\u00fassia, assim como os democratas, criticou a proposta. Joe Biden, uma vez empossado na pr\u00f3xima semana, pode retirar a ilha da lista, embora o processo possa levar meses.<\/p>\n\n\n\n<p>Al\u00e9m de san\u00e7\u00f5es, a iniciativa dos EUA\u00a0<a rel=\"noreferrer noopener\" target=\"_blank\" href=\"https:\/\/br.sputniknews.com\/americas\/2021010716745928-presidente-de-cuba-condena-discurso-de-supremacia-e-violencia-no-capitolio-dos-eua\/\">posiciona Cuba na companhia<\/a>\u00a0do Ir\u00e3, Coreia do Norte, S\u00edria e Sud\u00e3o, pa\u00edses considerados &#8220;patrocinadores do terrorismo&#8221;.<\/p>\n\n\n\n<p>De acordo com o governo dos EUA, Cuba est\u00e1 supostamente abrigando fugitivos norte-americanos. Al\u00e9m disso, a ilha se recusa a extraditar um colombiano, a pedido do Ex\u00e9rcito de Liberta\u00e7\u00e3o Nacional (ELN), que estaria supostamente vinculado a um atentado a bomba em 2019.<\/p>\n\n\n\n<p>Os&nbsp;<a target=\"_blank\" rel=\"noreferrer noopener\" href=\"https:\/\/br.sputniknews.com\/americas\/2020121616626313-sindrome-de-havana-cuba-responde-ao-relatorio-dos-eua-sobre-doenca-misteriosa-de-diplomatas\/\">primeiros relat\u00f3rios sobre os Estados Unidos<\/a>considerando a possibilidade de retornar Cuba \u00e0 sua lista de Estados patrocinadores do terrorismo surgiram em maio. Segundo as autoridades, havia um &#8220;caso convincente&#8221; de que tal movimento deveria ser feito contra Havana. Em parte, foi alegadamente em fun\u00e7\u00e3o de seu apoio cont\u00ednuo ao presidente venezuelano Nicol\u00e1s Maduro, bem como o ref\u00fagio que fornece para l\u00edderes do grupo rebelde ELN da Col\u00f4mbia.<\/p>\n\n\n\n<p>Cuba entrou para a lista de pa\u00edses patrocinadores do terrorismo em 1982, no governo de Ronald Reagan. Os Estados Unidos retiraram o pa\u00eds da lista em maio de 2015, em uma tentativa de eliminar um obst\u00e1culo fundamental ao restabelecimento dos la\u00e7os diplom\u00e1ticos entre os antigos inimigos. A mudan\u00e7a de pol\u00edtica permitiu a Cuba realizar atividades banc\u00e1rias nos Estados Unidos, entre outras atividades empresariais.<\/p>\n","protected":false},"excerpt":{"rendered":"<p>Sputnik \u2013\u00a0O Departamento de Estado dos EUA integrou Cuba nesta segunda-feira (11) \u00e0 lista de pa\u00edses patrocinadores do terrorismo. An\u00fancio era esperado e havia sido sinalizado anteriormente pela administra\u00e7\u00e3o de Donald Trump.<\/p>\n","protected":false},"author":1,"featured_media":0,"comment_status":"closed","ping_status":"open","sticky":false,"template":"","format":"standard","meta":{"_exactmetrics_skip_tracking":false,"_exactmetrics_sitenote_active":false,"_exactmetrics_sitenote_note":"","_exactmetrics_sitenote_category":0,"jetpack_post_was_ever_published":false,"_jetpack_newsletter_access":"","_jetpack_dont_email_post_to_subs":false,"_jetpack_newsletter_tier_id":0,"_jetpack_memberships_contains_paywalled_content":false,"_jetpack_memberships_contains_paid_content":false,"footnotes":"","jetpack_publicize_message":"","jetpack_publicize_feature_enabled":true,"jetpack_social_post_already_shared":true,"jetpack_social_options":{"image_generator_settings":{"template":"highway","enabled":false},"version":2}},"categories":[1],"tags":[],"class_list":["post-30559","post","type-post","status-publish","format-standard","hentry","category-notas"],"jetpack_publicize_connections":[],"jetpack_sharing_enabled":true,"jetpack_featured_media_url":"","jetpack_shortlink":"https:\/\/wp.me\/p7wKYW-7WT","jetpack-related-posts":[],"_links":{"self":[{"href":"http:\/\/blogdalucianaoliveira.com.br\/blog\/wp-json\/wp\/v2\/posts\/30559","targetHints":{"allow":["GET"]}}],"collection":[{"href":"http:\/\/blogdalucianaoliveira.com.br\/blog\/wp-json\/wp\/v2\/posts"}],"about":[{"href":"http:\/\/blogdalucianaoliveira.com.br\/blog\/wp-json\/wp\/v2\/types\/post"}],"author":[{"embeddable":true,"href":"http:\/\/blogdalucianaoliveira.com.br\/blog\/wp-json\/wp\/v2\/users\/1"}],"replies":[{"embeddable":true,"href":"http:\/\/blogdalucianaoliveira.com.br\/blog\/wp-json\/wp\/v2\/comments?post=30559"}],"version-history":[{"count":1,"href":"http:\/\/blogdalucianaoliveira.com.br\/blog\/wp-json\/wp\/v2\/posts\/30559\/revisions"}],"predecessor-version":[{"id":30561,"href":"http:\/\/blogdalucianaoliveira.com.br\/blog\/wp-json\/wp\/v2\/posts\/30559\/revisions\/30561"}],"wp:attachment":[{"href":"http:\/\/blogdalucianaoliveira.com.br\/blog\/wp-json\/wp\/v2\/media?parent=30559"}],"wp:term":[{"taxonomy":"category","embeddable":true,"href":"http:\/\/blogdalucianaoliveira.com.br\/blog\/wp-json\/wp\/v2\/categories?post=30559"},{"taxonomy":"post_tag","embeddable":true,"href":"http:\/\/blogdalucianaoliveira.com.br\/blog\/wp-json\/wp\/v2\/tags?post=30559"}],"curies":[{"name":"wp","href":"https:\/\/api.w.org\/{rel}","templated":true}]}}