{"id":30562,"date":"2021-01-11T21:30:08","date_gmt":"2021-01-12T01:30:08","guid":{"rendered":"http:\/\/blogdalucianaoliveira.com.br\/blog\/?p=30562"},"modified":"2021-01-11T21:30:12","modified_gmt":"2021-01-12T01:30:12","slug":"as-festas-da-covid","status":"publish","type":"post","link":"http:\/\/blogdalucianaoliveira.com.br\/blog\/2021\/01\/11\/as-festas-da-covid\/","title":{"rendered":"As festas da Covid"},"content":{"rendered":"\n<figure class=\"wp-block-image size-large\"><img data-recalc-dims=\"1\" loading=\"lazy\" decoding=\"async\" width=\"600\" height=\"235\" data-attachment-id=\"30563\" data-permalink=\"http:\/\/blogdalucianaoliveira.com.br\/blog\/2021\/01\/11\/as-festas-da-covid\/3a283264-a2f3-4d2b-af32-7ddd004f20ed\/\" data-orig-file=\"https:\/\/i0.wp.com\/blogdalucianaoliveira.com.br\/blog\/wp-content\/uploads\/2021\/01\/3A283264-A2F3-4D2B-AF32-7DDD004F20ED.jpeg?fit=734%2C288\" data-orig-size=\"734,288\" data-comments-opened=\"0\" data-image-meta=\"{&quot;aperture&quot;:&quot;0&quot;,&quot;credit&quot;:&quot;&quot;,&quot;camera&quot;:&quot;&quot;,&quot;caption&quot;:&quot;&quot;,&quot;created_timestamp&quot;:&quot;0&quot;,&quot;copyright&quot;:&quot;&quot;,&quot;focal_length&quot;:&quot;0&quot;,&quot;iso&quot;:&quot;0&quot;,&quot;shutter_speed&quot;:&quot;0&quot;,&quot;title&quot;:&quot;&quot;,&quot;orientation&quot;:&quot;1&quot;}\" data-image-title=\"3A283264-A2F3-4D2B-AF32-7DDD004F20ED\" data-image-description=\"\" data-image-caption=\"\" data-medium-file=\"https:\/\/i0.wp.com\/blogdalucianaoliveira.com.br\/blog\/wp-content\/uploads\/2021\/01\/3A283264-A2F3-4D2B-AF32-7DDD004F20ED.jpeg?fit=300%2C118\" data-large-file=\"https:\/\/i0.wp.com\/blogdalucianaoliveira.com.br\/blog\/wp-content\/uploads\/2021\/01\/3A283264-A2F3-4D2B-AF32-7DDD004F20ED.jpeg?fit=600%2C235\" src=\"https:\/\/i0.wp.com\/blogdalucianaoliveira.com.br\/blog\/wp-content\/uploads\/2021\/01\/3A283264-A2F3-4D2B-AF32-7DDD004F20ED.jpeg?resize=600%2C235\" alt=\"\" class=\"wp-image-30563\" srcset=\"https:\/\/i0.wp.com\/blogdalucianaoliveira.com.br\/blog\/wp-content\/uploads\/2021\/01\/3A283264-A2F3-4D2B-AF32-7DDD004F20ED.jpeg?w=734 734w, https:\/\/i0.wp.com\/blogdalucianaoliveira.com.br\/blog\/wp-content\/uploads\/2021\/01\/3A283264-A2F3-4D2B-AF32-7DDD004F20ED.jpeg?resize=300%2C118 300w\" sizes=\"auto, (max-width: 600px) 100vw, 600px\" \/><\/figure>\n\n\n\n<p>Revista Piau\u00ed, por <strong>EMILY ALMEIDA, AMANDA GORZIZA E RENATA BUONO\u00a0<\/strong><\/p>\n\n\n\n<!--more-->\n\n\n\n<p><strong>A<\/strong>pesar da pandemia, o movimento nas ruas brasileiras foi intenso durante as festas de fim de ano. Em Praia Grande, cidade que Bolsonaro visitou no Ano-Novo, houve crescimento de 700% no movimento das praias no dia 1\u00ba de janeiro de 2021, na compara\u00e7\u00e3o com a m\u00e9dia di\u00e1ria dos dois primeiros meses de 2020. Foi um aumento quatro vezes maior que o registrado na segunda-feira de Carnaval de 2020 (dia 24 de fevereiro), quando o coronav\u00edrus ainda n\u00e3o circulava pelo pa\u00eds. O movimento em mercados de Mangaratiba, onde Neymar festejou o R\u00e9veillon, cresceu mais de 200%. Os dados foram coletados pelo Google em relat\u00f3rios feitos para ajudar autoridades de sa\u00fade no combate \u00e0 Covid-19. Eles permitem identificar tend\u00eancias de deslocamento por regi\u00e3o e locais espec\u00edficos, como mercados, restaurantes e \u00e1reas p\u00fablicas. A m\u00e9dia base, usada para calcular as varia\u00e7\u00f5es de movimenta\u00e7\u00e3o, leva em conta o per\u00edodo de 3 de janeiro a 6 de fevereiro de 2020. Com base nesses dados, o\u00a0<em>=igualdades<\/em>\u00a0analisou que locais tiveram maior aumento de movimenta\u00e7\u00e3o durante os feriados de fim de ano.<\/p>\n\n\n\n<figure class=\"wp-block-image\"><img data-recalc-dims=\"1\" decoding=\"async\" src=\"https:\/\/i0.wp.com\/piaui.folha.uol.com.br\/wp-content\/uploads\/2021\/01\/01._Reveillon_da_pandemia1.jpg?w=600&#038;ssl=1\" alt=\"\" class=\"wp-image-393596\"\/><\/figure>\n\n\n\n<p>No feriado de&nbsp;<strong>Ano-Novo<\/strong>, no Brasil, muitas&nbsp;<strong>cidades praianas<\/strong>&nbsp;tiveram&nbsp;<strong>aumento significativo na movimenta\u00e7\u00e3o de pessoas<\/strong>, conforme mostram dados de mobilidade compilados diariamente pelo Google. A cidade de&nbsp;<strong>Praia Grande<\/strong>, em S\u00e3o Paulo, foi a que teve o maior aumento: na compara\u00e7\u00e3o com a m\u00e9dia pr\u00e9-pandemia, o volume de pessoas&nbsp;<strong>cresceu 700%<\/strong>. Em seguida vem Arroio do Sal (RS), com alta de 394%, e Peru\u00edbe (SP), com 370%.<\/p>\n\n\n\n<figure class=\"wp-block-image\"><img data-recalc-dims=\"1\" decoding=\"async\" src=\"https:\/\/i0.wp.com\/piaui.folha.uol.com.br\/wp-content\/uploads\/2021\/01\/02._Reveillon_da_pandemia1.jpg?w=600&#038;ssl=1\" alt=\"\" class=\"wp-image-393597\"\/><\/figure>\n\n\n\n<p><strong>Praia Grande<\/strong>, em S\u00e3o Paulo, foi a&nbsp;<strong>cidade que teve maior aumento na circula\u00e7\u00e3o de pessoas no dia 1 de janeiro de 2021<\/strong>. Foi por l\u00e1 que o presidente&nbsp;<strong>Jair Bolsonaro<\/strong>&nbsp;passeou de barco e se juntou a uma multid\u00e3o de banhistas na areia. Em compara\u00e7\u00e3o com a m\u00e9dia do per\u00edodo pr\u00e9-pandemia,&nbsp;<strong>a cidade teve aumento de 700% no fluxo de pessoas no Ano-Novo<\/strong>. Em 24 de fevereiro, no&nbsp;<strong>Carnaval<\/strong>&nbsp;de 2020, quando ainda n\u00e3o havia coronav\u00edrus no Brasil,&nbsp;<strong>o aumento havia sido de 168%<\/strong>&nbsp;em rela\u00e7\u00e3o \u00e0 m\u00e9dia di\u00e1ria. Ou seja, o movimento em Praia Grande no Ano-Novo foi quatro vezes maior que o registrado no Carnaval.<\/p>\n\n\n\n<figure class=\"wp-block-image\"><img data-recalc-dims=\"1\" decoding=\"async\" src=\"https:\/\/i0.wp.com\/piaui.folha.uol.com.br\/wp-content\/uploads\/2021\/01\/03._Reveillon_da_pandemia1.jpg?w=600&#038;ssl=1\" alt=\"\" class=\"wp-image-393598\"\/><\/figure>\n\n\n\n<p><strong>Mangaratiba<\/strong>, munic\u00edpio carioca que abrigou a<strong>&nbsp;festa de R\u00e9veillon de Neymar<\/strong>, teve&nbsp;<strong>aumento de 203% no movimento em mercados no dia 31 de dezembro de 2020<\/strong>, na compara\u00e7\u00e3o com a m\u00e9dia di\u00e1ria pr\u00e9-pandemia. Foi uma das cidades do Brasil com maior crescimento desse \u00edndice. J\u00e1 a capital do&nbsp;<strong>Rio de Janeiro teve um aumento menor, de 25%.<\/strong><\/p>\n\n\n\n<p><\/p>\n\n\n\n<figure class=\"wp-block-image\"><img data-recalc-dims=\"1\" decoding=\"async\" src=\"https:\/\/i0.wp.com\/piaui.folha.uol.com.br\/wp-content\/uploads\/2021\/01\/04._Reveillon_da_pandemia1.jpg?w=600&#038;ssl=1\" alt=\"\" class=\"wp-image-393599\"\/><\/figure>\n\n\n\n<p>Desde o in\u00edcio da pandemia, o movimento em mercados e farm\u00e1cias nunca tinha sido t\u00e3o grande no&nbsp;<strong>Brasil<\/strong>&nbsp;quanto foi no dia&nbsp;<strong>24 de dezembro<\/strong>. Nesta data, ficou&nbsp;<strong>67% acima da m\u00e9dia<\/strong>&nbsp;do per\u00edodo pr\u00e9-pandemia. J\u00e1 o&nbsp;<strong>Reino Unido<\/strong>, que entrou em novo&nbsp;<em>lockdown<\/em>&nbsp;\u00e0s v\u00e9speras do Natal,<strong>&nbsp;teve apenas 14% de crescimento nas idas ao mercado<\/strong>. Ou seja, o movimento nos mercados brasileiros cresceu cinco vezes mais que no Reino Unido no Natal de 2020.<\/p>\n\n\n\n<figure class=\"wp-block-image\"><img data-recalc-dims=\"1\" decoding=\"async\" src=\"https:\/\/i0.wp.com\/piaui.folha.uol.com.br\/wp-content\/uploads\/2021\/01\/05._Reveillon_da_pandemia1.jpg?w=600&#038;ssl=1\" alt=\"\" class=\"wp-image-393600\"\/><\/figure>\n\n\n\n<p>Com o recrudescimento da epidemia no Reino Unido, o pa\u00eds precisou adotar medidas r\u00edgidas de isolamento no final de 2020 para frear a doen\u00e7a. Com isso, em&nbsp;<strong>31 de dezembro<\/strong>,&nbsp;<strong>o movimento em restaurantes e caf\u00e9s de Londres ficou 96% abaixo da m\u00e9dia<\/strong>&nbsp;di\u00e1ria do per\u00edodo pr\u00e9-pandemia. J\u00e1 o&nbsp;<strong>Rio de Janeiro<\/strong>&nbsp;n\u00e3o se isolou tanto assim: no \u00faltimo dia do ano, o<strong>s restaurantes da cidade tiveram queda de apenas 49%<\/strong>.<\/p>\n\n\n\n<figure class=\"wp-block-image\"><img data-recalc-dims=\"1\" decoding=\"async\" src=\"https:\/\/i0.wp.com\/piaui.folha.uol.com.br\/wp-content\/uploads\/2021\/01\/06._Reveillon_da_pandemia1.jpg?w=600&#038;ssl=1\" alt=\"\" class=\"wp-image-393601\"\/><\/figure>\n\n\n\n<p>O R\u00e9veillon deste ano teve mais gente nas estradas do que o do ano passado. Em&nbsp;<strong>Minas Gerais<\/strong>, a&nbsp;<strong>circula\u00e7\u00e3o de carros em rodovias federais<\/strong>&nbsp;no dia 31 de dezembro foi&nbsp;<strong>48,4% maior<\/strong>&nbsp;que na mesma data de 2019. J\u00e1 em&nbsp;<strong>S\u00e3o Paulo<\/strong>, o&nbsp;<strong>crescimento foi de 27%<\/strong>. O aumento era esperado \u2013 com a pandemia, mais brasileiros optaram por pegar a estrada.<\/p>\n\n\n\n<figure class=\"wp-block-image\"><img data-recalc-dims=\"1\" decoding=\"async\" src=\"https:\/\/i0.wp.com\/piaui.folha.uol.com.br\/wp-content\/uploads\/2021\/01\/07._Reveillon_da_pandemia1.jpg?w=600&#038;ssl=1\" alt=\"\" class=\"wp-image-393602\"\/><\/figure>\n\n\n\n<p>A cidade de&nbsp;<strong>Natal<\/strong>&nbsp;teve um&nbsp;<strong>aumento de 59% no movimento nas praias durante o Ano-Novo<\/strong>, no dia 1\u00ba de janeiro. Foi um crescimento 4,5 vezes maior que o de&nbsp;<strong>Florian\u00f3polis<\/strong>, onde a&nbsp;<strong>movimenta\u00e7\u00e3o de pessoas nas praias cresceu 13%<\/strong>&nbsp;no feriado.<\/p>\n\n\n\n<p><strong>Fontes:&nbsp;<\/strong><a href=\"https:\/\/www.google.com\/covid19\/mobility\/\">Relat\u00f3rios de Mobilidade da Comunidade do Google<\/a>; Sem Parar.<\/p>\n\n\n\n<p><strong><em>Nota metodol\u00f3gica<\/em><\/strong><em>: o aumento da movimenta\u00e7\u00e3o nas praias foi calculado com base na categoria \u201cparques\u201d do relat\u00f3rio do Google, j\u00e1 que esta categoria abarca locais p\u00fablicos de maneira geral. As dez cidades com maior aumento de circula\u00e7\u00e3o na categoria \u201cparques\u201d durante os feriados de fim de ano foram cidades praianas.<\/em><\/p>\n","protected":false},"excerpt":{"rendered":"<p>Revista Piau\u00ed, por EMILY ALMEIDA, AMANDA GORZIZA E RENATA BUONO\u00a0<\/p>\n","protected":false},"author":1,"featured_media":0,"comment_status":"closed","ping_status":"open","sticky":false,"template":"","format":"standard","meta":{"_exactmetrics_skip_tracking":false,"_exactmetrics_sitenote_active":false,"_exactmetrics_sitenote_note":"","_exactmetrics_sitenote_category":0,"jetpack_post_was_ever_published":false,"_jetpack_newsletter_access":"","_jetpack_dont_email_post_to_subs":false,"_jetpack_newsletter_tier_id":0,"_jetpack_memberships_contains_paywalled_content":false,"_jetpack_memberships_contains_paid_content":false,"footnotes":"","jetpack_publicize_message":"","jetpack_publicize_feature_enabled":true,"jetpack_social_post_already_shared":true,"jetpack_social_options":{"image_generator_settings":{"template":"highway","enabled":false},"version":2}},"categories":[1],"tags":[],"class_list":["post-30562","post","type-post","status-publish","format-standard","hentry","category-notas"],"jetpack_publicize_connections":[],"jetpack_sharing_enabled":true,"jetpack_featured_media_url":"","jetpack_shortlink":"https:\/\/wp.me\/p7wKYW-7WW","jetpack-related-posts":[],"_links":{"self":[{"href":"http:\/\/blogdalucianaoliveira.com.br\/blog\/wp-json\/wp\/v2\/posts\/30562","targetHints":{"allow":["GET"]}}],"collection":[{"href":"http:\/\/blogdalucianaoliveira.com.br\/blog\/wp-json\/wp\/v2\/posts"}],"about":[{"href":"http:\/\/blogdalucianaoliveira.com.br\/blog\/wp-json\/wp\/v2\/types\/post"}],"author":[{"embeddable":true,"href":"http:\/\/blogdalucianaoliveira.com.br\/blog\/wp-json\/wp\/v2\/users\/1"}],"replies":[{"embeddable":true,"href":"http:\/\/blogdalucianaoliveira.com.br\/blog\/wp-json\/wp\/v2\/comments?post=30562"}],"version-history":[{"count":1,"href":"http:\/\/blogdalucianaoliveira.com.br\/blog\/wp-json\/wp\/v2\/posts\/30562\/revisions"}],"predecessor-version":[{"id":30564,"href":"http:\/\/blogdalucianaoliveira.com.br\/blog\/wp-json\/wp\/v2\/posts\/30562\/revisions\/30564"}],"wp:attachment":[{"href":"http:\/\/blogdalucianaoliveira.com.br\/blog\/wp-json\/wp\/v2\/media?parent=30562"}],"wp:term":[{"taxonomy":"category","embeddable":true,"href":"http:\/\/blogdalucianaoliveira.com.br\/blog\/wp-json\/wp\/v2\/categories?post=30562"},{"taxonomy":"post_tag","embeddable":true,"href":"http:\/\/blogdalucianaoliveira.com.br\/blog\/wp-json\/wp\/v2\/tags?post=30562"}],"curies":[{"name":"wp","href":"https:\/\/api.w.org\/{rel}","templated":true}]}}