{"id":30565,"date":"2021-01-11T21:45:35","date_gmt":"2021-01-12T01:45:35","guid":{"rendered":"http:\/\/blogdalucianaoliveira.com.br\/blog\/?p=30565"},"modified":"2021-01-11T21:45:39","modified_gmt":"2021-01-12T01:45:39","slug":"o-apresentador-bolsonarista-que-desdenhava-da-pandemia-e-morreu-por-covid-19","status":"publish","type":"post","link":"http:\/\/blogdalucianaoliveira.com.br\/blog\/2021\/01\/11\/o-apresentador-bolsonarista-que-desdenhava-da-pandemia-e-morreu-por-covid-19\/","title":{"rendered":"O apresentador bolsonarista que desdenhava da pandemia e morreu por covid-19"},"content":{"rendered":"\n<figure class=\"wp-block-image size-large\"><img data-recalc-dims=\"1\" loading=\"lazy\" decoding=\"async\" width=\"600\" height=\"364\" data-attachment-id=\"30566\" data-permalink=\"http:\/\/blogdalucianaoliveira.com.br\/blog\/2021\/01\/11\/o-apresentador-bolsonarista-que-desdenhava-da-pandemia-e-morreu-por-covid-19\/image-2-22\/\" data-orig-file=\"https:\/\/i0.wp.com\/blogdalucianaoliveira.com.br\/blog\/wp-content\/uploads\/2021\/01\/image-2.jpeg?fit=640%2C388\" data-orig-size=\"640,388\" data-comments-opened=\"0\" data-image-meta=\"{&quot;aperture&quot;:&quot;0&quot;,&quot;credit&quot;:&quot;&quot;,&quot;camera&quot;:&quot;&quot;,&quot;caption&quot;:&quot;&quot;,&quot;created_timestamp&quot;:&quot;0&quot;,&quot;copyright&quot;:&quot;&quot;,&quot;focal_length&quot;:&quot;0&quot;,&quot;iso&quot;:&quot;0&quot;,&quot;shutter_speed&quot;:&quot;0&quot;,&quot;title&quot;:&quot;&quot;,&quot;orientation&quot;:&quot;0&quot;}\" data-image-title=\"image-2\" data-image-description=\"\" data-image-caption=\"\" data-medium-file=\"https:\/\/i0.wp.com\/blogdalucianaoliveira.com.br\/blog\/wp-content\/uploads\/2021\/01\/image-2.jpeg?fit=300%2C182\" data-large-file=\"https:\/\/i0.wp.com\/blogdalucianaoliveira.com.br\/blog\/wp-content\/uploads\/2021\/01\/image-2.jpeg?fit=600%2C364\" src=\"https:\/\/i0.wp.com\/blogdalucianaoliveira.com.br\/blog\/wp-content\/uploads\/2021\/01\/image-2.jpeg?resize=600%2C364\" alt=\"\" class=\"wp-image-30566\" srcset=\"https:\/\/i0.wp.com\/blogdalucianaoliveira.com.br\/blog\/wp-content\/uploads\/2021\/01\/image-2.jpeg?w=640 640w, https:\/\/i0.wp.com\/blogdalucianaoliveira.com.br\/blog\/wp-content\/uploads\/2021\/01\/image-2.jpeg?resize=300%2C182 300w, https:\/\/i0.wp.com\/blogdalucianaoliveira.com.br\/blog\/wp-content\/uploads\/2021\/01\/image-2.jpeg?resize=495%2C300 495w\" sizes=\"auto, (max-width: 600px) 100vw, 600px\" \/><\/figure>\n\n\n\n<p>Em seu programa na afiliada do SBT em Minas Gerais, Stanley Gusman fazia campanha contra medidas de isolamento social e o prefeito de Belo Horizonte.<\/p>\n\n\n\n<!--more-->\n\n\n\n<p>El Pa\u00eds<\/p>\n\n\n\n<p>\u201cVem comigo, Minas Gerais!\u201d. Com esse bord\u00e3o,\u00a0<strong>Stanley Gusman<\/strong>\u00a0abria seu programa di\u00e1rio na hora do almo\u00e7o, um dos carros-chefe de audi\u00eancia da TV Alterosa, afiliada do SBT no Estado. Ao longo de 2020, o apresentador se destacou n\u00e3o apenas por conduzir a\u00a0<a rel=\"noreferrer noopener\" href=\"https:\/\/brasil.elpais.com\/brasil\/2019\/06\/22\/cultura\/1561221489_634629.html\" target=\"_blank\">atra\u00e7\u00e3o sensacionalista e policialesca<\/a>, mas por se posicionar abertamente\u00a0<a rel=\"noreferrer noopener\" href=\"https:\/\/brasil.elpais.com\/esportes\/2020-04-29\/bolsonaro-usa-o-futebol-para-forcar-relaxamento-da-quarentena.html\" target=\"_blank\">contra as medidas de isolamento social<\/a>\u00a0impostas durante a pandemia. Na noite do \u00faltimo domingo, aos 49 anos, ele morreu por complica\u00e7\u00f5es da covid-19, menos de um m\u00eas depois de fazer um desabafo cr\u00edtico ao\u00a0<a rel=\"noreferrer noopener\" href=\"https:\/\/brasil.elpais.com\/brasil\/2020-05-17\/alexandre-kalil-politizou-a-coisa-fica-parecendo-que-quem-nao-quer-morrer-e-comunista.html\" target=\"_blank\">prefeito de Belo Horizonte, Alexandre Kalil<\/a>, que recomendou \u00e0 popula\u00e7\u00e3o da cidade que\u00a0<a rel=\"noreferrer noopener\" href=\"https:\/\/brasil.elpais.com\/esportes\/2020-12-28\/ricos-e-celebridades-como-neymar-assumem-risco-de-espalhar-virus-com-viagens-e-festas-de-fim-de-ano.html\" target=\"_blank\">evitasse reuni\u00f5es familiares no Natal<\/a>.<\/p>\n\n\n\n<p>\u201cEu vou visitar meu pai, vou visitar minha m\u00e3e. N\u00e3o vou mat\u00e1-los. Acho um desrespeito o senhor [prefeito] falar isso.<\/p>\n\n\n\n<p>N\u00e3o mexa com a minha fam\u00edlia. Vou defender os meus pais e o meu pa\u00eds\u201d, esbravejou Stanley. Cinco dias ap\u00f3s a manifesta\u00e7\u00e3o, o comunicador come\u00e7ou a sentir os primeiros sintomas da doen\u00e7a. Colegas de emissora que se comunicaram com Stanley antes da interna\u00e7\u00e3o relatam que ele confiava na recupera\u00e7\u00e3o por estar&nbsp;<a href=\"https:\/\/brasil.elpais.com\/politica\/2020-04-09\/hidroxicloroquina-o-tratamento-experimental-contra-a-covid-19-que-virou-a-muleta-politica-de-bolsonaro-e-de-trump-na-crise.html\" target=\"_blank\" rel=\"noreferrer noopener\">se tratando com hidroxicloroquina<\/a>. Em 4 de janeiro, sentiu falta de ar e foi internado na UTI em estado grave. O hospital que o atendeu, na regi\u00e3o metropolitana de BH, informou que a morte do apresentador ocorreu por uma infec\u00e7\u00e3o secund\u00e1ria&nbsp;<a href=\"https:\/\/brasil.elpais.com\/brasil\/2020-03-29\/foco-em-idosos-dilui-papel-dos-mais-jovens-que-em-sao-paulo-ja-somaram-metade-dos-infectados.html\" target=\"_blank\" rel=\"noreferrer noopener\">decorrente do novo coronav\u00edrus<\/a>.<\/p>\n\n\n\n<p>Desde o in\u00edcio da pandemia, Stanley Gusman assumiu a postura negacionista de\u00a0<a rel=\"noreferrer noopener\" href=\"https:\/\/brasil.elpais.com\/brasil\/2020-05-10\/brasil-passa-de-10600-mortes-por-covid-19-enquanto-bolsonaro-anda-de-jet-ski-e-chama-pandemia-de-neurose.html\" target=\"_blank\">minimizar a gravidade da doen\u00e7a<\/a>. Em junho, afirmou ao vivo no programa<em>\u00a0Alterosa Alerta<\/em>\u00a0que n\u00e3o aceitaria que medissem sua temperatura na porta de supermercados e estabelecimentos comerciais, alegando que um estudo teria determinado que o term\u00f4metro infravermelho causaria danos ao c\u00e9rebro. O estudo, na verdade, se tratava de\u00a0<a rel=\"noreferrer noopener\" href=\"https:\/\/brasil.elpais.com\/brasil\/2020-08-17\/lidice-da-mata-na-pandemia-atingiu-se-o-apice-da-utilizacao-de-fake-news-no-brasil.html\" target=\"_blank\">uma corrente falsa de WhatsApp<\/a>, recha\u00e7ada at\u00e9 mesmo pela Ag\u00eancia Nacional de Vigil\u00e2ncia Sanit\u00e1ria (Anvisa). Vizinhos do apresentador contam que, em v\u00e1rias oportunidades, o avistaram na rua\u00a0<a rel=\"noreferrer noopener\" href=\"https:\/\/brasil.elpais.com\/sociedade\/2020-10-03\/mascaras-e-distancia-social-nao-irao-deter-a-proxima-pandemia-tomar-cuidado-com-o-carrinho-de-compras-sim.html\" target=\"_blank\">sem m\u00e1scara de prote\u00e7\u00e3o<\/a>, que ele chegou a ironizar em alguns programas, assim como a campanha \u201cFique em casa\u201d.<\/p>\n\n\n\n<figure class=\"wp-block-embed-twitter wp-block-embed is-type-rich is-provider-twitter\"><div class=\"wp-block-embed__wrapper\">\n<blockquote class=\"twitter-tweet\" data-width=\"550\" data-dnt=\"true\"><p lang=\"pt\" dir=\"ltr\">Eu n\u00e3o vou matar meus pais. N\u00e3o  tem ningu\u00e9m nesse mundo que me impe\u00e7a de olhar nos olhos dos meus pais e dizer a eles: Eu amo vcs! Vou buscar um diploma que meu her\u00f3i (pai) guarda na parede da sala da nossa inviol\u00e1vel resid\u00eancia <a href=\"https:\/\/twitter.com\/hashtag\/Dia22VaiSerGigante?src=hash&amp;ref_src=twsrc%5Etfw\">#Dia22VaiSerGigante<\/a> e ningu\u00e9m vai me impedir. <a href=\"https:\/\/t.co\/5b5P1Zo3o0\">pic.twitter.com\/5b5P1Zo3o0<\/a><\/p>&mdash; Stanley Gusman (@StanleyGusmantv) <a href=\"https:\/\/twitter.com\/StanleyGusmantv\/status\/1340067404349644802?ref_src=twsrc%5Etfw\">December 18, 2020<\/a><\/blockquote><script async src=\"https:\/\/platform.twitter.com\/widgets.js\" charset=\"utf-8\"><\/script>\n<\/div><\/figure>\n\n\n\n<p><a href=\"https:\/\/brasil.elpais.com\/brasil\/2018\/12\/28\/politica\/1546022364_646763.html\" target=\"_blank\" rel=\"noreferrer noopener\">Bolsonarista convicto<\/a>, a ponto de exibir fotos com o presidente Jair Bolsonaro em suas redes sociais, Stanley criticava prefeitos e governadores que decretavam medidas restritivas para conter o avan\u00e7o do v\u00edrus. Recentemente, havia incorporado a seu repert\u00f3rio o&nbsp;<a href=\"https:\/\/brasil.elpais.com\/ciencia\/2020-06-04\/movimento-antivacina-cresce-em-meio-a-pandemia.html\" target=\"_blank\" rel=\"noreferrer noopener\">discurso antivacina<\/a>&nbsp;difundido pela ala mais radical de seguidores do presidente. Antes de adoecer, o apresentador participou de uma&nbsp;<em>live<\/em>&nbsp;com o gerente de jornalismo da TV Alterosa, Ricardo Carlini, tamb\u00e9m bolsonarista, em que recomendava o \u201ctratamento preventivo\u201d contra a covid-19, apesar do m\u00e9todo n\u00e3o ter comprova\u00e7\u00e3o cient\u00edfica. Na ocasi\u00e3o, a dupla pregou que as mortes pela doen\u00e7a estariam sendo \u201cmanipuladas e forjadas pela grande m\u00eddia\u201d. Para defender o Governo Bolsonaro, Stanley ainda afirmou que o Papa Francisco seria o&nbsp;<a href=\"https:\/\/brasil.elpais.com\/brasil\/2018\/12\/08\/politica\/1544308707_584980.html\" target=\"_blank\" rel=\"noreferrer noopener\">mentor do Foro de S\u00e3o Paulo<\/a>&nbsp;e que \u201c\u00edndios multimilion\u00e1rios colocam fogo nas pastagens do Pantanal\u201d.<\/p>\n\n\n\n<p>Stanley Gusman era alvo de uma a\u00e7\u00e3o civil p\u00fablica do Minist\u00e9rio P\u00fablico Federal (MPF), que pedia 200.000 reais como&nbsp;<a href=\"https:\/\/brasil.elpais.com\/esportes\/2020-02-17\/conivencia-com-o-racismo-uma-regra-nao-escrita-do-futebol.html\" target=\"_blank\" rel=\"noreferrer noopener\">repara\u00e7\u00e3o por crime de racismo<\/a>&nbsp;cometido em 2019 pelo apresentador. No programa, ao ironizar dados do Ibope e o presidente da institui\u00e7\u00e3o, Carlos Augusto Montenegro, ele fez uma&nbsp;<a href=\"https:\/\/brasil.elpais.com\/brasil\/2018\/03\/09\/deportes\/1520631036_278219.html\" target=\"_blank\" rel=\"noreferrer noopener\">piada de cunho racista<\/a>: \u201cO nome do cara \u00e9 Montenegro. Se fosse do bem, ele se chamaria Montebranco\u201d. O rep\u00f3rter Rafael Martins, que dividia a transmiss\u00e3o com Stanley, pediu demiss\u00e3o ap\u00f3s o epis\u00f3dio.<\/p>\n\n\n\n<p>O apresentador, por sua vez, leu um pedido de desculpas no dia seguinte ao coment\u00e1rio. \u201cEu preciso me manifestar sobre o erro que cometi ao comentar o resultado da audi\u00eancia no in\u00edcio do programa de ontem. Pe\u00e7o humildemente desculpas a quem eu tenha ofendido. Estou extremamente constrangido\u201d, disse. Por\u00e9m, nos bastidores, Stanley afirmava a colegas que havia sido v\u00edtima da&nbsp;<a href=\"https:\/\/brasil.elpais.com\/brasil\/2018\/08\/20\/politica\/1534788456_384604.html\" target=\"_blank\" rel=\"noreferrer noopener\">patrulha do politicamente correto<\/a>, a quem se referia como \u201c<em>mimizentos<\/em>\u201d. A TV Alterosa, que tamb\u00e9m se tornou r\u00e9 na a\u00e7\u00e3o civil p\u00fablica do MPF, optou por n\u00e3o punir o apresentador pela piada racista.<\/p>\n\n\n\n<p>Nesta segunda-feira, companheiros de emissora se emocionaram ao homenagear Stanley Gusman. \u201cA dor que sentimos \u00e9 como se tiv\u00e9ssemos perdido algu\u00e9m da fam\u00edlia\u201d, disse, com olhos marejados, Leopoldo Siqueira, apresentador do Alterosa Esporte, que antecede a atra\u00e7\u00e3o comandada por Stanley. O programa se viu obrigado a&nbsp;<a href=\"https:\/\/brasil.elpais.com\/esportes\/2020-08-13\/atletas-como-gado-pela-imunidade-de-rebanho-no-futebol.html\" target=\"_blank\" rel=\"noreferrer noopener\">alterar protocolos de seguran\u00e7a<\/a>ap\u00f3s o diagn\u00f3stico de covid-19, instituindo&nbsp;<em>home office&nbsp;<\/em>e rod\u00edzio de comentaristas no est\u00fadio.<\/p>\n\n\n\n<figure class=\"wp-block-image\"><img data-recalc-dims=\"1\" decoding=\"async\" src=\"https:\/\/i0.wp.com\/imagens.brasil.elpais.com\/resizer\/J6fBG0l5FvxtQI40qAe8D5lW2-4%3D\/768x0\/cloudfront-eu-central-1.images.arcpublishing.com\/prisa\/Z2N4WTQXTFFLBNP2RJDJ22SGJM.jpg?w=600&#038;ssl=1\" alt=\"Stanley Gusman foi apresentador do Alterosa Alerta por cinco anos.\"\/><figcaption>Stanley Gusman foi apresentador do Alterosa Alerta por cinco anos.REPRODU\u00c7\u00c3O<\/figcaption><\/figure>\n\n\n\n<p>O Alterosa Alerta desta segunda, excepcionalmente apresentado por Siqueira, foi dedicado a homenagens a Stanley. \u201cSeu jeito e seu estilo de apresentar deixar\u00e3o saudades em toda mineirada\u201d, dizia a abertura do programa. \u201cStanley se junta aos&nbsp;<a href=\"https:\/\/brasil.elpais.com\/brasil\/2020-07-14\/com-poucos-testes-e-leitos-de-uti-no-interior-minas-paga-o-preco-por-subestimar-pandemia.html\" target=\"_blank\" rel=\"noreferrer noopener\">tr\u00e1gicos n\u00fameros dessa pandemia<\/a>, mas os ideais dele n\u00e3o ser\u00e3o esquecidos\u201d, expressou Geraldo Teixeira da Costa, diretor-geral da TV Alterosa.<\/p>\n\n\n\n<p>Stanley deixa esposa e um filho. Nascido em Eugen\u00f3polis, na Zona da Mata mineira, ele formou-se em direito antes de iniciar a carreira na televis\u00e3o. Dizia se orgulhar, al\u00e9m do&nbsp;<a href=\"https:\/\/brasil.elpais.com\/brasil\/2019\/11\/13\/deportes\/1573670771_370418.html\" target=\"_blank\" rel=\"noreferrer noopener\">Flamengo, seu time do cora\u00e7\u00e3o<\/a>, de ter pai e irm\u00e3o sargentos da Pol\u00edcia Militar. Em 2015, quando ainda trabalhava na Band Minas, recebeu o t\u00edtulo de&nbsp;<a href=\"https:\/\/brasil.elpais.com\/esportes\/2021-01-03\/o-desfecho-milionario-do-ano-mais-aleatorio-de-ronaldinho-gaucho.html\" target=\"_blank\" rel=\"noreferrer noopener\">cidad\u00e3o honor\u00e1rio de Belo Horizonte<\/a>. \u201cA inquietude faz parte do ser mineiro. \u00c9 essa inquietude que faz com que a gente respire, tenha esperan\u00e7a e f\u00e9 em Deus\u201d, discursou Stanley ao receber a honraria.<\/p>\n","protected":false},"excerpt":{"rendered":"<p>Em seu programa na afiliada do SBT em Minas Gerais, Stanley Gusman fazia campanha contra medidas de isolamento social e o prefeito de Belo Horizonte.<\/p>\n","protected":false},"author":1,"featured_media":0,"comment_status":"closed","ping_status":"open","sticky":false,"template":"","format":"standard","meta":{"_exactmetrics_skip_tracking":false,"_exactmetrics_sitenote_active":false,"_exactmetrics_sitenote_note":"","_exactmetrics_sitenote_category":0,"jetpack_post_was_ever_published":false,"_jetpack_newsletter_access":"","_jetpack_dont_email_post_to_subs":false,"_jetpack_newsletter_tier_id":0,"_jetpack_memberships_contains_paywalled_content":false,"_jetpack_memberships_contains_paid_content":false,"footnotes":"","jetpack_publicize_message":"","jetpack_publicize_feature_enabled":true,"jetpack_social_post_already_shared":true,"jetpack_social_options":{"image_generator_settings":{"template":"highway","enabled":false},"version":2}},"categories":[1],"tags":[],"class_list":["post-30565","post","type-post","status-publish","format-standard","hentry","category-notas"],"jetpack_publicize_connections":[],"jetpack_sharing_enabled":true,"jetpack_featured_media_url":"","jetpack_shortlink":"https:\/\/wp.me\/p7wKYW-7WZ","jetpack-related-posts":[],"_links":{"self":[{"href":"http:\/\/blogdalucianaoliveira.com.br\/blog\/wp-json\/wp\/v2\/posts\/30565","targetHints":{"allow":["GET"]}}],"collection":[{"href":"http:\/\/blogdalucianaoliveira.com.br\/blog\/wp-json\/wp\/v2\/posts"}],"about":[{"href":"http:\/\/blogdalucianaoliveira.com.br\/blog\/wp-json\/wp\/v2\/types\/post"}],"author":[{"embeddable":true,"href":"http:\/\/blogdalucianaoliveira.com.br\/blog\/wp-json\/wp\/v2\/users\/1"}],"replies":[{"embeddable":true,"href":"http:\/\/blogdalucianaoliveira.com.br\/blog\/wp-json\/wp\/v2\/comments?post=30565"}],"version-history":[{"count":1,"href":"http:\/\/blogdalucianaoliveira.com.br\/blog\/wp-json\/wp\/v2\/posts\/30565\/revisions"}],"predecessor-version":[{"id":30567,"href":"http:\/\/blogdalucianaoliveira.com.br\/blog\/wp-json\/wp\/v2\/posts\/30565\/revisions\/30567"}],"wp:attachment":[{"href":"http:\/\/blogdalucianaoliveira.com.br\/blog\/wp-json\/wp\/v2\/media?parent=30565"}],"wp:term":[{"taxonomy":"category","embeddable":true,"href":"http:\/\/blogdalucianaoliveira.com.br\/blog\/wp-json\/wp\/v2\/categories?post=30565"},{"taxonomy":"post_tag","embeddable":true,"href":"http:\/\/blogdalucianaoliveira.com.br\/blog\/wp-json\/wp\/v2\/tags?post=30565"}],"curies":[{"name":"wp","href":"https:\/\/api.w.org\/{rel}","templated":true}]}}