{"id":30569,"date":"2021-01-12T09:10:02","date_gmt":"2021-01-12T13:10:02","guid":{"rendered":"http:\/\/blogdalucianaoliveira.com.br\/blog\/?p=30569"},"modified":"2021-01-12T09:10:07","modified_gmt":"2021-01-12T13:10:07","slug":"fiocruz-nega-pedido-para-advogados-de-rondonia-furarem-fila-de-vacinas","status":"publish","type":"post","link":"http:\/\/blogdalucianaoliveira.com.br\/blog\/2021\/01\/12\/fiocruz-nega-pedido-para-advogados-de-rondonia-furarem-fila-de-vacinas\/","title":{"rendered":"Fiocruz nega pedido para advogados de Rond\u00f4nia furarem fila de vacinas"},"content":{"rendered":"\n<figure class=\"wp-block-image size-large\"><img data-recalc-dims=\"1\" loading=\"lazy\" decoding=\"async\" width=\"600\" height=\"358\" data-attachment-id=\"30570\" data-permalink=\"http:\/\/blogdalucianaoliveira.com.br\/blog\/2021\/01\/12\/fiocruz-nega-pedido-para-advogados-de-rondonia-furarem-fila-de-vacinas\/4706c428-91f7-4351-8164-7e748c4f96d4\/\" data-orig-file=\"https:\/\/i0.wp.com\/blogdalucianaoliveira.com.br\/blog\/wp-content\/uploads\/2021\/01\/4706C428-91F7-4351-8164-7E748C4F96D4.jpeg?fit=792%2C473\" data-orig-size=\"792,473\" data-comments-opened=\"0\" data-image-meta=\"{&quot;aperture&quot;:&quot;0&quot;,&quot;credit&quot;:&quot;&quot;,&quot;camera&quot;:&quot;&quot;,&quot;caption&quot;:&quot;&quot;,&quot;created_timestamp&quot;:&quot;0&quot;,&quot;copyright&quot;:&quot;&quot;,&quot;focal_length&quot;:&quot;0&quot;,&quot;iso&quot;:&quot;0&quot;,&quot;shutter_speed&quot;:&quot;0&quot;,&quot;title&quot;:&quot;&quot;,&quot;orientation&quot;:&quot;0&quot;}\" data-image-title=\"4706C428-91F7-4351-8164-7E748C4F96D4\" data-image-description=\"\" data-image-caption=\"\" data-medium-file=\"https:\/\/i0.wp.com\/blogdalucianaoliveira.com.br\/blog\/wp-content\/uploads\/2021\/01\/4706C428-91F7-4351-8164-7E748C4F96D4.jpeg?fit=300%2C179\" data-large-file=\"https:\/\/i0.wp.com\/blogdalucianaoliveira.com.br\/blog\/wp-content\/uploads\/2021\/01\/4706C428-91F7-4351-8164-7E748C4F96D4.jpeg?fit=600%2C358\" src=\"https:\/\/i0.wp.com\/blogdalucianaoliveira.com.br\/blog\/wp-content\/uploads\/2021\/01\/4706C428-91F7-4351-8164-7E748C4F96D4.jpeg?resize=600%2C358\" alt=\"\" class=\"wp-image-30570\" srcset=\"https:\/\/i0.wp.com\/blogdalucianaoliveira.com.br\/blog\/wp-content\/uploads\/2021\/01\/4706C428-91F7-4351-8164-7E748C4F96D4.jpeg?w=792 792w, https:\/\/i0.wp.com\/blogdalucianaoliveira.com.br\/blog\/wp-content\/uploads\/2021\/01\/4706C428-91F7-4351-8164-7E748C4F96D4.jpeg?resize=300%2C179 300w, https:\/\/i0.wp.com\/blogdalucianaoliveira.com.br\/blog\/wp-content\/uploads\/2021\/01\/4706C428-91F7-4351-8164-7E748C4F96D4.jpeg?resize=768%2C459 768w, https:\/\/i0.wp.com\/blogdalucianaoliveira.com.br\/blog\/wp-content\/uploads\/2021\/01\/4706C428-91F7-4351-8164-7E748C4F96D4.jpeg?resize=502%2C300 502w\" sizes=\"auto, (max-width: 600px) 100vw, 600px\" \/><\/figure>\n\n\n\n<p>Funda\u00e7\u00e3o far\u00e1 a vacina desenvolvida pela Universidade de Oxford em parceria com a Astrazeneca.<\/p>\n\n\n\n<!--more-->\n\n\n\n<p>Di\u00e1rio da Amaz\u00f4nia <br><\/p>\n\n\n\n<p>Depois de o Supremo Tribunal Federal (STF) solicitar, via of\u00edcio, que a Funda\u00e7\u00e3o Oswaldo Cruz (Fiocruz) garantisse um lote de vacinas contra o novo coronav\u00edrus s\u00f3 para a Suprema Corte, a Caixa de Assist\u00eancia dos Advogados de Rond\u00f4nia tamb\u00e9m tentou furar a fila e garantir a imuniza\u00e7\u00e3o antes do restante dos brasileiros.<\/p>\n\n\n\n<p>Em of\u00edcio enviado \u00e0 Fiocruz no dia 22 de dezembro do ano passado, o grupo de advogados alega que est\u00e1 \u201cpreocupado\u201d com o combate \u00e0 Covid-19. No entanto, o pr\u00f3prio documento afirma que a maior parte dos advogados daquele estado \u201c\u00e9 jovem, com menos de 55\/60 anos\u201d, ou seja, fora do grupo de maior risco para doen\u00e7a.<\/p>\n\n\n\n<p>\u201cAdvogados e estagi\u00e1rios costumam frequentar hospitais quando v\u00e3o entrevistar clientes e, principalmente nos pres\u00eddios, onde podem conduzir o v\u00edrus a esses locais t\u00e3o vulner\u00e1veis\u201d, justificam-se os advogados para pedir a doa\u00e7\u00e3o de 5 mil doses da vacina.<\/p>\n\n\n\n<p>Para tentar convencer a Fiocruz, o grupo afirmou, ainda, que iria arcar com os custos de transporte do imunizante.<\/p>\n\n\n\n<p>A resposta da Fiocruz foi a mesma enviada ao Supremo Tribunal Federal, cuja solicita\u00e7\u00e3o fora de 7 mil doses, em novembro. Em of\u00edcio, a institui\u00e7\u00e3o escreveu que toda a produ\u00e7\u00e3o da vacina contra Covid-19, desenvolvida pela Universidade de Oxford em parceria com a empresa Astrazeneca, ser\u00e1 \u201cintegralmente destinada ao Minist\u00e9rio da Sa\u00fade\u201d.<\/p>\n","protected":false},"excerpt":{"rendered":"<p>Funda\u00e7\u00e3o far\u00e1 a vacina desenvolvida pela Universidade de Oxford em parceria com a Astrazeneca.<\/p>\n","protected":false},"author":1,"featured_media":0,"comment_status":"closed","ping_status":"open","sticky":false,"template":"","format":"standard","meta":{"_exactmetrics_skip_tracking":false,"_exactmetrics_sitenote_active":false,"_exactmetrics_sitenote_note":"","_exactmetrics_sitenote_category":0,"jetpack_post_was_ever_published":false,"_jetpack_newsletter_access":"","_jetpack_dont_email_post_to_subs":false,"_jetpack_newsletter_tier_id":0,"_jetpack_memberships_contains_paywalled_content":false,"_jetpack_memberships_contains_paid_content":false,"footnotes":"","jetpack_publicize_message":"","jetpack_publicize_feature_enabled":true,"jetpack_social_post_already_shared":true,"jetpack_social_options":{"image_generator_settings":{"template":"highway","enabled":false},"version":2}},"categories":[1],"tags":[],"class_list":["post-30569","post","type-post","status-publish","format-standard","hentry","category-notas"],"jetpack_publicize_connections":[],"jetpack_sharing_enabled":true,"jetpack_featured_media_url":"","jetpack_shortlink":"https:\/\/wp.me\/p7wKYW-7X3","jetpack-related-posts":[],"_links":{"self":[{"href":"http:\/\/blogdalucianaoliveira.com.br\/blog\/wp-json\/wp\/v2\/posts\/30569","targetHints":{"allow":["GET"]}}],"collection":[{"href":"http:\/\/blogdalucianaoliveira.com.br\/blog\/wp-json\/wp\/v2\/posts"}],"about":[{"href":"http:\/\/blogdalucianaoliveira.com.br\/blog\/wp-json\/wp\/v2\/types\/post"}],"author":[{"embeddable":true,"href":"http:\/\/blogdalucianaoliveira.com.br\/blog\/wp-json\/wp\/v2\/users\/1"}],"replies":[{"embeddable":true,"href":"http:\/\/blogdalucianaoliveira.com.br\/blog\/wp-json\/wp\/v2\/comments?post=30569"}],"version-history":[{"count":1,"href":"http:\/\/blogdalucianaoliveira.com.br\/blog\/wp-json\/wp\/v2\/posts\/30569\/revisions"}],"predecessor-version":[{"id":30571,"href":"http:\/\/blogdalucianaoliveira.com.br\/blog\/wp-json\/wp\/v2\/posts\/30569\/revisions\/30571"}],"wp:attachment":[{"href":"http:\/\/blogdalucianaoliveira.com.br\/blog\/wp-json\/wp\/v2\/media?parent=30569"}],"wp:term":[{"taxonomy":"category","embeddable":true,"href":"http:\/\/blogdalucianaoliveira.com.br\/blog\/wp-json\/wp\/v2\/categories?post=30569"},{"taxonomy":"post_tag","embeddable":true,"href":"http:\/\/blogdalucianaoliveira.com.br\/blog\/wp-json\/wp\/v2\/tags?post=30569"}],"curies":[{"name":"wp","href":"https:\/\/api.w.org\/{rel}","templated":true}]}}