{"id":3057,"date":"2016-08-12T12:25:24","date_gmt":"2016-08-12T16:25:24","guid":{"rendered":"http:\/\/blogdalucianaoliveira.com.br\/blog\/?p=3057"},"modified":"2016-08-12T12:25:24","modified_gmt":"2016-08-12T16:25:24","slug":"depois-nao-diga-que-o-interino-nao-avisou-como-da-ultima-vez","status":"publish","type":"post","link":"http:\/\/blogdalucianaoliveira.com.br\/blog\/2016\/08\/12\/depois-nao-diga-que-o-interino-nao-avisou-como-da-ultima-vez\/","title":{"rendered":"Depois n\u00e3o diga que o interino n\u00e3o avisou. Como da \u00faltima vez"},"content":{"rendered":"<p><img data-recalc-dims=\"1\" loading=\"lazy\" decoding=\"async\" data-attachment-id=\"3058\" data-permalink=\"http:\/\/blogdalucianaoliveira.com.br\/blog\/2016\/08\/12\/depois-nao-diga-que-o-interino-nao-avisou-como-da-ultima-vez\/temer-3\/\" data-orig-file=\"https:\/\/i0.wp.com\/blogdalucianaoliveira.com.br\/blog\/wp-content\/uploads\/2016\/08\/temer.jpg?fit=768%2C431\" data-orig-size=\"768,431\" data-comments-opened=\"0\" data-image-meta=\"{&quot;aperture&quot;:&quot;0&quot;,&quot;credit&quot;:&quot;&quot;,&quot;camera&quot;:&quot;&quot;,&quot;caption&quot;:&quot;&quot;,&quot;created_timestamp&quot;:&quot;0&quot;,&quot;copyright&quot;:&quot;&quot;,&quot;focal_length&quot;:&quot;0&quot;,&quot;iso&quot;:&quot;0&quot;,&quot;shutter_speed&quot;:&quot;0&quot;,&quot;title&quot;:&quot;&quot;,&quot;orientation&quot;:&quot;0&quot;}\" data-image-title=\"temer\" data-image-description=\"\" data-image-caption=\"\" data-medium-file=\"https:\/\/i0.wp.com\/blogdalucianaoliveira.com.br\/blog\/wp-content\/uploads\/2016\/08\/temer.jpg?fit=300%2C168\" data-large-file=\"https:\/\/i0.wp.com\/blogdalucianaoliveira.com.br\/blog\/wp-content\/uploads\/2016\/08\/temer.jpg?fit=600%2C337\" src=\"https:\/\/i0.wp.com\/blogdalucianaoliveira.com.br\/blog\/wp-content\/uploads\/2016\/08\/temer.jpg?resize=600%2C337\" alt=\"temer\" width=\"600\" height=\"337\" class=\"alignnone size-full wp-image-3058\" srcset=\"https:\/\/i0.wp.com\/blogdalucianaoliveira.com.br\/blog\/wp-content\/uploads\/2016\/08\/temer.jpg?w=768 768w, https:\/\/i0.wp.com\/blogdalucianaoliveira.com.br\/blog\/wp-content\/uploads\/2016\/08\/temer.jpg?resize=300%2C168 300w, https:\/\/i0.wp.com\/blogdalucianaoliveira.com.br\/blog\/wp-content\/uploads\/2016\/08\/temer.jpg?resize=535%2C300 535w\" sizes=\"auto, (max-width: 600px) 100vw, 600px\" \/><\/p>\n<p>Prepare-se! Vem chumbo grosso por a\u00ed!<!--more--><\/p>\n<p>O presidente interino Michel Temer avisou que vai anunciar uma lista de empresas que ser\u00e3o privatizadas.<br \/>\nE o neg\u00f3cio \u00e9 feio, porque em entrevista ao jornal Valor Econ\u00f4mico, sobre a Reforma da Previd\u00eancia, Temer  emitiu o sinal de alerta: &#8220;Vai ser uma luta feroz. Quando voc\u00ea me pergunta o que ocorrer\u00e1 depois do impeachment, essa ser\u00e1 uma das batalhas&#8221;.<\/p>\n<p>E pasme, o vice que virou interino, deu uma de Jo\u00e3o sem bra\u00e7o, ao jogar na conta da presidente afastada, Dilma Roussef, a exclusiva responsabilidade pelo plano de governo anunciado em campanha, que muitos eleitores alegam n\u00e3o ter sido honrado.<\/p>\n<p>&#8220;N\u00e3o quero praticar estelionato eleitoral, ent\u00e3o, n\u00e3o vou esperar passar a elei\u00e7\u00e3o. Se ficar pronta, eu mando antes,\u201d disse Temer.<\/p>\n<p>Temer \u00e9 o presidente, ainda por cima interino, com mais medidas provis\u00f3rias editadas desde Fernando Collor.<br \/>\nForam mais de 16 em apenas dois meses como inquilino do Pal\u00e1cio do Planalto.<\/p>\n<p>A quest\u00e3o \u00e9 que agora, como interino, Temer viola n\u00e3o o Plano de Governo submetido \u00e0 aprecia\u00e7\u00e3o e eleito pela popula\u00e7\u00e3o, mas imp\u00f5e mudan\u00e7as radicais que poucos t\u00eam conhecimento.<\/p>\n","protected":false},"excerpt":{"rendered":"<p>Prepare-se! Vem chumbo grosso por a\u00ed!<\/p>\n","protected":false},"author":1,"featured_media":0,"comment_status":"closed","ping_status":"open","sticky":false,"template":"","format":"standard","meta":{"_exactmetrics_skip_tracking":false,"_exactmetrics_sitenote_active":false,"_exactmetrics_sitenote_note":"","_exactmetrics_sitenote_category":0,"jetpack_post_was_ever_published":false,"_jetpack_newsletter_access":"","_jetpack_dont_email_post_to_subs":false,"_jetpack_newsletter_tier_id":0,"_jetpack_memberships_contains_paywalled_content":false,"_jetpack_memberships_contains_paid_content":false,"footnotes":"","jetpack_publicize_message":"","jetpack_publicize_feature_enabled":true,"jetpack_social_post_already_shared":true,"jetpack_social_options":{"image_generator_settings":{"template":"highway","enabled":false},"version":2}},"categories":[1],"tags":[],"class_list":["post-3057","post","type-post","status-publish","format-standard","hentry","category-notas"],"jetpack_publicize_connections":[],"jetpack_sharing_enabled":true,"jetpack_featured_media_url":"","jetpack_shortlink":"https:\/\/wp.me\/p7wKYW-Nj","jetpack-related-posts":[],"_links":{"self":[{"href":"http:\/\/blogdalucianaoliveira.com.br\/blog\/wp-json\/wp\/v2\/posts\/3057","targetHints":{"allow":["GET"]}}],"collection":[{"href":"http:\/\/blogdalucianaoliveira.com.br\/blog\/wp-json\/wp\/v2\/posts"}],"about":[{"href":"http:\/\/blogdalucianaoliveira.com.br\/blog\/wp-json\/wp\/v2\/types\/post"}],"author":[{"embeddable":true,"href":"http:\/\/blogdalucianaoliveira.com.br\/blog\/wp-json\/wp\/v2\/users\/1"}],"replies":[{"embeddable":true,"href":"http:\/\/blogdalucianaoliveira.com.br\/blog\/wp-json\/wp\/v2\/comments?post=3057"}],"version-history":[{"count":2,"href":"http:\/\/blogdalucianaoliveira.com.br\/blog\/wp-json\/wp\/v2\/posts\/3057\/revisions"}],"predecessor-version":[{"id":3060,"href":"http:\/\/blogdalucianaoliveira.com.br\/blog\/wp-json\/wp\/v2\/posts\/3057\/revisions\/3060"}],"wp:attachment":[{"href":"http:\/\/blogdalucianaoliveira.com.br\/blog\/wp-json\/wp\/v2\/media?parent=3057"}],"wp:term":[{"taxonomy":"category","embeddable":true,"href":"http:\/\/blogdalucianaoliveira.com.br\/blog\/wp-json\/wp\/v2\/categories?post=3057"},{"taxonomy":"post_tag","embeddable":true,"href":"http:\/\/blogdalucianaoliveira.com.br\/blog\/wp-json\/wp\/v2\/tags?post=3057"}],"curies":[{"name":"wp","href":"https:\/\/api.w.org\/{rel}","templated":true}]}}