{"id":30572,"date":"2021-01-12T17:44:16","date_gmt":"2021-01-12T21:44:16","guid":{"rendered":"http:\/\/blogdalucianaoliveira.com.br\/blog\/?p=30572"},"modified":"2021-01-12T17:44:20","modified_gmt":"2021-01-12T21:44:20","slug":"de-general-a-ajudante-de-ordens-do-capitao-pazuello-e-o-subserviente-util","status":"publish","type":"post","link":"http:\/\/blogdalucianaoliveira.com.br\/blog\/2021\/01\/12\/de-general-a-ajudante-de-ordens-do-capitao-pazuello-e-o-subserviente-util\/","title":{"rendered":"De general a ajudante de ordens do capit\u00e3o, Pazuello \u00e9 o subserviente \u00fatil"},"content":{"rendered":"\n<figure class=\"wp-block-image\"><img data-recalc-dims=\"1\" decoding=\"async\" src=\"https:\/\/i0.wp.com\/conteudo.imguol.com.br\/c\/noticias\/6b\/2021\/01\/07\/o-ministro-da-saude-eduardo-pazuello-e-o-presidente-jair-bolsonaro-sem-partido-durante-live-1610057456957_v2_900x506.png?w=600&#038;ssl=1\" alt=\"O ministro da Sa\u00fade, general Eduardo Pazuello, e o presidente Jair Bolsonaro: &quot;Quem \u00e9 feliz n\u00e3o pega covid&quot; virou piada interna no minist\u00e9rio - Reprodu\u00e7\u00e3o\/Facebook\"\/><\/figure>\n\n\n\n<p>Ricardo Kotscho, no UOL &#8211; Com o sistema de sa\u00fade em colapso no Amazonas, todo dia batendo recordes de \u00f3bitos e casos de contamina\u00e7\u00e3o, o general Eduardo Pazuello foi a Manaus na segunda-feira como o salvador da p\u00e1tria, prometeu mundos e fundos, de oxig\u00eanio a m\u00e9dicos, equipamentos e insumos, inaugurou 10 camas de UTI e 100 de enfermaria e anunciou que a vacina\u00e7\u00e3o come\u00e7ar\u00e1 no &#8220;dia D, na hora H&#8221;. <\/p>\n\n\n\n<!--more-->\n\n\n\n<p>Usando uma alinhada camisa branca de mangas compridas, at\u00e9 parecia um m\u00e9dico em meio \u00e0quele cen\u00e1rio de terra arrasada, com pacientes dormindo no ch\u00e3o, parentes desesperados em busca de um leito, enfermeiros correndo de um lado para outro sem saber o que fazer.<\/p>\n\n\n\n<p> Depois de semanas de sil\u00eancio, o general agora resolveu falar pelos cotovelos, fazendo discursos com voz de comando. E aproveitou para mentir novamente sobre a necessidade o uso da cloroquina, com &#8220;comprova\u00e7\u00e3o cient\u00edfica&#8221;. De quem? &#8220;Senhores, senhoras, n\u00e3o existe outra sa\u00edda: n\u00f3s n\u00e3o estamos mais discutindo se esse profissional ou aquele concorda. Os conselhos federais e regionais j\u00e1 se posicionaram, s\u00e3o a favor do tratamento precoce, do diagn\u00f3stico cl\u00ednico&#8221;. Sem vacina\u00e7\u00e3o, minist\u00e9rio bate tambor pela cloroquina Cheio de si, sabendo que est\u00e1 com o cargo a pr\u00eamio, depois de fracassar no combate \u00e0 pandemia e sem conseguir comprar vacinas e seringas, Pazuello pressionou a Secretaria  Municipal da Sa\u00fade a tratar seus pacientes com cloroquina e outras drogas rejeitadas pelos epidemiologistas. No documento enviado \u00e0 secretaria, o Minist\u00e9rio da Sa\u00fade considera inadmiss\u00edvel a n\u00e3o utiliza\u00e7\u00e3o de rem\u00e9dios sem efic\u00e1cia comprovada, uma obsess\u00e3o do capit\u00e3o presidente Bolsonaro, a quem o general obedece cegamente. &#8220;Ele manda e eu cumpro&#8221;, j\u00e1 disse. Para entender o furdun\u00e7o sanit\u00e1rio em que nos metemos em meio \u00e0 pandemia, sem vacinas at\u00e9 agora, precisamos lembrar como o p\u00e2ndego general de divis\u00e3o Eduardo Pazuello chegou ao Minist\u00e9rio da Sa\u00fade como &#8220;especialista em log\u00edstica&#8221;. Teich se recusou a recomendar rem\u00e9dio sem efic\u00e1cia comprovada Ap\u00f3s a queda do segundo ministro,  Nelson Teich, o Breve, Pazuello assumiu como interino com a miss\u00e3o de mudar o protocolo para o uso da cloroquina, o que o antecessor se recusou a fazer e por isso pediu o bon\u00e9. D\u00e9cimo ministro militar no governo, a primeira provid\u00eancia do general foi nomear uma tropa de 17 oficiais das For\u00e7as Armadas para cargos civis na sua assessoria, inclusive na Anvisa (Ag\u00eancia Nacional de Vigil\u00e2ncia Sanit\u00e1ria), \u00f3rg\u00e3o t\u00e9cnico agora comandado por um contra-almirante amigo do presidente, que participou com ele de atos antidemocr\u00e1ticos. Depois de ser efetivado no cargo, Pazuello contraiu covid-19 e, ao retornar ao cargo, ap\u00f3s passar duas semanas fora de combate, estava bastante animado,  como conta Malu Gaspar na mat\u00e9ria &#8220;&#8221;Quem \u00e9 feliz n\u00e3o pega covid&#8221;, na edi\u00e7\u00e3o de janeiro da revista Piau\u00ed. N\u00e3o se sabe se foi pelo efeito dos rem\u00e9dios que tomou, mas na reuni\u00e3o com sua equipe, no come\u00e7o de dezembro, o ministro teve a coragem de comemorar os resultados da gest\u00e3o: &#8220;Quantas coisas a gente fez desde que chegou aqui. Gra\u00e7as a essa gest\u00e3o, a classe m\u00e9dia aprendeu que tem de haver o diagn\u00f3stico precoce e que n\u00e3o \u00e9 necess\u00e1rio intubar o paciente. Tanta gente morreu por causa de recomenda\u00e7\u00f5es erradas! Parece que est\u00e1 passando um filme na minha cabe\u00e7a. Agora eu tenho uma equipe, est\u00e1 aqui comigo o Markinhos, que vai cuidar do meu marketing pessoal&#8221;. <\/p>\n\n\n\n<p> Quem \u00e9 feliz n\u00e3o pega covid Beleza, agora vai. Markinhos \u00e9 Marcos Eraldo Arnoud Marques, publicit\u00e1rio que Pazuello conheceu quando foi secret\u00e1rio da Fazenda de Roraima, durante a interven\u00e7\u00e3o federal no estado, e que seria &#8220;nomeado em breve&#8221;, para um cargo de confian\u00e7a. Outro assessor especial do ministro \u00e9 Zoser Plata Bondim Hardman de Ara\u00fajo, advogado conhecido por defender ex-banqueiros, pol\u00edticos e acusados de formar mil\u00edcias, relata a rep\u00f3rter. Nenhum dos 20 participantes da reuni\u00e3o usava m\u00e1scara. Quando cobrados, os assessores debocham: &#8220;Quem \u00e9 feliz n\u00e3o pega covid&#8221;. Donde se pode concluir que Pazuello e seu chefe, que j\u00e1 foram contaminados, devem ser dois infelizes, mas  mas o assessor Zoser arrancou risadas ao atacar o governador paulista, Jo\u00e3o Doria, inimigo n\u00famero um do governo. &#8220;Doria \u00e9 o maior pau pequeno, um boiola&#8221;. Vale a pena ler a reportagem inteira de Malu Gaspar para conhecer o n\u00edvel e as preocupa\u00e7\u00f5es dos respons\u00e1veis pela sa\u00fade dos brasileiros em tempos de pandemia. Procura-se candidato a ministro Nada acontece por acaso. Mais dia, menos dia, Pazuello ser\u00e1 rifado, como foram os outros ministros, por mais discursos que ainda fa\u00e7a, para proteger o chefe e vender a cura pela cloroquina. . Na \u00e9poca, ele ainda prometia que a vacina\u00e7\u00e3o n\u00e3o seria obrigat\u00f3ria (quem falou que seria?) e que trabalharia por uma &#8220;vacina campe\u00e3&#8221;. <\/p>\n\n\n\n<p> S\u00f3 n\u00e3o contava com a CoronaVac, a &#8220;vacina chinesa do Doria&#8221;, rejeitada por Bolsonaro, que agora pode ser a salva\u00e7\u00e3o da lavoura do governo. O que ainda mantem o general no cargo \u00e9 que n\u00e3o deve ser f\u00e1cil encontrar outro ministro t\u00e3o subserviente e inoperante, como o presidente gosta. E qual brasileiro aceitaria hoje ser o quarto ministro da Sa\u00fade do governo Bolsonaro? Quem se habilita? <\/p>\n\n\n\n<p>Vida que segue&#8230;.  <\/p>\n\n\n\n<p><\/p>\n","protected":false},"excerpt":{"rendered":"<p>Ricardo Kotscho, no UOL &#8211; Com o sistema de sa\u00fade em colapso no Amazonas, todo dia batendo recordes de \u00f3bitos e casos de contamina\u00e7\u00e3o, o general Eduardo Pazuello foi a Manaus na segunda-feira como o salvador da p\u00e1tria, prometeu mundos e fundos, de oxig\u00eanio a m\u00e9dicos, equipamentos e insumos, inaugurou 10 camas de UTI e&#8230;<a class=\"more-link\" href=\"http:\/\/blogdalucianaoliveira.com.br\/blog\/2021\/01\/12\/de-general-a-ajudante-de-ordens-do-capitao-pazuello-e-o-subserviente-util\/\">Continue a leitura <span class=\"meta-nav\">&raquo;<\/span><\/a><\/p>\n","protected":false},"author":1,"featured_media":0,"comment_status":"closed","ping_status":"open","sticky":false,"template":"","format":"standard","meta":{"_exactmetrics_skip_tracking":false,"_exactmetrics_sitenote_active":false,"_exactmetrics_sitenote_note":"","_exactmetrics_sitenote_category":0,"jetpack_post_was_ever_published":false,"_jetpack_newsletter_access":"","_jetpack_dont_email_post_to_subs":false,"_jetpack_newsletter_tier_id":0,"_jetpack_memberships_contains_paywalled_content":false,"_jetpack_memberships_contains_paid_content":false,"footnotes":"","jetpack_publicize_message":"","jetpack_publicize_feature_enabled":true,"jetpack_social_post_already_shared":true,"jetpack_social_options":{"image_generator_settings":{"template":"highway","enabled":false},"version":2}},"categories":[1],"tags":[],"class_list":["post-30572","post","type-post","status-publish","format-standard","hentry","category-notas"],"jetpack_publicize_connections":[],"jetpack_sharing_enabled":true,"jetpack_featured_media_url":"","jetpack_shortlink":"https:\/\/wp.me\/p7wKYW-7X6","jetpack-related-posts":[],"_links":{"self":[{"href":"http:\/\/blogdalucianaoliveira.com.br\/blog\/wp-json\/wp\/v2\/posts\/30572","targetHints":{"allow":["GET"]}}],"collection":[{"href":"http:\/\/blogdalucianaoliveira.com.br\/blog\/wp-json\/wp\/v2\/posts"}],"about":[{"href":"http:\/\/blogdalucianaoliveira.com.br\/blog\/wp-json\/wp\/v2\/types\/post"}],"author":[{"embeddable":true,"href":"http:\/\/blogdalucianaoliveira.com.br\/blog\/wp-json\/wp\/v2\/users\/1"}],"replies":[{"embeddable":true,"href":"http:\/\/blogdalucianaoliveira.com.br\/blog\/wp-json\/wp\/v2\/comments?post=30572"}],"version-history":[{"count":1,"href":"http:\/\/blogdalucianaoliveira.com.br\/blog\/wp-json\/wp\/v2\/posts\/30572\/revisions"}],"predecessor-version":[{"id":30573,"href":"http:\/\/blogdalucianaoliveira.com.br\/blog\/wp-json\/wp\/v2\/posts\/30572\/revisions\/30573"}],"wp:attachment":[{"href":"http:\/\/blogdalucianaoliveira.com.br\/blog\/wp-json\/wp\/v2\/media?parent=30572"}],"wp:term":[{"taxonomy":"category","embeddable":true,"href":"http:\/\/blogdalucianaoliveira.com.br\/blog\/wp-json\/wp\/v2\/categories?post=30572"},{"taxonomy":"post_tag","embeddable":true,"href":"http:\/\/blogdalucianaoliveira.com.br\/blog\/wp-json\/wp\/v2\/tags?post=30572"}],"curies":[{"name":"wp","href":"https:\/\/api.w.org\/{rel}","templated":true}]}}