{"id":30581,"date":"2021-01-13T09:43:49","date_gmt":"2021-01-13T13:43:49","guid":{"rendered":"http:\/\/blogdalucianaoliveira.com.br\/blog\/?p=30581"},"modified":"2021-01-13T09:43:56","modified_gmt":"2021-01-13T13:43:56","slug":"entidades-estudantis-reagem-com-indignacao-a-decisao-da-justica-de-manter-o-enem","status":"publish","type":"post","link":"http:\/\/blogdalucianaoliveira.com.br\/blog\/2021\/01\/13\/entidades-estudantis-reagem-com-indignacao-a-decisao-da-justica-de-manter-o-enem\/","title":{"rendered":"Entidades estudantis reagem com indigna\u00e7\u00e3o \u00e0 decis\u00e3o da Justi\u00e7a de manter o Enem"},"content":{"rendered":"\n<figure class=\"wp-block-image\"><img data-recalc-dims=\"1\" decoding=\"async\" src=\"https:\/\/i0.wp.com\/images03.brasildefato.com.br\/53eef11aea6e5b7d7a5db7dc408d3f15.jpeg?w=600&#038;ssl=1\" alt=\"\"\/><\/figure>\n\n\n\n<h4 class=\"wp-block-heading\">Segundo l\u00edderes, ordem de ju\u00edza federal de S\u00e3o Paulo p\u00f5e em risco a sociedade, exclui estudantes pobres e ignora di\u00e1logo<\/h4>\n\n\n\n<!--more-->\n\n\n\n<p>Erick Gimenes &#8211; Brasil de Fato | Bras\u00edlia (DF)\u00a0 <\/p>\n\n\n\n<p>Entidades estudantis reagiram com indigna\u00e7\u00e3o \u00e0 decis\u00e3o da Justi\u00e7a Federal de S\u00e3o Paulo de manter o Exame Nacional do Ensino M\u00e9dio (Enem) marcado para os dias 17 e 24 de janeiro.<\/p>\n\n\n\n<p>A ordem, proferida nesta ter\u00e7a-feira (12), contraria pedidos das pr\u00f3prias entidades e da Defensoria P\u00fablica da Uni\u00e3o, que entrou com uma a\u00e7\u00e3o na semana passada para que as provas fossem remarcadas.<\/p>\n\n\n\n<p>O principal argumento da ju\u00edza Marisa Cl\u00e1udia Gon\u00e7alves Cucio, que assina a decis\u00e3o, \u00e9 de que a posterga\u00e7\u00e3o das provas traria consequ\u00eancias financeiras \u00e0 Uni\u00e3o e provocaria preju\u00edzos \u00e0 forma\u00e7\u00e3o acad\u00eamica dos alunos.<\/p>\n\n\n\n<p>A presidente da Uni\u00e3o Brasileira dos Estudantes Secundaristas (Ubes), Rozana Barroso, concorda que os alunos est\u00e3o prejudicados, mas explica que os problemas v\u00e3o muito al\u00e9m da data do exame e n\u00e3o ser\u00e3o resolvidos com o apressamento das provas.<\/p>\n\n\n\n<p>\u201cN\u00f3s concordamos que tudo isso tem causado problema na vida dos estudantes, mas esse problema \u00e9 fruto da falta de di\u00e1logo e da irresponsabilidade. Por isso, defendemos o adiamento para que o Enem possa ser realizado com seguran\u00e7a\u201d, diz.<\/p>\n\n\n\n<p><strong>Leia mais<\/strong>:&nbsp;<strong><a href=\"https:\/\/www.brasildefato.com.br\/2021\/01\/11\/enem-em-plena-pandemia-estudantes-relatam-receios-e-preocupacoes\" target=\"_blank\" rel=\"noreferrer noopener\">Enem em plena pandemia: estudantes relatam receios e preocupa\u00e7\u00f5es<\/a><\/strong><\/p>\n\n\n\n<p>Para ela, a manuten\u00e7\u00e3o do Enem para o fim do m\u00eas \u00e9 uma tentativa de impedir que os estudantes fa\u00e7am as provas. \u201cN\u00f3s enxergamos isso como mais uma medida para impedir os estudantes brasileiros de realizarem o Enem. Estamos falando de mais de oito meses sem acesso \u00e0 educa\u00e7\u00e3o e tamb\u00e9m de uma&nbsp;<a href=\"https:\/\/www.brasildefato.com.br\/2021\/01\/12\/media-semanal-de-casos-da-covid-dispara-e-atinge-maior-marca-ja-observada-no-brasil\" target=\"_blank\" rel=\"noreferrer noopener\">segunda onda da pandemia<\/a>, com escolas desestruturadas e com protocolo de seguran\u00e7a nada claro\u201d, explica.<\/p>\n\n\n\n<p>\u201cNa nossa opini\u00e3o, quem quer que os estudantes brasileiros, em maioria negros e perif\u00e9ricos, n\u00e3o realizem o Exame Nacional do Ensino M\u00e9dio \u00e9 o pr\u00f3prio Minist\u00e9rio da Educa\u00e7\u00e3o, que n\u00e3o nos d\u00e1 condi\u00e7\u00f5es para isso\u201d, queixa-se.<\/p>\n\n\n\n<p>\u00c9lida Elena, vice-presidente da Uni\u00e3o Nacional dos Estudantes (UNE), refor\u00e7a que os procedimentos de seguran\u00e7a para a aplica\u00e7\u00e3o do exame n\u00e3o foram expostos pelo Minist\u00e9rio da Educa\u00e7\u00e3o. Para ela, a falta de transpar\u00eancia coloca em risco toda a sociedade.<\/p>\n\n\n\n<p><strong>Leia mais<\/strong>:&nbsp;<strong><a href=\"https:\/\/www.brasildefato.com.br\/2021\/01\/10\/nao-me-inscrevi-no-enem-porque-nao-me-sinto-preparado-relatos-de-um-2020-perdido\" target=\"_blank\" rel=\"noreferrer noopener\">\u201cN\u00e3o me inscrevi no Enem porque n\u00e3o me sinto preparado\u201d: relatos de um 2020 perdido<\/a><\/strong><\/p>\n\n\n\n<p>\u201cOs estudantes est\u00e3o assustados com o resguardar de sua sa\u00fade, porque \u00e9 uma quest\u00e3o de transmitir o v\u00edrus, de contaminar e transmitir para o conjunto da sociedade, os familiares\u201d, afirma.<\/p>\n\n\n\n<p>De acordo com \u00c9lida, a realiza\u00e7\u00e3o do Enem nas condi\u00e7\u00f5es atuais aprofunda ainda mais a desigualdade educacional brasileira. \u201cFalando da realidade das condi\u00e7\u00f5es de prepara\u00e7\u00e3o para a prova, isso deixa marcas mais profundas para os estudantes pobres, porque exige acesso \u00e0 internet, a tecnologia, que muitos jovens n\u00e3o t\u00eam\u201d.<\/p>\n\n\n\n<p>A vice-presidente da UNE diz que a data das provas teria que ser definida, al\u00e9m da situa\u00e7\u00e3o da pandemia, a partir de conversas com os estudantes, o que, segundo ela, n\u00e3o existiu. \u201cO que tem que balizar a data da prova \u00e9 um di\u00e1logo entre as entidades estudantis, que est\u00e3o ali vencendo o cotidiano, di\u00e1logo com profissionais da sa\u00fade, para dar um diagn\u00f3stico sobre o per\u00edodo e condi\u00e7\u00f5es adequados\u201d.<\/p>\n\n\n\n<p>Edi\u00e7\u00e3o: Leandro Melito<br><\/p>\n","protected":false},"excerpt":{"rendered":"<p>Segundo l\u00edderes, ordem de ju\u00edza federal de S\u00e3o Paulo p\u00f5e em risco a sociedade, exclui estudantes pobres e ignora di\u00e1logo<\/p>\n","protected":false},"author":1,"featured_media":0,"comment_status":"closed","ping_status":"open","sticky":false,"template":"","format":"standard","meta":{"_exactmetrics_skip_tracking":false,"_exactmetrics_sitenote_active":false,"_exactmetrics_sitenote_note":"","_exactmetrics_sitenote_category":0,"jetpack_post_was_ever_published":false,"_jetpack_newsletter_access":"","_jetpack_dont_email_post_to_subs":false,"_jetpack_newsletter_tier_id":0,"_jetpack_memberships_contains_paywalled_content":false,"_jetpack_memberships_contains_paid_content":false,"footnotes":"","jetpack_publicize_message":"","jetpack_publicize_feature_enabled":true,"jetpack_social_post_already_shared":true,"jetpack_social_options":{"image_generator_settings":{"template":"highway","enabled":false},"version":2}},"categories":[1],"tags":[],"class_list":["post-30581","post","type-post","status-publish","format-standard","hentry","category-notas"],"jetpack_publicize_connections":[],"jetpack_sharing_enabled":true,"jetpack_featured_media_url":"","jetpack_shortlink":"https:\/\/wp.me\/p7wKYW-7Xf","jetpack-related-posts":[],"_links":{"self":[{"href":"http:\/\/blogdalucianaoliveira.com.br\/blog\/wp-json\/wp\/v2\/posts\/30581","targetHints":{"allow":["GET"]}}],"collection":[{"href":"http:\/\/blogdalucianaoliveira.com.br\/blog\/wp-json\/wp\/v2\/posts"}],"about":[{"href":"http:\/\/blogdalucianaoliveira.com.br\/blog\/wp-json\/wp\/v2\/types\/post"}],"author":[{"embeddable":true,"href":"http:\/\/blogdalucianaoliveira.com.br\/blog\/wp-json\/wp\/v2\/users\/1"}],"replies":[{"embeddable":true,"href":"http:\/\/blogdalucianaoliveira.com.br\/blog\/wp-json\/wp\/v2\/comments?post=30581"}],"version-history":[{"count":1,"href":"http:\/\/blogdalucianaoliveira.com.br\/blog\/wp-json\/wp\/v2\/posts\/30581\/revisions"}],"predecessor-version":[{"id":30582,"href":"http:\/\/blogdalucianaoliveira.com.br\/blog\/wp-json\/wp\/v2\/posts\/30581\/revisions\/30582"}],"wp:attachment":[{"href":"http:\/\/blogdalucianaoliveira.com.br\/blog\/wp-json\/wp\/v2\/media?parent=30581"}],"wp:term":[{"taxonomy":"category","embeddable":true,"href":"http:\/\/blogdalucianaoliveira.com.br\/blog\/wp-json\/wp\/v2\/categories?post=30581"},{"taxonomy":"post_tag","embeddable":true,"href":"http:\/\/blogdalucianaoliveira.com.br\/blog\/wp-json\/wp\/v2\/tags?post=30581"}],"curies":[{"name":"wp","href":"https:\/\/api.w.org\/{rel}","templated":true}]}}