{"id":30589,"date":"2021-01-14T11:36:11","date_gmt":"2021-01-14T15:36:11","guid":{"rendered":"http:\/\/blogdalucianaoliveira.com.br\/blog\/?p=30589"},"modified":"2021-01-14T11:36:15","modified_gmt":"2021-01-14T15:36:15","slug":"plano-de-vacinacao-copiado-da-europa-ignora-desigualdade-brasileira-critica-medico","status":"publish","type":"post","link":"http:\/\/blogdalucianaoliveira.com.br\/blog\/2021\/01\/14\/plano-de-vacinacao-copiado-da-europa-ignora-desigualdade-brasileira-critica-medico\/","title":{"rendered":"Plano de vacina\u00e7\u00e3o \u201ccopiado\u201d da Europa ignora desigualdade brasileira, critica m\u00e9dico"},"content":{"rendered":"\n<figure class=\"wp-block-image size-large\"><img data-recalc-dims=\"1\" loading=\"lazy\" decoding=\"async\" width=\"600\" height=\"399\" data-attachment-id=\"30590\" data-permalink=\"http:\/\/blogdalucianaoliveira.com.br\/blog\/2021\/01\/14\/plano-de-vacinacao-copiado-da-europa-ignora-desigualdade-brasileira-critica-medico\/eba040b8-bf1f-489b-86ff-d22cc02c3293\/\" data-orig-file=\"https:\/\/i0.wp.com\/blogdalucianaoliveira.com.br\/blog\/wp-content\/uploads\/2021\/01\/EBA040B8-BF1F-489B-86FF-D22CC02C3293.jpeg?fit=800%2C532\" data-orig-size=\"800,532\" data-comments-opened=\"0\" data-image-meta=\"{&quot;aperture&quot;:&quot;0&quot;,&quot;credit&quot;:&quot;&quot;,&quot;camera&quot;:&quot;&quot;,&quot;caption&quot;:&quot;&quot;,&quot;created_timestamp&quot;:&quot;1610621662&quot;,&quot;copyright&quot;:&quot;&quot;,&quot;focal_length&quot;:&quot;0&quot;,&quot;iso&quot;:&quot;0&quot;,&quot;shutter_speed&quot;:&quot;0&quot;,&quot;title&quot;:&quot;&quot;,&quot;orientation&quot;:&quot;0&quot;}\" data-image-title=\"EBA040B8-BF1F-489B-86FF-D22CC02C3293\" data-image-description=\"\" data-image-caption=\"\" data-medium-file=\"https:\/\/i0.wp.com\/blogdalucianaoliveira.com.br\/blog\/wp-content\/uploads\/2021\/01\/EBA040B8-BF1F-489B-86FF-D22CC02C3293.jpeg?fit=300%2C200\" data-large-file=\"https:\/\/i0.wp.com\/blogdalucianaoliveira.com.br\/blog\/wp-content\/uploads\/2021\/01\/EBA040B8-BF1F-489B-86FF-D22CC02C3293.jpeg?fit=600%2C399\" src=\"https:\/\/i0.wp.com\/blogdalucianaoliveira.com.br\/blog\/wp-content\/uploads\/2021\/01\/EBA040B8-BF1F-489B-86FF-D22CC02C3293.jpeg?resize=600%2C399\" alt=\"\" class=\"wp-image-30590\" srcset=\"https:\/\/i0.wp.com\/blogdalucianaoliveira.com.br\/blog\/wp-content\/uploads\/2021\/01\/EBA040B8-BF1F-489B-86FF-D22CC02C3293.jpeg?w=800 800w, https:\/\/i0.wp.com\/blogdalucianaoliveira.com.br\/blog\/wp-content\/uploads\/2021\/01\/EBA040B8-BF1F-489B-86FF-D22CC02C3293.jpeg?resize=300%2C200 300w, https:\/\/i0.wp.com\/blogdalucianaoliveira.com.br\/blog\/wp-content\/uploads\/2021\/01\/EBA040B8-BF1F-489B-86FF-D22CC02C3293.jpeg?resize=768%2C511 768w, https:\/\/i0.wp.com\/blogdalucianaoliveira.com.br\/blog\/wp-content\/uploads\/2021\/01\/EBA040B8-BF1F-489B-86FF-D22CC02C3293.jpeg?resize=451%2C300 451w\" sizes=\"auto, (max-width: 600px) 100vw, 600px\" \/><\/figure>\n\n\n\n<h4 class=\"wp-block-heading\">Para Gonzalo Vecina, ordem de grupos a serem imunizados deveria ser revista: \u201c Quem mais morre aqui s\u00e3o os pobres\u201d<\/h4>\n\n\n\n<!--more-->\n\n\n\n<p>Lu Sudr\u00e9 &#8211; Brasil de Fato\u00a0<\/p>\n\n\n\n<p>A ordem de imuniza\u00e7\u00e3o contra a covid-19 proposta pelo governo Bolsonaro, na opini\u00e3o do m\u00e9dico sanitarista&nbsp;<a href=\"https:\/\/www.instagram.com\/gonzalovecina\/\" target=\"_blank\" rel=\"noreferrer noopener\">Gonzalo Vecina<\/a>, est\u00e1 em descompasso com a realidade do Brasil.<\/p>\n\n\n\n<p>O governo federal determinou que trabalhadores da sa\u00fade, idosos a partir de 75 anos e ind\u00edgenas aldeados integrem o grupo 1 entre as popula\u00e7\u00f5es priorit\u00e1rias, ou seja, ser\u00e3o os primeiros a receber a vacina.&nbsp;<\/p>\n\n\n\n<p>Idosos dos 60 aos 74 anos s\u00e3o o grupo 2 e pessoas com comorbidades est\u00e3o classificadas no grupo 3.<\/p>\n\n\n\n<p>Segundo a&nbsp;<a href=\"https:\/\/www.brasildefato.com.br\/2021\/01\/01\/vacina-crise-economica-insanidades-de-bolsonaro-o-que-esperar-de-2021\" target=\"_blank\" rel=\"noreferrer noopener\">gest\u00e3o Bolsonaro<\/a>, 49,6 milh\u00f5es de pessoas dever\u00e3o ser vacinadas nessas tr\u00eas primeiras etapas. &nbsp;<\/p>\n\n\n\n<p>Para o ex-presidente da Anvisa, entretanto, a prioridade prevista do<a href=\"https:\/\/www.brasildefato.com.br\/2020\/12\/16\/governo-anuncia-cronograma-de-vacinacao-entenda-disputa-politica-que-envolve-tema\" target=\"_blank\" rel=\"noreferrer noopener\">&nbsp;Plano Nacional de Imuniza\u00e7\u00e3o (PNI)<\/a>&nbsp;\u00e9 inadequada e deveria passar por novas modifica\u00e7\u00f5es.<br>&nbsp;<br>\u201cA ordem de vacina\u00e7\u00e3o \u00e9 copiada e colada do modelo americano e europeu de vacina\u00e7\u00e3o. S\u00f3 que a sociedade brasileira n\u00e3o \u00e9 a de um pa\u00eds acima da linha do Equador. Somos uma sociedade muito desigual, a oitava maior desigualdade do mundo. Vacinar com as mesmas regras desses pa\u00edses \u00e9 de uma idiotice muito grande. Quem mais morre aqui s\u00e3o os pobres\u201d, explica Vecina.<\/p>\n\n\n\n<p>Ele justifica o argumento acrescentando que, ainda que os mais velhos ocupem a maior taxa de mortalidade, conseguem permanecer em isolamento social dentro de suas casas.<\/p>\n\n\n\n<p>\u201cE os adultos jovens que t\u00eam que buscar comida, trabalhar, n\u00e3o ficam. S\u00e3o esses que v\u00e3o ter a doen\u00e7a. N\u00f3s t\u00ednhamos que revisitar essa lista [de prioridade]. Quem est\u00e1 morrendo mais s\u00e3o os pobres, negros e analfabetos. E estamos fazendo outro plano de vacina\u00e7\u00e3o\u201d, critica o sanitarista.<\/p>\n\n\n\n<p>Na opini\u00e3o de Vecina, al\u00e9m dos profissionais de sa\u00fade, quilombolas, ind\u00edgenas e a popula\u00e7\u00e3o de rua deveriam ser os primeiros a ser vacinados, assim como trabalhadores de outros setores essenciais a partir de uma escala de exposi\u00e7\u00e3o.<\/p>\n\n\n\n<p>Entre eles os trabalhadores do transporte coletivo, da seguran\u00e7a p\u00fablica e professores da educa\u00e7\u00e3o b\u00e1sica. Embora esses profissionais estejam entre os grupos priorit\u00e1rios do PNI, n\u00e3o s\u00e3o contemplados pelas tr\u00eas primeiras fases e ainda n\u00e3o h\u00e1 defini\u00e7\u00e3o para o in\u00edcio da &nbsp;imuniza\u00e7\u00e3o de uma quarta ou quinta etapa.<\/p>\n\n\n\n<p>De acordo com o governo, o planejamento depende da aprova\u00e7\u00e3o e disponibilidade das vacinas.<\/p>\n\n\n\n<p>\u201cEssa \u00e9 uma quest\u00e3o que ter\u00edamos que obrigatoriamente que revisitar. O Minist\u00e9rio da Sa\u00fade n\u00e3o tem compet\u00eancia determinar quem deve ser vacinado. Tem que chamar os especialistas, as pessoas que entendem disso, para que essas pessoas tomem a decis\u00e3o e proponham uma regra para a sociedade, que seja mais consent\u00e2nea com nossa realidade\u201d.<\/p>\n\n\n\n<p>A previs\u00e3o do governo federal \u00e9 que a vacina\u00e7\u00e3o dos brasileiros seja conclu\u00edda em 16 meses, sendo os quatro primeiros apenas para os grupos priorit\u00e1rios e os 12 meses restantes para a popula\u00e7\u00e3o geral.&nbsp;<\/p>\n\n\n\n<p><strong>Confira a segunda parte da entrevista com Gonzalo Vecina.<\/strong><\/p>\n\n\n\n<p><strong>Brasil de Fato &#8211; Qual sua opini\u00e3o sobre os dados de efic\u00e1cia dos imunizantes desenvolvidos aqui no Brasil? Quais s\u00e3o os crit\u00e9rios, h\u00e1 alguma vacina mais apropriada?<\/strong><\/p>\n\n\n\n<p><strong>Gonzalo Vecina &#8211;<\/strong>&nbsp;A taxa de efic\u00e1cia precisa estar acima de 50%. Embora tenhamos vacina como a da gripe, que geralmente tem 3 ou 4 componentes, um deles pode dar uma efic\u00e1cia abaixo de 50%. Mas nem por isso deixamos de aplic\u00e1-la porque ela consegue reduzir mortes.<\/p>\n\n\n\n<p>O grande problema que estamos<a href=\"https:\/\/www.brasildefato.com.br\/2021\/01\/09\/com-vacina-contra-a-covid-ciencia-brasileira-reafirma-importancia-de-investimentos\" target=\"_blank\" rel=\"noreferrer noopener\">&nbsp;vivendo \u00e9 ter vacina<\/a>. E isso coloca em segundo plano qual vacina. N\u00e3o temos condi\u00e7\u00e3o de escolher.&nbsp;Em grande medida pela ina\u00e7\u00e3o do governo federal, s\u00f3 temos duas vacinas na m\u00e3o hoje.&nbsp;<\/p>\n\n\n\n<p>E temos que agradecer a exist\u00eancia dessas duas vacinas&nbsp;<a href=\"https:\/\/www.brasildefato.com.br\/2021\/01\/13\/fiocruz-e-butantan-sairao-maiores-que-a-mediocridade-de-governantes-diz-sanitarista\" target=\"_blank\" rel=\"noreferrer noopener\">\u00e0s escolhas que Fiocruz e Butantan fizeram<\/a>. Se n\u00e3o fossem Butantan e Fiocruz terem ido atr\u00e1s, n\u00e3o ter\u00edamos nenhuma vacina. Nenhuma fabricante tem condi\u00e7\u00e3o de aportar ao Brasil as doses necess\u00e1rias para imuniza\u00e7\u00e3o.<\/p>\n\n\n\n<p>Somos 210 milh\u00f5es de habitantes e temos uma popula\u00e7\u00e3o a ser coberta pela vacina, acima de 18 anos, para a qual essas vacinas foram testadas, na ordem de 160 milh\u00f5es de pessoas. Como as vacinas s\u00e3o de duas doses, estamos falando de 320 milh\u00f5es de doses.&nbsp;<\/p>\n\n\n\n<blockquote class=\"wp-block-quote is-layout-flow wp-block-quote-is-layout-flow\"><p>&nbsp;<\/p><p><em><strong>Se n\u00e3o fossem Butantan e Fiocruz terem ido atr\u00e1s, n\u00e3o ter\u00edamos nenhuma vacina<\/strong><\/em><\/p><\/blockquote>\n\n\n\n<p>O m\u00e1ximo que essas empresas chegaram a oferecer para o Brasil em curto espa\u00e7o de tempo \u00e9 algumas centenas de milhares, n\u00e3o chega a milh\u00e3o. Quando vimos v\u00e1rios pa\u00edses que sa\u00edram vacinando, como o Chile, foi um processo iniciado com 3 mil doses para uma popula\u00e7\u00e3o de 18 milh\u00f5es de habitantes.<\/p>\n\n\n\n<p>Temos que olhar com muito cuidado esses passos.&nbsp;<a href=\"https:\/\/www.brasildefato.com.br\/2021\/01\/13\/fiocruz-e-butantan-sairao-maiores-que-a-mediocridade-de-governantes-diz-sanitarista\" target=\"_blank\" rel=\"noreferrer noopener\">N\u00e3o fosse a Fiocruz e o Butantan<\/a>, n\u00e3o ter\u00edamos vacina.&nbsp;<\/p>\n\n\n\n<p>A efic\u00e1cia da vacina da Fiocruz est\u00e1 em torno de 70%. A do Butantan, que foi anunciada de 78%, \u00e9 para os grupos que no processo de pesquisa de fase 3 tiveram a doen\u00e7a sintom\u00e1tica e mais grave.<\/p>\n\n\n\n<p>Ent\u00e3o se pega a amostra de dez mil pacientes. Metade tomou placebo e metade tomou vacina. E a\u00ed se classifica em dez n\u00edveis cada uma das pessoas que tiveram a doen\u00e7a: o zero a assintom\u00e1tica, um a doen\u00e7a com poucos sintomas, dois com mais sintomas e no n\u00edvel tr\u00eas come\u00e7am sintomas importantes. E at\u00e9 10, que \u00e9 a morte.<\/p>\n\n\n\n<p><strong><a href=\"https:\/\/www.brasildefato.com.br\/2021\/01\/13\/eficacia-da-coronavac-e-de-50-38-semelhante-as-vacinas-contra-gripe-e-tuberculose\" target=\"_blank\" rel=\"noreferrer noopener\">::&nbsp;Efic\u00e1cia da CoronaVac \u00e9 de 50,38%, semelhante \u00e0s vacinas contra gripe e tuberculose ::&nbsp;<\/a><\/strong><\/p>\n\n\n\n<p>N\u00e3o tivemos nenhum caso de morte. E tivemos pouco casos de n\u00edvel 9, n\u00edvel 8. A conclus\u00e3o \u00e9 que a vacina protege 100% dos casos contra doen\u00e7as graves. E protege importantemente, a partir do n\u00edvel 3, as outras condi\u00e7\u00f5es.<\/p>\n\n\n\n<p>Fazendo o c\u00e1lculo entre as pessoas que tomaram a vacina e o placebo, \u00e9 um prote\u00e7\u00e3o de 78%. Uma prote\u00e7\u00e3o muito boa. S\u00f3 que eles exclu\u00edram o n\u00edvel 01 e 02, com efic\u00e1cia pouco superior a&nbsp;50%.&nbsp;<\/p>\n\n\n\n<p>O dado deve ser divulgado \u00e9 da efic\u00e1cia em torno de 53% e 54%. Isso n\u00e3o \u00e9 ruim.&nbsp;<a href=\"https:\/\/www.brasildefato.com.br\/2021\/01\/13\/eficacia-da-coronavac-e-de-50-38-semelhante-as-vacinas-contra-gripe-e-tuberculose\" target=\"_blank\" rel=\"noreferrer noopener\">A vacina protege<\/a>e \u00e9 essa a nossa expectativa.<\/p>\n\n\n\n<p><strong>[Em coletiva de imprensa nesta ter\u00e7a (12), o Butantan divulgou que a CoronaVac&nbsp;<a href=\"https:\/\/www.brasildefato.com.br\/2021\/01\/12\/vacina-desenvolvida-pelo-instituto-butantan-tem-eficacia-geral-acima-de-50\" target=\"_blank\" rel=\"noreferrer noopener\">registrou 50,38% de efic\u00e1cia global&nbsp;<\/a>nos testes brasileiros, acima dos 50% exigidos pela Anvisa e pela OMS].<\/strong><\/p>\n\n\n\n<p>O ruim pra essa hist\u00f3ria toda \u00e9 a forma de se comunicar com a sociedade, sem transpar\u00eancia. Muitas vezes, n\u00f3s, profissionais de sa\u00fade, achamos que por trabalhar por uma coisa que \u00e9 complexa, a popula\u00e7\u00e3o n\u00e3o entende.<\/p>\n\n\n\n<p>\u00c9 prov\u00e1vel que uma parte da popula\u00e7\u00e3o n\u00e3o entenda. Mas uma parte entende, entende muito bem e quer saber das coisas. Comunica\u00e7\u00e3o clara e cristalina \u00e9 fundamental.&nbsp;<\/p>\n\n\n\n<p><strong>A vacina contra o coronav\u00edrus dever\u00e1 ser anual como a da gripe? Temos alguma perspectiva nesse sentido?<\/strong><\/p>\n\n\n\n<p>Infelizmente como come\u00e7amos a testar essas vacinas a partir de junho e julho do ano passado, s\u00f3 temos 6, 7 meses de observa\u00e7\u00e3o. Podemos dizer que temos uma experi\u00eancia como a vacina do \u00e9bola, que \u00e9 de vetor viral com imunidade que dura quatro ou cinco anos, e a do sarampo, de v\u00edrus inativado, que com uma dose de refor\u00e7o, dura a vida inteira.<\/p>\n\n\n\n<p>Poderia dizer que a vacina de v\u00edrus inativado do Butantan vai durar a vida inteira porque a do sarampo dura a vida inteira. Por outro lado, a da gripe \u00e9 de v\u00edrus inativado e dura um ano. Ent\u00e3o n\u00e3o d\u00e1 pra afirmar nada.&nbsp;<\/p>\n\n\n\n<p><strong><a href=\"https:\/\/www.brasildefato.com.br\/2021\/01\/12\/media-semanal-de-casos-da-covid-dispara-e-atinge-maior-marca-ja-observada-no-brasil\" target=\"_blank\" rel=\"noreferrer noopener\">::&nbsp;M\u00e9dia semanal de casos da covid dispara e atinge maior marca j\u00e1 observada no Brasil ::<\/a><\/strong><\/p>\n\n\n\n<p>Vamos ter que continuar fazendo a avalia\u00e7\u00e3o de quem teve a doen\u00e7a por um lado e de quem foi vacinado por outro lado e acompanhar a persist\u00eancia da produ\u00e7\u00e3o de anticorpos nessas duas popula\u00e7\u00f5es. N\u00e3o tem outra sa\u00edda.<\/p>\n\n\n\n<p><strong>Caso a vacina\u00e7\u00e3o seja iniciada&nbsp;de forma fragmentada e n\u00e3o unificada, nacionalmente, pode atrapalhar o combate \u00e0 pandemia? Uma pessoa vacinada em S\u00e3o Paulo pode viajar e carregar o v\u00edrus para outros estados?<\/strong><\/p>\n\n\n\n<p>At\u00e9 onde estamos acompanhando, esse risco n\u00e3o existe mais. Vamos ter um processo \u00fanico de vacina\u00e7\u00e3o no Brasil. N\u00e3o vai ter vacina\u00e7\u00e3o em S\u00e3o Paulo e no Brasil. Ser\u00e1 um processo \u00fanico, coordenado pelo Minist\u00e9rio da Sa\u00fade e executado&nbsp;pelas secretarias estaduais e municipais de sa\u00fade. Isso j\u00e1 est\u00e1 resolvido.&nbsp;<\/p>\n\n\n\n<p>Provavelmente vai come\u00e7ar antes do dia 25. Assim que a Anvisa aprovar o registro emergencial da Astrazeneca e da Coronavac, eles poder\u00e3o ser utilizados. Espera-se que isso ocorra antes do dia 20.&nbsp;<\/p>\n\n\n\n<p>Ocorrendo antes do dia 20 e tendo a vacina no Brasil, porque ainda falta chegar a da Astrazeneca&#8230; provavelmente dever\u00e3o chegar dois milh\u00f5es de doses do Serum Institute, que fica na \u00cdndia.&nbsp;<\/p>\n\n\n\n<blockquote class=\"wp-block-quote is-layout-flow wp-block-quote-is-layout-flow\"><p>&nbsp;<\/p><p><em><strong>Quem mais morre aqui s\u00e3o os pobres<\/strong><\/em><\/p><\/blockquote>\n\n\n\n<p>J\u00e1 tem dez milh\u00f5es de doses da vacina CoronaVac prontas no Butantan. Com essas doze milh\u00f5es de doses, somando as da Fiocruz, a tripartite que re\u00fane o governo federal, governo estadual e as secretarias municipais de sa\u00fade, tomar\u00e1 uma decis\u00e3o de distribui\u00e7\u00e3o pelo Brasil e iniciaremos o processo de vacina\u00e7\u00e3o.<\/p>\n\n\n\n<p><strong><a href=\"https:\/\/www.brasildefato.com.br\/2021\/01\/09\/com-vacina-contra-a-covid-ciencia-brasileira-reafirma-importancia-de-investimentos\" target=\"_blank\" rel=\"noreferrer noopener\">:: Com vacina contra a covid, ci\u00eancia brasileira reafirma import\u00e2ncia de investimentos ::&nbsp;<\/a><\/strong><\/p>\n\n\n\n<p>O ponto fraco dessa hist\u00f3ria n\u00e3o \u00e9 a seringa, porque seringa tem pra esses 12 milh\u00f5es de doses. N\u00e3o tem para at\u00e9 o fim do ano, mas \u00e9 planejar e ter\u00e1. O grande problema \u00e9 a comunica\u00e7\u00e3o. Como \u00e9 que vai ser?<\/p>\n\n\n\n<p>Primeiro, quem ser\u00e1 vacinado. A ordem de vacina\u00e7\u00e3o \u00e9 copiada e colada do modelo americano e europeu de vacina\u00e7\u00e3o. S\u00f3 que a sociedade brasileira n\u00e3o \u00e9 a sociedade de um pa\u00eds acima da linha do Equador.<\/p>\n\n\n\n<p>Somos uma sociedade muito desigual. A oitava maior desigualdade do mundo. Vacinar com as mesmas regras dos pa\u00edses que est\u00e3o ao norte do Equador \u00e9 de uma idiotice muito grande. Quem mais morre aqui s\u00e3o os pobres.&nbsp;<\/p>\n\n\n\n<p>Os idosos ser\u00e3o a maior parte da mortalidade com certeza [em n\u00edvel global]. Em Portugal, 97% das mortes ocorreram na faixa maior de 55 anos.<\/p>\n\n\n\n<p>Acontece que os mais velhos ficam em casa. E os adultos jovens que tem que buscar comida, trabalhar, n\u00e3o ficam. S\u00e3o esses que v\u00e3o ter a doen\u00e7a. N\u00f3s t\u00ednhamos que revisitar essa lista. Quem est\u00e1 morrendo mais s\u00e3o os pobres, negros e analfabetos. E estamos fazendo outro plano de vacina\u00e7\u00e3o.<\/p>\n\n\n\n<p>Dever\u00edamos revisitar e incluir nesse plano, al\u00e9m dos profissionais de sa\u00fade, quilombolas, ind\u00edgenas e popula\u00e7\u00e3o de rua, os primeiros que devem ser vacinados, uma escala entre aqueles que t\u00eam que se expor por estarem em setores essenciais.<\/p>\n\n\n\n<p>Trabalhadores do transporte coletivo, da seguran\u00e7a p\u00fablica e particularmente os professores da educa\u00e7\u00e3o b\u00e1sica. Para diminuir o preju\u00edzo que estamos tendo. Um ano sem aulas para nossas crian\u00e7as. N\u00e3o estou t\u00e3o preocupado com conhecimento e sim com a socializa\u00e7\u00e3o.&nbsp;<\/p>\n\n\n\n<blockquote class=\"wp-block-quote is-layout-flow wp-block-quote-is-layout-flow\"><p>&nbsp;<\/p><p><em><strong>Temos que conseguir vacinar de 70% a 80% da popula\u00e7\u00e3o mundial ou o v\u00edrus continuar\u00e1 circulando com as consequ\u00eancias previs\u00edveis de uma muta\u00e7\u00e3o<\/strong><\/em>&nbsp;<\/p><\/blockquote>\n\n\n\n<p>O grande resultado da a\u00e7\u00e3o da escola \u00e9 a socializa\u00e7\u00e3o. Ent\u00e3o vamos vacinar os professores para que voltem a dar aula e as crian\u00e7as voltem a frequentar as escolas.<\/p>\n\n\n\n<p>Essa \u00e9 uma quest\u00e3o que ter\u00edamos&nbsp;obrigatoriamente que revisitar. O Minist\u00e9rio da Sa\u00fade n\u00e3o tem compet\u00eancia para determinar quem deve ser vacinado. Tem que chamar os especialistas, as pessoas que entendem disso, para que essas pessoas tomem a decis\u00e3o e proponham uma regra para a sociedade, que seja mais consent\u00e2nea com nossa realidade.<\/p>\n\n\n\n<p><strong>At\u00e9 mesmo porque a primeira vers\u00e3o do plano exclu\u00eda ind\u00edgenas, por exemplo.<\/strong><\/p>\n\n\n\n<p>Sim. E continua inadequado, ao que tudo indica, por essas quest\u00f5es que apontam que os grupos mais ating\u00edveis pela doen\u00e7a n\u00e3o est\u00e3o sendo cobertos.&nbsp;<\/p>\n\n\n\n<p><strong>Ainda que tenha o projeto nacional, o Doria manteve a vacina\u00e7\u00e3o em SP pro dia 25. Acredita que esse cronograma ser\u00e1 atropelado?<\/strong><\/p>\n\n\n\n<p>Ele quer sair na foto para ser o dono da vacina em 2022. S\u00f3 que ele est\u00e1 ignorando o caminho da hist\u00f3ria. O caminho da hist\u00f3ria n\u00e3o passa por ele ser candidato a presidente. Isso \u00e9 uma idiotice e ignor\u00e2ncia dele.<\/p>\n\n\n\n<p>O caminho da hist\u00f3ria passa por distribuirmos o imunizante para toda a popula\u00e7\u00e3o brasileira, que o governo federal tem que nos propiciar.&nbsp;<\/p>\n\n\n\n<p>Independente de quem vai ser vacinado. Vamos supor que a regra do governo fique. Os velhinhos com mais de 80 anos tenham que ser convocados para ser vacinados. Como isso vai acontecer?<\/p>\n\n\n\n<p>Qual seria uma ideia inteligente? Fazer um plano para que as pessoas se registrem por meio de algum sistema eletr\u00f4nico. Aqueles que n\u00e3o t\u00eam acesso ao computador, v\u00e3o direto na unidade [de sa\u00fade].<\/p>\n\n\n\n<blockquote class=\"wp-block-quote is-layout-flow wp-block-quote-is-layout-flow\"><p>&nbsp;<\/p><p><em><strong>A vacina \u00e9 do povo brasileiro. E ele [Doria] n\u00e3o conseguir\u00e1 usar essa vacina como capital pol\u00edtico. N\u00e3o foi ele quem fez isso. Quem fez isso foi o Butantan e ele desviou o Butantan no meio do caminho.<\/strong><\/em>&nbsp;<\/p><\/blockquote>\n\n\n\n<p>Mas quem puder fazer o cadastro, 80% da popula\u00e7\u00e3o brasileira tem esse acesso, faz o cadastro e marca o dia e uma hora pra fazer a vacina\u00e7\u00e3o.<\/p>\n\n\n\n<p><strong>::&nbsp;<a href=\"https:\/\/www.brasildefato.com.br\/2021\/01\/09\/sem-data-definida-governo-diz-que-vacinacao-contra-covid-sera-simultanea-no-pais\">Sem data definida, governo diz que vacina\u00e7\u00e3o contra covid ser\u00e1 simult\u00e2nea no pa\u00eds<\/a>&nbsp;::<\/strong><\/p>\n\n\n\n<p>J\u00e1 poder\u00edamos ter um software pra fazer isso. Temos o n\u00famero do Cart\u00e3o do SUS [Sistema \u00danico de Sa\u00fade]. N\u00e3o estamos discutindo isso por in\u00e9pcia do governo federal.<\/p>\n\n\n\n<p>No meio dessa in\u00e9pcia, dessa falta de capacidade de comunica\u00e7\u00e3o do governo federal \u00e9 que o Doria coloca essas pequenas cunhas para demonstrar uma coisa que ele n\u00e3o \u00e9, n\u00e3o pode ser e n\u00e3o deve ser. Ele n\u00e3o \u00e9 o pai da vacina.<\/p>\n\n\n\n<p>A vacina \u00e9 do povo brasileiro. E ele n\u00e3o conseguir\u00e1 usar essa vacina como capital pol\u00edtico. N\u00e3o foi ele quem fez isso. Quem fez isso foi o Butantan e ele desviou o Butantan no meio do caminho.<\/p>\n\n\n\n<p>N\u00f3s vamos ter que denunciar isso. Ele tem que entender que se ele quiser ser eleito, que seja, mas n\u00e3o ser\u00e1 gra\u00e7as \u00e0 vacina. Ter\u00e1 que fazer outro conjunto de obras para sua elei\u00e7\u00e3o.<\/p>\n\n\n\n<p><strong>O senhor comentou sobre a desigualdade no Brasil e a inadequa\u00e7\u00e3o do plano de imuniza\u00e7\u00e3o. E em meio a essa discuss\u00e3o surgiu a possibilidade da comercializa\u00e7\u00e3o da vacina indiana Covaxyn por cl\u00ednicas particulares. Como l\u00ea essa possibilidade e como ela pode afetar a popula\u00e7\u00e3o como um todo?<\/strong><\/p>\n\n\n\n<p>\u00c9 de uma&nbsp;<a href=\"https:\/\/www.brasildefato.com.br\/2021\/01\/05\/compra-de-vacinas-por-setor-privado-compromete-imunidade-de-rebanho-dizem-medicos\" target=\"_blank\" rel=\"noreferrer noopener\">profunda imoralidade<\/a>. Nenhuma das pessoas com as quais eu discuti, mesmo do setor privado, conseguiram rebater a quest\u00e3o da imoralidade. \u00c9 imoral. N\u00e3o tenho nada contra a iniciativa privada participar do processo de imuniza\u00e7\u00e3o desde que a vacina seja distribu\u00edda pelo Estado, desde que a regra de vacina\u00e7\u00e3o seja estabelecida&nbsp;por isso.<\/p>\n\n\n\n<p>A hora que quiserem participar, est\u00e1 aberta a participa\u00e7\u00e3o. Agora, mudar a ordem de entrega da vacina porque o sujeito tem dinheiro para pagar a vacina \u00e9 de uma<a href=\"https:\/\/www.brasildefato.com.br\/2021\/01\/05\/compra-de-vacinas-por-setor-privado-compromete-imunidade-de-rebanho-dizem-medicos\" target=\"_blank\" rel=\"noreferrer noopener\">&nbsp;imoralidade sem tamanho.<\/a><\/p>\n\n\n\n<p>Essa imoralidade \u00e9 uma imoralidade para qual o brasileiro tem que acordar. Essa imoralidade estamos enxergando agora porque estamos morrendo com essa doen\u00e7a. Mas \u00e9 o mesmo que temos na fila da cirurgia card\u00edaca, ortop\u00e9dica, na fila do in\u00edcio para o tratamento de c\u00e2ncer.<\/p>\n\n\n\n<p>Quem tem dinheiro trata antes. Isso \u00e9 imoral. Temos que estruturar filas \u00fanicas. Quem tem dinheiro n\u00e3o pode chegar antes de quem n\u00e3o tem dinheiro. \u00c9 poss\u00edvel e obrigat\u00f3rio que n\u00f3s consigamos estruturar um sistema de sa\u00fade p\u00fablico e privado com as mesmas regras.<\/p>\n\n\n\n<p><strong><a href=\"https:\/\/www.brasildefato.com.br\/2021\/01\/05\/compra-de-vacinas-por-setor-privado-compromete-imunidade-de-rebanho-dizem-medicos\" target=\"_blank\" rel=\"noreferrer noopener\">::&nbsp;Compra de vacinas por setor privado compromete imunidade de rebanho, dizem m\u00e9dicos ::<\/a><\/strong><\/p>\n\n\n\n<p>Como fazemos com os transplantes, onde h\u00e1 uma fila \u00fanica. Quem tem dinheiro n\u00e3o se beneficia do fato de ter dinheiro. Temos que acordar para a invisibilidade dessas filas. A de acesso \u00e0 vacina n\u00e3o pode ter crit\u00e9rios diferentes.<\/p>\n\n\n\n<p><strong>Caso n\u00e3o alcancemos a igualdade de imuniza\u00e7\u00e3o, corremos o risco do coronav\u00edrus se tornar uma doen\u00e7a que atinge apenas as classes mais baixas?<\/strong><\/p>\n\n\n\n<p>Essa idiotice precisamos conseguir comunicar \u00e0 sociedade: se o v\u00edrus continuar a circular, n\u00e3o sabemos porque, mas sabemos como&nbsp;ele continuar\u00e1 mutando. Cada vez que o v\u00edrus entra em uma c\u00e9lula nossa e ordena ao maquin\u00e1rio gen\u00e9tico nosso para reproduzi-lo, reproduzimos alguns erros, ao acaso.<\/p>\n\n\n\n<p>Isso cria novas variantes do v\u00edrus. Essas<a href=\"https:\/\/www.brasildefato.com.br\/2021\/01\/04\/sp-confirma-dois-casos-da-nova-mutacao-do-coronavirus-entenda-o-que-esta-em-jogo\" target=\"_blank\" rel=\"noreferrer noopener\">&nbsp;novas variantes&nbsp;<\/a>podem ter como consequ\u00eancia, como o caso da variante inglesa, uma taxa de transmissibilidade mais alta. Mas o v\u00edrus continua sendo suscet\u00edvel \u00e0s vacinas que existem hoje, elas continuam fazendo efeito.<\/p>\n\n\n\n<p>Mas caso continue mutando&nbsp;poder\u00e1, ocasionalmente, se transformar em um v\u00edrus resistente \u00e0s vacinas que temos \u00e0 disposi\u00e7\u00e3o hoje. Se os ricos se vacinarem e os pobres continuarem a ter a doen\u00e7a, daqui a algum tempo teremos um<a href=\"https:\/\/www.brasildefato.com.br\/2021\/01\/04\/sp-confirma-dois-casos-da-nova-mutacao-do-coronavirus-entenda-o-que-esta-em-jogo\" target=\"_blank\" rel=\"noreferrer noopener\">v\u00edrus mais resistente<\/a>.&nbsp;<\/p>\n\n\n\n<p>Ou n\u00f3s conseguimos cobrir toda a popula\u00e7\u00e3o, n\u00e3o s\u00f3 no Brasil, mas no mundo, ou esse v\u00edrus ir\u00e1 continuar circulando e ir\u00e1 nos devolver um v\u00edrus resistente \u00e0s vacinas. Ai a import\u00e2ncia da comunidade de rebanho.<\/p>\n\n\n\n<p>Temos que conseguir vacinar de 70% a 80% da popula\u00e7\u00e3o mundial ou o v\u00edrus continuar\u00e1 circulando com as consequ\u00eancias previs\u00edveis de uma muta\u00e7\u00e3o.<\/p>\n\n\n\n<p><strong>O senhor acredita que at\u00e9 o fim do ano conseguimos vacinar mais da metade da popula\u00e7\u00e3o brasileira?<\/strong><\/p>\n\n\n\n<p>Acredito que at\u00e9 outubro e novembro vacinaremos o alvo da vacina\u00e7\u00e3o. Os 160 milh\u00f5es de brasileiros com mais de 18 anos. Paralelamente a isso estaremos produzindo os estudos sobre a efic\u00e1cia e seguran\u00e7a dessas vacinas nos grupos populacionais com menos de 18 anos e deveremos a\u00ed come\u00e7ar a pensar como usar o imunizante nessa popula\u00e7\u00e3o de menor de idade.&nbsp;<\/p>\n\n\n\n<p>\u00c9 uma perspectiva adequada. Boa seria se consegu\u00edssemos fazer o que faremos com a campanha da gripe. Mar\u00e7o, abril e maio teremos a campanha da gripe que ser\u00e1 junto \u00e0 da covid-19. S\u00e3o 80 milh\u00f5es de doses da vacina que j\u00e1 est\u00e3o produzidas e dever\u00e3o ser distribu\u00eddas na nossa rede para vacinar idosos, profissionais de sa\u00fade e crian\u00e7as. E evitar a morte muita gente.&nbsp;<\/p>\n\n\n\n<blockquote class=\"wp-block-quote is-layout-flow wp-block-quote-is-layout-flow\"><p>&nbsp;<\/p><p><em><strong>Quando essa crise come\u00e7ou, n\u00e3o esperava que cheg\u00e1ssemos a mais de cem mil mortes<\/strong><\/em>&nbsp;<\/p><\/blockquote>\n\n\n\n<p>Conseguimos fazer nesses tr\u00eas meses que antecedem o inverno, per\u00edodo onde h\u00e1 maior transmissibilidade do v\u00edrus da gripe. Esse \u00e9 um sucesso. Aplicar 80 milh\u00f5es de doses em tr\u00eas meses, como fazemos nos anos anteriores.<\/p>\n\n\n\n<p>Vacinar contra a covid at\u00e9 setembro ou outubro \u00e9 bom mas n\u00e3o \u00e9 um sucesso. Seria caso fiz\u00e9ssemos como com a [vacina] da gripe.<\/p>\n\n\n\n<p><strong>H\u00e1 menos de um ano recebemos a not\u00edcia da primeira confirma\u00e7\u00e3o de contamina\u00e7\u00e3o pelo novo coronav\u00edrus no Brasil. O senhor imaginava que neste momento, estar\u00edamos com essa marca de 200 mil mortes? Isso era imaginado?<\/strong><\/p>\n\n\n\n<p>Tivemos um n\u00famero de mortes muito superior ao que eu tinha como expectativa do n\u00famero de mortes. Quando essa crise come\u00e7ou, n\u00e3o esperava que cheg\u00e1ssemos a mais de cem mil mortes.<\/p>\n\n\n\n<p>N\u00e3o esperava porque no in\u00edcio conseguimos achatar a curva pand\u00eamica gra\u00e7as ao isolamento social. E de repente perdemos a m\u00e3o gra\u00e7as \u00e0 ina\u00e7\u00e3o dos governantes em n\u00edvel federal, nos estados e munic\u00edpios. E a\u00ed, de repente, o n\u00famero de mortes continua subindo, inclusive agora.<\/p>\n\n\n\n<p>A Gripe Espanhola, que foi um desastre muito superior a esse, matou cerca de 35 mil brasileiros quando o Brasil tinha 29 milh\u00f5es de brasileiros.<\/p>\n\n\n\n<p>Hoje, mantidas as mesmas condi\u00e7\u00f5es, ter\u00edamos 255 mil mortes se a gripe espanhola acontecesse. Estamos com mais de 200 mil mortes e com certeza vamos ultrapassar o n\u00famero de mortes da gripe espanhola.<\/p>\n\n\n\n<p>\u00c9 verdade que a gripe espanhola aconteceu em um per\u00edodo mais curto e acabou n\u00e3o se sabe como. Talvez atingindo a imunidade de rebanho ou talvez por conta de uma muta\u00e7\u00e3o ao contr\u00e1rio. As muta\u00e7\u00f5es que os v\u00edrus sofrem podem tornar in\u00fateis as vacinas e tamb\u00e9m podem torn\u00e1-lo incapaz de infectar.&nbsp;<\/p>\n\n\n\n<p><strong><a href=\"https:\/\/www.brasildefato.com.br\/2021\/01\/08\/vacinas-e-preciso-garantir-protecao-a-maior-numero-de-pessoas-diz-especialista\">Vacinas: Brasil precisa garantir prote\u00e7\u00e3o a maior n\u00famero de pessoas, diz especialista<\/a><\/strong><\/p>\n\n\n\n<p>Eu n\u00e3o esperava que estiv\u00e9ssemos vivendo a emerg\u00eancia sanit\u00e1ria do tamanho que vivemos. Infelizmente, pela in\u00e9pcia dos nossos governantes. Mas os cientistas conseguiram produzir as vacinas.<\/p>\n\n\n\n<p>Temos as vacinas. Vamos ver se termos a compet\u00eancia de aplic\u00e1-las da melhor maneira poss\u00edvel. Em termos de perspectiva, \u00e9 um jogo aberto. Espero que essa pandemia deixe dois legados fundamentais: o primeiro \u00e9 a import\u00e2ncia do SUS como n\u00f3s temos. E o segundo que o Brasil e o mundo acorde para a import\u00e2ncia de enfrentar a desigualdade social.<\/p>\n\n\n\n<p>A desigualdade social \u00e9 a principal enfermidade da qual a humanidade sofre. At\u00e9 o final do s\u00e9culo 19, a principal enfermidade era a escravid\u00e3o. Ter a posse de pessoas era normal. Pois bem. Est\u00e1 na hora de acordarmos e vermos que a desigualdade n\u00e3o \u00e9 normal.<\/p>\n\n\n\n<p>E que as sociedades podem acabar com ela se resolverem ter pol\u00edticas assertivas contra a desigualdade.<\/p>\n\n\n\n<p><em><strong>Leia a&nbsp;<a href=\"https:\/\/www.brasildefato.com.br\/2021\/01\/13\/fiocruz-e-butantan-sairao-maiores-que-a-mediocridade-de-governantes-diz-sanitarista\" target=\"_blank\" rel=\"noreferrer noopener\">primeira parte&nbsp;<\/a>da entrevista com Gonzalo Vecina.<\/strong><\/em><\/p>\n\n\n\n<p>Edi\u00e7\u00e3o: Leandro Melito<\/p>\n","protected":false},"excerpt":{"rendered":"<p>Para Gonzalo Vecina, ordem de grupos a serem imunizados deveria ser revista: \u201c Quem mais morre aqui s\u00e3o os pobres\u201d<\/p>\n","protected":false},"author":1,"featured_media":0,"comment_status":"closed","ping_status":"open","sticky":false,"template":"","format":"standard","meta":{"_exactmetrics_skip_tracking":false,"_exactmetrics_sitenote_active":false,"_exactmetrics_sitenote_note":"","_exactmetrics_sitenote_category":0,"jetpack_post_was_ever_published":false,"_jetpack_newsletter_access":"","_jetpack_dont_email_post_to_subs":false,"_jetpack_newsletter_tier_id":0,"_jetpack_memberships_contains_paywalled_content":false,"_jetpack_memberships_contains_paid_content":false,"footnotes":"","jetpack_publicize_message":"","jetpack_publicize_feature_enabled":true,"jetpack_social_post_already_shared":true,"jetpack_social_options":{"image_generator_settings":{"template":"highway","enabled":false},"version":2}},"categories":[1],"tags":[],"class_list":["post-30589","post","type-post","status-publish","format-standard","hentry","category-notas"],"jetpack_publicize_connections":[],"jetpack_sharing_enabled":true,"jetpack_featured_media_url":"","jetpack_shortlink":"https:\/\/wp.me\/p7wKYW-7Xn","jetpack-related-posts":[],"_links":{"self":[{"href":"http:\/\/blogdalucianaoliveira.com.br\/blog\/wp-json\/wp\/v2\/posts\/30589","targetHints":{"allow":["GET"]}}],"collection":[{"href":"http:\/\/blogdalucianaoliveira.com.br\/blog\/wp-json\/wp\/v2\/posts"}],"about":[{"href":"http:\/\/blogdalucianaoliveira.com.br\/blog\/wp-json\/wp\/v2\/types\/post"}],"author":[{"embeddable":true,"href":"http:\/\/blogdalucianaoliveira.com.br\/blog\/wp-json\/wp\/v2\/users\/1"}],"replies":[{"embeddable":true,"href":"http:\/\/blogdalucianaoliveira.com.br\/blog\/wp-json\/wp\/v2\/comments?post=30589"}],"version-history":[{"count":1,"href":"http:\/\/blogdalucianaoliveira.com.br\/blog\/wp-json\/wp\/v2\/posts\/30589\/revisions"}],"predecessor-version":[{"id":30591,"href":"http:\/\/blogdalucianaoliveira.com.br\/blog\/wp-json\/wp\/v2\/posts\/30589\/revisions\/30591"}],"wp:attachment":[{"href":"http:\/\/blogdalucianaoliveira.com.br\/blog\/wp-json\/wp\/v2\/media?parent=30589"}],"wp:term":[{"taxonomy":"category","embeddable":true,"href":"http:\/\/blogdalucianaoliveira.com.br\/blog\/wp-json\/wp\/v2\/categories?post=30589"},{"taxonomy":"post_tag","embeddable":true,"href":"http:\/\/blogdalucianaoliveira.com.br\/blog\/wp-json\/wp\/v2\/tags?post=30589"}],"curies":[{"name":"wp","href":"https:\/\/api.w.org\/{rel}","templated":true}]}}