{"id":30592,"date":"2021-01-14T11:45:47","date_gmt":"2021-01-14T15:45:47","guid":{"rendered":"http:\/\/blogdalucianaoliveira.com.br\/blog\/?p=30592"},"modified":"2021-01-14T11:45:54","modified_gmt":"2021-01-14T15:45:54","slug":"inflacao-explode-em-dezembro-e-registra-maior-alta-desde-2016","status":"publish","type":"post","link":"http:\/\/blogdalucianaoliveira.com.br\/blog\/2021\/01\/14\/inflacao-explode-em-dezembro-e-registra-maior-alta-desde-2016\/","title":{"rendered":"INFLA\u00c7\u00c3O EXPLODE EM DEZEMBRO E REGISTRA MAIOR ALTA DESDE 2016"},"content":{"rendered":"\n<figure class=\"wp-block-image size-large\"><img data-recalc-dims=\"1\" loading=\"lazy\" decoding=\"async\" width=\"600\" height=\"400\" data-attachment-id=\"30593\" data-permalink=\"http:\/\/blogdalucianaoliveira.com.br\/blog\/2021\/01\/14\/inflacao-explode-em-dezembro-e-registra-maior-alta-desde-2016\/711185fb-88c0-4873-9d09-edc56b441e53\/\" data-orig-file=\"https:\/\/i0.wp.com\/blogdalucianaoliveira.com.br\/blog\/wp-content\/uploads\/2021\/01\/711185FB-88C0-4873-9D09-EDC56B441E53.jpeg?fit=678%2C452\" data-orig-size=\"678,452\" data-comments-opened=\"0\" data-image-meta=\"{&quot;aperture&quot;:&quot;0&quot;,&quot;credit&quot;:&quot;&quot;,&quot;camera&quot;:&quot;&quot;,&quot;caption&quot;:&quot;&quot;,&quot;created_timestamp&quot;:&quot;0&quot;,&quot;copyright&quot;:&quot;&quot;,&quot;focal_length&quot;:&quot;0&quot;,&quot;iso&quot;:&quot;0&quot;,&quot;shutter_speed&quot;:&quot;0&quot;,&quot;title&quot;:&quot;&quot;,&quot;orientation&quot;:&quot;0&quot;}\" data-image-title=\"711185FB-88C0-4873-9D09-EDC56B441E53\" data-image-description=\"\" data-image-caption=\"\" data-medium-file=\"https:\/\/i0.wp.com\/blogdalucianaoliveira.com.br\/blog\/wp-content\/uploads\/2021\/01\/711185FB-88C0-4873-9D09-EDC56B441E53.jpeg?fit=300%2C200\" data-large-file=\"https:\/\/i0.wp.com\/blogdalucianaoliveira.com.br\/blog\/wp-content\/uploads\/2021\/01\/711185FB-88C0-4873-9D09-EDC56B441E53.jpeg?fit=600%2C400\" src=\"https:\/\/i0.wp.com\/blogdalucianaoliveira.com.br\/blog\/wp-content\/uploads\/2021\/01\/711185FB-88C0-4873-9D09-EDC56B441E53.jpeg?resize=600%2C400\" alt=\"\" class=\"wp-image-30593\" srcset=\"https:\/\/i0.wp.com\/blogdalucianaoliveira.com.br\/blog\/wp-content\/uploads\/2021\/01\/711185FB-88C0-4873-9D09-EDC56B441E53.jpeg?w=678 678w, https:\/\/i0.wp.com\/blogdalucianaoliveira.com.br\/blog\/wp-content\/uploads\/2021\/01\/711185FB-88C0-4873-9D09-EDC56B441E53.jpeg?resize=300%2C200 300w, https:\/\/i0.wp.com\/blogdalucianaoliveira.com.br\/blog\/wp-content\/uploads\/2021\/01\/711185FB-88C0-4873-9D09-EDC56B441E53.jpeg?resize=450%2C300 450w\" sizes=\"auto, (max-width: 600px) 100vw, 600px\" \/><\/figure>\n\n\n\n<p>O Cafezinho &#8211; Nesta ter\u00e7a-feira, 12, o IBGE divulgou o \u00cdndice Nacional de Pre\u00e7os ao Consumidor Amplo (IPCA) que mostra alta de 4,52% na infla\u00e7\u00e3o em 2020.<\/p>\n\n\n\n<!--more-->\n\n\n\n<p>O levantamento tamb\u00e9m mostra que o indicador de Dezembro saltou para 1,35%, \u00e9 a maior alta desde fevereiro de 2003 (1,57%) e a maior para um m\u00eas de dezembro desde 2002 (2,10%).<\/p>\n\n\n\n<figure class=\"wp-block-image\"><img data-recalc-dims=\"1\" decoding=\"async\" src=\"https:\/\/i0.wp.com\/www.ocafezinho.com\/wp-content\/uploads\/2021\/01\/img-20210114-wa0046.jpg?w=600&#038;ssl=1\" alt=\"\" class=\"wp-image-119327\"\/><figcaption>Fonte: IBGE<\/figcaption><\/figure>\n\n\n\n<p>Ainda segundo o IBGE, a alta de 14,09% nos pre\u00e7os de alimentos e bebidas foi o que pesou na economia real do povo brasileiro.<\/p>\n\n\n\n<figure class=\"wp-block-image\"><img data-recalc-dims=\"1\" decoding=\"async\" src=\"https:\/\/i0.wp.com\/www.ocafezinho.com\/wp-content\/uploads\/2021\/01\/img-20210114-wa0045.jpg?w=600&#038;ssl=1\" alt=\"\" class=\"wp-image-119326\"\/><figcaption>Fonte: IBGE<\/figcaption><\/figure>\n\n\n\n<p>De acordo com o coordenador da pesquisa, Pedro Kislanov, \u201ca infla\u00e7\u00e3o tamb\u00e9m foi puxada pela habita\u00e7\u00e3o (5,25%), cuja alta foi influenciada pelo aumento da energia el\u00e9trica (9,14%). Os artigos de resid\u00eancia tamb\u00e9m pesaram mais, por conta do efeito d\u00f3lar sobre os pre\u00e7os dos eletrodom\u00e9sticos, equipamentos e artigos de TV, som e inform\u00e1tica\u201d.<\/p>\n\n\n\n<p>Outro insumo que pesou no bolso dos brasileiros foi a energia el\u00e9trica. Em 2020, o aumento acumulado foi de 9,14%. J\u00e1 no m\u00eas de dezembro o impacto foi de 9,34%.<\/p>\n\n\n\n<figure class=\"wp-block-image size-large\"><img data-recalc-dims=\"1\" loading=\"lazy\" decoding=\"async\" width=\"600\" height=\"420\" data-attachment-id=\"30594\" data-permalink=\"http:\/\/blogdalucianaoliveira.com.br\/blog\/2021\/01\/14\/inflacao-explode-em-dezembro-e-registra-maior-alta-desde-2016\/image-3-21\/\" data-orig-file=\"https:\/\/i0.wp.com\/blogdalucianaoliveira.com.br\/blog\/wp-content\/uploads\/2021\/01\/image-3.jpeg?fit=1024%2C716\" data-orig-size=\"1024,716\" data-comments-opened=\"0\" data-image-meta=\"{&quot;aperture&quot;:&quot;0&quot;,&quot;credit&quot;:&quot;&quot;,&quot;camera&quot;:&quot;&quot;,&quot;caption&quot;:&quot;&quot;,&quot;created_timestamp&quot;:&quot;0&quot;,&quot;copyright&quot;:&quot;&quot;,&quot;focal_length&quot;:&quot;0&quot;,&quot;iso&quot;:&quot;0&quot;,&quot;shutter_speed&quot;:&quot;0&quot;,&quot;title&quot;:&quot;&quot;,&quot;orientation&quot;:&quot;0&quot;}\" data-image-title=\"image-3\" data-image-description=\"\" data-image-caption=\"\" data-medium-file=\"https:\/\/i0.wp.com\/blogdalucianaoliveira.com.br\/blog\/wp-content\/uploads\/2021\/01\/image-3.jpeg?fit=300%2C210\" data-large-file=\"https:\/\/i0.wp.com\/blogdalucianaoliveira.com.br\/blog\/wp-content\/uploads\/2021\/01\/image-3.jpeg?fit=600%2C420\" src=\"https:\/\/i0.wp.com\/blogdalucianaoliveira.com.br\/blog\/wp-content\/uploads\/2021\/01\/image-3.jpeg?resize=600%2C420\" alt=\"\" class=\"wp-image-30594\" srcset=\"https:\/\/i0.wp.com\/blogdalucianaoliveira.com.br\/blog\/wp-content\/uploads\/2021\/01\/image-3.jpeg?w=1024 1024w, https:\/\/i0.wp.com\/blogdalucianaoliveira.com.br\/blog\/wp-content\/uploads\/2021\/01\/image-3.jpeg?resize=300%2C210 300w, https:\/\/i0.wp.com\/blogdalucianaoliveira.com.br\/blog\/wp-content\/uploads\/2021\/01\/image-3.jpeg?resize=768%2C537 768w, https:\/\/i0.wp.com\/blogdalucianaoliveira.com.br\/blog\/wp-content\/uploads\/2021\/01\/image-3.jpeg?resize=429%2C300 429w\" sizes=\"auto, (max-width: 600px) 100vw, 600px\" \/><\/figure>\n","protected":false},"excerpt":{"rendered":"<p>O Cafezinho &#8211; Nesta ter\u00e7a-feira, 12, o IBGE divulgou o \u00cdndice Nacional de Pre\u00e7os ao Consumidor Amplo (IPCA) que mostra alta de 4,52% na infla\u00e7\u00e3o em 2020.<\/p>\n","protected":false},"author":1,"featured_media":0,"comment_status":"closed","ping_status":"open","sticky":false,"template":"","format":"standard","meta":{"_exactmetrics_skip_tracking":false,"_exactmetrics_sitenote_active":false,"_exactmetrics_sitenote_note":"","_exactmetrics_sitenote_category":0,"jetpack_post_was_ever_published":false,"_jetpack_newsletter_access":"","_jetpack_dont_email_post_to_subs":false,"_jetpack_newsletter_tier_id":0,"_jetpack_memberships_contains_paywalled_content":false,"_jetpack_memberships_contains_paid_content":false,"footnotes":"","jetpack_publicize_message":"","jetpack_publicize_feature_enabled":true,"jetpack_social_post_already_shared":true,"jetpack_social_options":{"image_generator_settings":{"template":"highway","enabled":false},"version":2}},"categories":[1],"tags":[],"class_list":["post-30592","post","type-post","status-publish","format-standard","hentry","category-notas"],"jetpack_publicize_connections":[],"jetpack_sharing_enabled":true,"jetpack_featured_media_url":"","jetpack_shortlink":"https:\/\/wp.me\/p7wKYW-7Xq","jetpack-related-posts":[],"_links":{"self":[{"href":"http:\/\/blogdalucianaoliveira.com.br\/blog\/wp-json\/wp\/v2\/posts\/30592","targetHints":{"allow":["GET"]}}],"collection":[{"href":"http:\/\/blogdalucianaoliveira.com.br\/blog\/wp-json\/wp\/v2\/posts"}],"about":[{"href":"http:\/\/blogdalucianaoliveira.com.br\/blog\/wp-json\/wp\/v2\/types\/post"}],"author":[{"embeddable":true,"href":"http:\/\/blogdalucianaoliveira.com.br\/blog\/wp-json\/wp\/v2\/users\/1"}],"replies":[{"embeddable":true,"href":"http:\/\/blogdalucianaoliveira.com.br\/blog\/wp-json\/wp\/v2\/comments?post=30592"}],"version-history":[{"count":1,"href":"http:\/\/blogdalucianaoliveira.com.br\/blog\/wp-json\/wp\/v2\/posts\/30592\/revisions"}],"predecessor-version":[{"id":30595,"href":"http:\/\/blogdalucianaoliveira.com.br\/blog\/wp-json\/wp\/v2\/posts\/30592\/revisions\/30595"}],"wp:attachment":[{"href":"http:\/\/blogdalucianaoliveira.com.br\/blog\/wp-json\/wp\/v2\/media?parent=30592"}],"wp:term":[{"taxonomy":"category","embeddable":true,"href":"http:\/\/blogdalucianaoliveira.com.br\/blog\/wp-json\/wp\/v2\/categories?post=30592"},{"taxonomy":"post_tag","embeddable":true,"href":"http:\/\/blogdalucianaoliveira.com.br\/blog\/wp-json\/wp\/v2\/tags?post=30592"}],"curies":[{"name":"wp","href":"https:\/\/api.w.org\/{rel}","templated":true}]}}