{"id":30600,"date":"2021-01-14T13:35:36","date_gmt":"2021-01-14T17:35:36","guid":{"rendered":"http:\/\/blogdalucianaoliveira.com.br\/blog\/?p=30600"},"modified":"2021-01-14T13:38:55","modified_gmt":"2021-01-14T17:38:55","slug":"opus-dei-a-herdeira-investigada","status":"publish","type":"post","link":"http:\/\/blogdalucianaoliveira.com.br\/blog\/2021\/01\/14\/opus-dei-a-herdeira-investigada\/","title":{"rendered":"Opus Dei, a herdeira investigada"},"content":{"rendered":"\n<figure class=\"wp-block-image size-large\"><img loading=\"lazy\" decoding=\"async\" width=\"1600\" height=\"900\" data-attachment-id=\"30601\" data-permalink=\"http:\/\/blogdalucianaoliveira.com.br\/blog\/2021\/01\/14\/opus-dei-a-herdeira-investigada\/fbe98dfc-cc10-4b7f-b358-10a386bed411\/\" data-orig-file=\"https:\/\/i0.wp.com\/blogdalucianaoliveira.com.br\/blog\/wp-content\/uploads\/2021\/01\/FBE98DFC-CC10-4B7F-B358-10A386BED411.jpeg?fit=1600%2C900\" data-orig-size=\"1600,900\" data-comments-opened=\"0\" data-image-meta=\"{&quot;aperture&quot;:&quot;0&quot;,&quot;credit&quot;:&quot;&quot;,&quot;camera&quot;:&quot;&quot;,&quot;caption&quot;:&quot;&quot;,&quot;created_timestamp&quot;:&quot;0&quot;,&quot;copyright&quot;:&quot;&quot;,&quot;focal_length&quot;:&quot;0&quot;,&quot;iso&quot;:&quot;0&quot;,&quot;shutter_speed&quot;:&quot;0&quot;,&quot;title&quot;:&quot;&quot;,&quot;orientation&quot;:&quot;0&quot;}\" data-image-title=\"FBE98DFC-CC10-4B7F-B358-10A386BED411\" data-image-description=\"\" data-image-caption=\"\" data-medium-file=\"https:\/\/i0.wp.com\/blogdalucianaoliveira.com.br\/blog\/wp-content\/uploads\/2021\/01\/FBE98DFC-CC10-4B7F-B358-10A386BED411.jpeg?fit=300%2C169\" data-large-file=\"https:\/\/i0.wp.com\/blogdalucianaoliveira.com.br\/blog\/wp-content\/uploads\/2021\/01\/FBE98DFC-CC10-4B7F-B358-10A386BED411.jpeg?fit=600%2C338\" src=\"https:\/\/i0.wp.com\/blogdalucianaoliveira.com.br\/blog\/wp-content\/uploads\/2021\/01\/FBE98DFC-CC10-4B7F-B358-10A386BED411.jpeg?fit=600%2C338\" alt=\"\" class=\"wp-image-30601\" srcset=\"https:\/\/i0.wp.com\/blogdalucianaoliveira.com.br\/blog\/wp-content\/uploads\/2021\/01\/FBE98DFC-CC10-4B7F-B358-10A386BED411.jpeg?w=1600 1600w, https:\/\/i0.wp.com\/blogdalucianaoliveira.com.br\/blog\/wp-content\/uploads\/2021\/01\/FBE98DFC-CC10-4B7F-B358-10A386BED411.jpeg?resize=300%2C169 300w, https:\/\/i0.wp.com\/blogdalucianaoliveira.com.br\/blog\/wp-content\/uploads\/2021\/01\/FBE98DFC-CC10-4B7F-B358-10A386BED411.jpeg?resize=1024%2C576 1024w, https:\/\/i0.wp.com\/blogdalucianaoliveira.com.br\/blog\/wp-content\/uploads\/2021\/01\/FBE98DFC-CC10-4B7F-B358-10A386BED411.jpeg?resize=768%2C432 768w, https:\/\/i0.wp.com\/blogdalucianaoliveira.com.br\/blog\/wp-content\/uploads\/2021\/01\/FBE98DFC-CC10-4B7F-B358-10A386BED411.jpeg?resize=1536%2C864 1536w, https:\/\/i0.wp.com\/blogdalucianaoliveira.com.br\/blog\/wp-content\/uploads\/2021\/01\/FBE98DFC-CC10-4B7F-B358-10A386BED411.jpeg?resize=533%2C300 533w, https:\/\/i0.wp.com\/blogdalucianaoliveira.com.br\/blog\/wp-content\/uploads\/2021\/01\/FBE98DFC-CC10-4B7F-B358-10A386BED411.jpeg?w=1200 1200w\" sizes=\"auto, (max-width: 600px) 100vw, 600px\" \/><\/figure>\n\n\n\n<p>A ordem enfrenta atualmente processos judiciais no Uruguai e na Argentina em que os requerentes a acusam de press\u00f5es indevidas e m\u00e9todos abusivos para ficar com a heran\u00e7a de idosos. <br><\/p>\n\n\n\n<!--more-->\n\n\n\n<p><strong>A P\u00fablica<\/strong>, por Paula Bistagnino<\/p>\n\n\n\n<p>Em 16 de outubro de 2008, o telefone tocou na casa de Mar\u00eda Elena Abazo, na cidade de Buenos Aires. Seu tio, Francisco Noreiko, de 81 anos, havia capotado a caminhonete enquanto dirigia pela rota 11 na cidade de Salta, na Argentina, at\u00e9 sua fazenda em La Caldera. Quando a fam\u00edlia recebeu a not\u00edcia, j\u00e1 haviam se passado 15 dias desde o acidente. Francisco estava parapl\u00e9gico e imobilizado devido a fraturas na coluna e n\u00e3o conseguia falar.<\/p>\n\n\n\n<p>Nem Mar\u00eda Elena nem sua m\u00e3e, Yanina Norekaite \u2013 irm\u00e3 do acidentado \u2013, conheciam o homem que deu a not\u00edcia. Ele se apresentou como um amigo, disse se chamar Alfredo Montanaro e contou que tinha sido testemunha do acidente. O que n\u00e3o disse foi que, enquanto permanecia internado no hospital e poucos dias antes de falecer, Noreiko havia assinado uma procura\u00e7\u00e3o de amplos poderes para a administra\u00e7\u00e3o de todas as suas contas e bens em nome dos membros do Opus Dei Mat\u00edas Amat Lacroix e Mariano Busaniche Iturrasp e que seus seis im\u00f3veis e terras tinham sido doados \u00e0 Asociaci\u00f3n Cultural del Norte (ACN), uma associa\u00e7\u00e3o civil ligada ao Opus Dei.&nbsp;<\/p>\n\n\n\n<p>O escriv\u00e3o Carlos A. Baldi, que produziu a procura\u00e7\u00e3o e as declara\u00e7\u00f5es de doa\u00e7\u00e3o, disse depois: \u201c[o documento foi entregue] com a impress\u00e3o digital do dedo polegar direito do sr. Noreiko e a assinatura de pessoas que estavam no hospital como testemunhas [\u2026]. N\u00e3o sei se o signat\u00e1rio pediu ou se uma das testemunhas levantou a m\u00e3o dele e a colocou nas folhas da escritura, n\u00e3o lembro especificamente, mas foi um deles\u201d.<\/p>\n\n\n\n<p>\u201cFoi assim que come\u00e7ou o pesadelo da nossa fam\u00edlia contra o Opus Dei, que j\u00e1 dura mais de 11 anos\u201d, conta Sebasti\u00e1n Rizzo, sobrinho-neto de Noreiko, \u00e0&nbsp;<a href=\"https:\/\/www.connectas.org\/especiales\/causas-judiciales-que-enfrenta-el-opus-dei\/\" target=\"_blank\" rel=\"noreferrer noopener\">reportagem<\/a>, produzida pela revista&nbsp;<em>Anfibia<\/em>&nbsp;em parceria com a plataforma latino-americana de jornalismo&nbsp;<a href=\"https:\/\/www.connectas.org\/\" target=\"_blank\" rel=\"noreferrer noopener\">Connectas<\/a>.&nbsp;<\/p>\n\n\n\n<p>Desde 2009, a fam\u00edlia empreende uma batalha judicial para pedir a \u201cnulidade\u201d das declara\u00e7\u00f5es de doa\u00e7\u00e3o e a investiga\u00e7\u00e3o de uma poss\u00edvel fraude. Os familiares escreveram uma carta detalhando os acontecimentos, que entregaram na sede principal do Opus Dei na Argentina e fizeram chegar at\u00e9 o atual papa Jorge Mario Bergoglio quando este ainda era cardeal na cidade de Buenos Aires. Na carta, denunciavam suas suspeitas sobre o Opus Dei.<\/p>\n\n\n\n<p>Al\u00e9m das pessoas envolvidas na assinatura dos documentos, a fam\u00edlia apresenta queixas contra a Prelatura da Santa Cruz e o Opus Dei e contra o arcebispo de Salta, monsenhor Mario Cargnello, \u201cque deve responder pelo Opus Dei, uma de suas organiza\u00e7\u00f5es, assim como pelos atos de seus integrantes\u201d, afirma o advogado da fam\u00edlia, Jos\u00e9 Fernando Chamorro, que est\u00e1 h\u00e1 11 de seus 79 anos nesse caso.<\/p>\n\n\n\n<figure class=\"wp-block-image\"><img data-recalc-dims=\"1\" decoding=\"async\" src=\"https:\/\/i0.wp.com\/apublica.org\/wp-content\/uploads\/2021\/01\/opus-dei-a-herdeira-investigada-img3.jpg?w=600&#038;ssl=1\" alt=\"\" class=\"wp-image-78562\"\/><\/figure>\n\n\n\n<p>A Asociaci\u00f3n Cultural del Norte n\u00e3o d\u00e1 explica\u00e7\u00f5es. Seu membro Mat\u00edas Amat Lacroix responde \u00e0s liga\u00e7\u00f5es no telefone da organiza\u00e7\u00e3o, mas diz que n\u00e3o quer falar sobre o caso, que tudo aconteceu h\u00e1 muito tempo e que \u00e9 o advogado Carlos Cornejo quem sabe. Este n\u00e3o atende as liga\u00e7\u00f5es nem responde \u00e0s mensagens.&nbsp;<\/p>\n\n\n\n<p>Na Justi\u00e7a de Salta, uma pessoa consultada que n\u00e3o quis se pronunciar oficialmente informou que ningu\u00e9m falaria sobre o caso em nome da institui\u00e7\u00e3o. \u201cEsse caso tem todas as provas necess\u00e1rias e todas as travas que se possa imaginar: [pessoas envolvidas] n\u00e3o se apresentaram para prestar depoimento, depois se negaram a depor e tr\u00eas vezes em que deviam depor a luz foi cortada, partes do expediente foram perdidas algumas vezes e o caso foi mudado de juizado tr\u00eas vezes\u201d, diz Chamorro.<\/p>\n\n\n\n<p>O Opus Dei enfrenta processo similar envolvendo os sobrinhos de uma mulher milion\u00e1ria. Mar\u00eda Luisa Gianoli tem 85 anos, nenhum filho e um patrim\u00f4nio declarado em cerca de US$ 20 milh\u00f5es, mas estimado em cinco vezes mais.<\/p>\n\n\n\n<p>Ela passou por v\u00e1rias interna\u00e7\u00f5es psiqui\u00e1tricas ao longo da vida e est\u00e1 h\u00e1 pelo menos uma d\u00e9cada internada em uma cl\u00ednica especializada em Montevid\u00e9u, no Uruguai, por decl\u00ednio cognitivo. Quando morrer, a maior parte de sua fortuna ir\u00e1 para a Asociaci\u00f3n Cultural y T\u00e9cnica, umas das principais associa\u00e7\u00f5es civis ligadas ao Opus Dei no pa\u00eds.<\/p>\n\n\n\n<p>Atualmente, um grupo de sobrinhos de Mar\u00eda Luisa, da fam\u00edlia Gatica Gianoli, encabe\u00e7ou uma den\u00fancia contra uma outra tia, Elina Gianoli, membro do Opus Dei e a quem acusam perante a Justi\u00e7a uruguaia de manipular a irm\u00e3, incapacitada pela sua condi\u00e7\u00e3o mental, para que ela deixasse sua fortuna para a ordem.<\/p>\n\n\n\n<p>Os sobrinhos afirmam que sua m\u00e3e, Carmen Gianoli (j\u00e1 falecida), deveria ter recebido parte da fortuna da fam\u00edlia, iniciada pelo av\u00f4 Cirilo Gianoli h\u00e1 um s\u00e9culo, no Chile, com funda\u00e7\u00e3o da empresa Molibdenos y Metales (Molymet), a principal processadora de molibd\u00eanio do mundo at\u00e9 hoje.<\/p>\n\n\n\n<p>\u201cO Opus Dei faz parte da nossa vida desde que nascemos\u201d, conta Felipe Gatica Gianoli, um dos mais jovens entre os sobrinhos que reivindicam a heran\u00e7a. \u201cNossa casa em Santiago, onde crescemos, foi a primeira casa de mulheres da Obra no Chile, porque nossa av\u00f3 deu in\u00edcio \u00e0 ramifica\u00e7\u00e3o feminina do Opus Dei l\u00e1, e depois tamb\u00e9m em Montevid\u00e9u.\u201d<\/p>\n\n\n\n<p>\u201cA tia Mar\u00eda Luisa sempre esteve doente. E quando nossa av\u00f3, que era quem cuidava dela, morreu, a tia Elina foi quem se encarregou de tudo e administrou seu patrim\u00f4nio. N\u00f3s todos sab\u00edamos que ela era incapaz, como consta no hist\u00f3rico cl\u00ednico dela\u201d, completa Tom\u00e1s Gatica Gianoli, outro dos irm\u00e3os.<\/p>\n\n\n\n<p>Em 2009, Elina e seus outros irm\u00e3os solicitaram a interdi\u00e7\u00e3o de Mar\u00eda Luisa Gianoli, com um diagn\u00f3stico de psicose esquizofr\u00eanica desde sua juventude, e Elina foi nomeada sua tutora em 2010.<\/p>\n\n\n\n<p>Em 2016, com a publica\u00e7\u00e3o da segunda edi\u00e7\u00e3o do livro&nbsp;<em>O imp\u00e9rio&nbsp;<\/em><em>do<\/em><em>&nbsp;Opus Dei no Chile<\/em>, da jornalista chilena Mar\u00eda Olivia M\u00f6nckeberg, os sobrinhos ficaram sabendo n\u00e3o s\u00f3 que a fortuna da fam\u00edlia era muito maior, mas tamb\u00e9m que o quebra-cabe\u00e7as de empresas e movimenta\u00e7\u00f5es financeiras era permeado de membros no Chile e no Uruguai, e que boa parte do dinheiro j\u00e1 tinha ido parar nas m\u00e3os da Obra por meio de diversas doa\u00e7\u00f5es.&nbsp;<\/p>\n\n\n\n<p>Os sobrinhos alegam que pelo menos oito das mais de 14 doa\u00e7\u00f5es milion\u00e1rias feitas por Mar\u00eda Luisa Gianoli nos \u00faltimos anos a institui\u00e7\u00f5es associadas ao Opus Dei foram feitas enquanto ela estava internada em uma institui\u00e7\u00e3o psiqui\u00e1trica.<\/p>\n\n\n\n<p>Em dezembro de 2017, a justi\u00e7a uruguaia exonerou Elina e nomeou um tutor interino, que est\u00e1 revisando todas as contas de Mar\u00eda Luisa para reconstituir seu patrim\u00f4nio original. No entanto, o processo pela defini\u00e7\u00e3o de sua heran\u00e7a continua em andamento (para saber mais sobre essa hist\u00f3ria,&nbsp;<a href=\"https:\/\/www.connectas.org\/especiales\/causas-judiciales-que-enfrenta-el-opus-dei\/#cap1\" target=\"_blank\" rel=\"noreferrer noopener\">clique aqui<\/a>).<\/p>\n\n\n\n<p>Em 2019, os irm\u00e3os Gatica Gianoli conseguiram uma audi\u00eancia com o Opus Dei. Eles foram recebidos pelo sacerdote Fabricio Melchiori, vic\u00e1rio delegado para Buenos Aires, na presen\u00e7a dos advogados.<\/p>\n\n\n\n<p>\u201cEste \u00e9 um assunto familiar. O Opus Dei n\u00e3o se responsabiliza pelo que seus membros fazem\u201d, respondeu a eles o vic\u00e1rio Melchiori. Foi o mesmo que disseram \u00e0 fam\u00edlia de Francisco Noreiko.<\/p>\n\n\n\n<p>Ainda que sejam os \u00fanicos processos judiciais, n\u00e3o s\u00e3o os \u00fanicos casos em que foi questionada a forma como institui\u00e7\u00f5es do Opus Dei acabam herdando patrim\u00f4nios.<\/p>\n\n\n\n<p>Gustavo, ex-membro que atualmente \u00e9 um reconhecido advogado em Buenos Aires, relata que \u201chavia um sacerdote que identificava pessoas idosas com dinheiro e sem herdeiros entre os colaboradores, especialmente entre as colaboradoras. E ent\u00e3o nos mandavam fazer visitas a elas, tomar um ch\u00e1. N\u00f3s as acompanh\u00e1vamos em sua velhice e as convenc\u00edamos de que o melhor era deixar suas propriedades para a Igreja\u201d.<\/p>\n\n\n\n<p>Gustavo \u00e9 um dos autores do documento \u201cAspectos cr\u00edticos da pr\u00e1xis do Opus Dei\u201d, que, assinado por uma dezena de ex-membros argentinos em 2014, foi entregue tamb\u00e9m \u00e0s maiores autoridades da Igreja em Buenos Aires e ao papa Francisco.<\/p>\n\n\n\n<p>Tamb\u00e9m s\u00e3o numerosos os relatos de ex-membros que afirmam que, assim que entram no Opus Dei, as pessoas devem assinar um testamento em favor de alguma associa\u00e7\u00e3o da Obra.<\/p>\n\n\n\n<p>Lucrecia, que pediu para ser identificada com um pseud\u00f4nimo nesta reportagem, relata que foi pressionada a deixar a terra da fam\u00edlia para a Obra. \u201cDiziam-me: \u2018Se voc\u00ea se casa, n\u00e3o deixaria sua heran\u00e7a para seu marido e seus filhos? Agora sua fam\u00edlia \u00e9 a Obra.&#8217;\u201d (<a href=\"https:\/\/www.connectas.org\/especiales\/causas-judiciales-que-enfrenta-el-opus-dei\/#cap3\" target=\"_blank\" rel=\"noreferrer noopener\">Leia a hist\u00f3ria de Lucrecia.<\/a>)<\/p>\n\n\n\n<p>Um relato similar \u00e9 feito por Mar\u00eda Cecilia \u2013 tamb\u00e9m um pseud\u00f4nimo \u2013, que recorda que, quando se tornou membro da ordem aos 21 anos, fizeram que ela escrevesse e assinasse um documento com a seguinte frase: \u201cEstabele\u00e7o como herdeiro universal sem limita\u00e7\u00e3o de qualquer g\u00eanero a Asociaci\u00f3n para el Fomento de la Cultura\u201d.<\/p>\n\n\n\n<p>Caso queira conhecer em profundidade mais hist\u00f3rias sobre as pol\u00eamicas em torno do Opus Dei, veja a investiga\u00e7\u00e3o completa&nbsp;<a href=\"https:\/\/www.connectas.org\/especiales\/causas-judiciales-que-enfrenta-el-opus-dei\/\" target=\"_blank\" rel=\"noreferrer noopener\">aqui<\/a>.<\/p>\n\n\n\n<figure class=\"wp-block-image\"><img data-recalc-dims=\"1\" decoding=\"async\" src=\"https:\/\/i0.wp.com\/apublica.org\/wp-content\/themes\/apublica3\/assets\/post_signature2.png?w=600&#038;ssl=1\" alt=\"\"\/><\/figure>\n\n\n\n<p>A reportagem tentou contatar o Opus Dei em diversas ocasi\u00f5es para ouvir sua vers\u00e3o sobre os processos judiciais, mas a ordem se negou a dar entrevista.&nbsp;&nbsp;<a href=\"https:\/\/aliados.apublica.org\/?utm_source=site&amp;utm_medium=rodape-materias&amp;utm_campaign=campanha-podcast-0820\">Quando voc\u00ea apoia a P\u00fablica, sua contribui\u00e7\u00e3o se transforma em jornalismo investigativo s\u00e9rio e corajoso, com impactos reais. R$ 10 por m\u00eas j\u00e1 fazem uma grande diferen\u00e7a. Nos ajude a revelar as injusti\u00e7as, abusos de poder e viola\u00e7\u00f5es de direitos que se agravam em meio \u00e0 pandemia.<\/a><a href=\"https:\/\/aliados.apublica.org\/?utm_source=site&amp;utm_medium=rodape-materias&amp;utm_campaign=campanha-podcast-0820\"><strong>Seja nosso Aliado<\/strong><\/a><\/p>\n","protected":false},"excerpt":{"rendered":"<p>A ordem enfrenta atualmente processos judiciais no Uruguai e na Argentina em que os requerentes a acusam de press\u00f5es indevidas e m\u00e9todos abusivos para ficar com a heran\u00e7a de idosos.<\/p>\n","protected":false},"author":1,"featured_media":0,"comment_status":"closed","ping_status":"open","sticky":false,"template":"","format":"standard","meta":{"_exactmetrics_skip_tracking":false,"_exactmetrics_sitenote_active":false,"_exactmetrics_sitenote_note":"","_exactmetrics_sitenote_category":0,"jetpack_post_was_ever_published":false,"_jetpack_newsletter_access":"","_jetpack_dont_email_post_to_subs":false,"_jetpack_newsletter_tier_id":0,"_jetpack_memberships_contains_paywalled_content":false,"_jetpack_memberships_contains_paid_content":false,"footnotes":"","jetpack_publicize_message":"","jetpack_publicize_feature_enabled":true,"jetpack_social_post_already_shared":true,"jetpack_social_options":{"image_generator_settings":{"template":"highway","enabled":false},"version":2}},"categories":[1],"tags":[],"class_list":["post-30600","post","type-post","status-publish","format-standard","hentry","category-notas"],"jetpack_publicize_connections":[],"jetpack_sharing_enabled":true,"jetpack_featured_media_url":"","jetpack_shortlink":"https:\/\/wp.me\/p7wKYW-7Xy","jetpack-related-posts":[],"_links":{"self":[{"href":"http:\/\/blogdalucianaoliveira.com.br\/blog\/wp-json\/wp\/v2\/posts\/30600","targetHints":{"allow":["GET"]}}],"collection":[{"href":"http:\/\/blogdalucianaoliveira.com.br\/blog\/wp-json\/wp\/v2\/posts"}],"about":[{"href":"http:\/\/blogdalucianaoliveira.com.br\/blog\/wp-json\/wp\/v2\/types\/post"}],"author":[{"embeddable":true,"href":"http:\/\/blogdalucianaoliveira.com.br\/blog\/wp-json\/wp\/v2\/users\/1"}],"replies":[{"embeddable":true,"href":"http:\/\/blogdalucianaoliveira.com.br\/blog\/wp-json\/wp\/v2\/comments?post=30600"}],"version-history":[{"count":2,"href":"http:\/\/blogdalucianaoliveira.com.br\/blog\/wp-json\/wp\/v2\/posts\/30600\/revisions"}],"predecessor-version":[{"id":30603,"href":"http:\/\/blogdalucianaoliveira.com.br\/blog\/wp-json\/wp\/v2\/posts\/30600\/revisions\/30603"}],"wp:attachment":[{"href":"http:\/\/blogdalucianaoliveira.com.br\/blog\/wp-json\/wp\/v2\/media?parent=30600"}],"wp:term":[{"taxonomy":"category","embeddable":true,"href":"http:\/\/blogdalucianaoliveira.com.br\/blog\/wp-json\/wp\/v2\/categories?post=30600"},{"taxonomy":"post_tag","embeddable":true,"href":"http:\/\/blogdalucianaoliveira.com.br\/blog\/wp-json\/wp\/v2\/tags?post=30600"}],"curies":[{"name":"wp","href":"https:\/\/api.w.org\/{rel}","templated":true}]}}